{"id":6444,"date":"2020-12-15T16:53:16","date_gmt":"2020-12-15T16:53:16","guid":{"rendered":"https:\/\/cdes.org.ec\/webantigua\/?p=6444"},"modified":"2021-07-27T15:43:03","modified_gmt":"2021-07-27T15:43:03","slug":"en-defensa-de-las-comunidades-indigenas-y-campesinas-frente-a-chevron-carta-abierta-al-presidente-de-ecuador","status":"publish","type":"post","link":"https:\/\/cdes.org.ec\/webantigua\/en-defensa-de-las-comunidades-indigenas-y-campesinas-frente-a-chevron-carta-abierta-al-presidente-de-ecuador\/","title":{"rendered":"EN DEFENSA DE LAS COMUNIDADES IND\u00cdGENAS Y CAMPESINAS FRENTE A CHEVRON: CARTA ABIERTA AL PRESIDENTE DE ECUADOR"},"content":{"rendered":"\r\n<p><strong><em>La Uni\u00f3n de Afectados y afectadas por las Operaciones de Texaco. UDAPT, recibe el apoyo de m\u00e1s de 240 colectivos sociales de todo el mundo, que representan a m\u00e1s de 285 millones de personas, quienes exhortan al Gobierno del Ecuador a presentar el recurso de apelaci\u00f3n, ante el superior en el sistema judicial interno Holand\u00e9s.<\/em><\/strong><\/p>\r\n\r\n\r\n\r\n<p style=\"text-align: right;\">11 de diciembre de 2020<\/p>\r\n<p>El 16 de diciembre 2020 vence el plazo para que el Estado Ecuatoriano rechace o acepte una sentencia de un tribunal Holand\u00e9s, que tiene que ver con la acci\u00f3n de nulidad del laudo arbitral emitido por un panel\u00a0de\u00a0privado internacional con sede en los Pa\u00edses Bajos, a favor de Chevron. Esta acci\u00f3n ordena al Ecuador a dejar sin efecto la sentencia ratificada por todas las instancias judiciales de Ecuador y a impedir que las comunidades ind\u00edgenas y campesinas afectadas por las operaciones petroleras de la trasnacional puedan ejecutar la sentencia ecuatoriana para la reparaci\u00f3n de los da\u00f1os causados en la regi\u00f3n amaz\u00f3nica de Ecuador. Si el Estado Ecuatoriano acepta la sentencia holandesa deber\u00eda indemnizar Chevron con una suma multimillonaria, por los \u00abda\u00f1os provocados a su imagen y los costos por los a\u00f1os de juicio en su contra\u00bb, Adem\u00e1s deber\u00eda interceder ante otras cortes para impedir que los demandantes de ChevronTexaco puedan presentar demandas en su contra en otros pa\u00edses. Si el gobierno del Ecuador no apela esta decisi\u00f3n, el laudo arbitral queda en firme, a pesar de que en mayo 2019,\u00a0<a href=\"https:\/\/www.stopcorporateimpunity.org\/wp-content\/uploads\/2019\/05\/Carta_Ecuador_DEF_Cast-1.pdf\">m\u00e1s de 260 organizaciones<\/a>\u00a0y redes sociales representando m\u00e1s de 280 millones de miembros en los cinco continentes hab\u00edan denunciado esta decisi\u00f3n como ilegal y anticonstitucional. Ese veredicto terminar\u00eda con la esperanza de justicia por parte de los afectados y consolidar\u00eda el sistema\u00a0<a href=\"https:\/\/stopisds.org\/es\/\">ISDS<\/a>\u00a0(Investor-state dispute settlement) poniendo en peligro el estado de derecho.<\/p>\r\n<p>Hace 27 a\u00f1os las comunidades que habitan en las provincias de Orellana y Sucumb\u00edos, iniciaron un proceso contra la transnacional petrolera Texaco (ahora ChevronTexaco) por los da\u00f1os culturales, de salud y medioambientales que la transnacional provoc\u00f3 mientras operaba en Ecuador. Tras un prolongado juicio, la justicia Ecuatoriana fall\u00f3 en favor de los habitantes de la Amazon\u00eda, agrupados en la Uni\u00f3n de Afectados\/Afectadas por las operaciones petroleras de Texaco (UDAPT). Chevron ha recurrido a todo tipo de maniobras dentro y fuera de Ecuador para evadir su responsabilidad. La m\u00e1s reciente fue la acci\u00f3n de nulidad que Ecuador plante\u00f3 ante la justicia Holandesa, sin tener \u00e9xito en primera instancia. Sin embargo, Ecuador tiene el derecho de apelar esa decisi\u00f3n e incluso ir hasta la Corte Suprema de Holanda. La UDAPT entreg\u00f3\u00a0<a href=\"http:\/\/www.udapt.org\/ecuador-debe-apelar-ante-corte-holandesa-exigen-al-procurador-que-defienda-al-pais\/\">una carta<\/a>\u00a0a la procuradur\u00eda en ese sentido. Sin embargo El gobierno del Ecuador a\u00fan no ha mostrado ninguna intenci\u00f3n de apelar.<\/p>\r\n<p>Si el gobierno de Ecuador se subordina a las \u00f3rdenes del tribunal arbitral y de la justicia Holandesa, su decisi\u00f3n tendr\u00eda graves y nefastas consecuencias. En primer lugar, jur\u00eddicamente se aniquilar\u00eda la lucha de m\u00e1s de 30 mil habitantes amaz\u00f3nicos para obtener justicia ya que el multicitado tribunal pide que las demandas contra la petrolera sean presentadas \u00aba t\u00edtulo individual\u00bb, Es de imaginar que las v\u00edctimas de la transnacional nunca lograr\u00edan que se les hiciera justicia.<\/p>\r\n<p>En el caso de no apelar la sentencia del tribunal holand\u00e9s antes del 16 de diciembre, el gobierno de Ecuador estar\u00eda cediendo su soberan\u00eda como Estado en favor de un sistema de justicia privada internacional, es decir violar\u00eda de manera flagrante la Constituci\u00f3n del Ecuador. Adem\u00e1s, estar\u00eda ayudando a blindar los derechos de Texaco, reforzar\u00eda la impunidad de las corporaciones y permitir\u00eda que aumenten las presiones y amenazas contra los demandantes, como ha sucedido a lo largo de estos a\u00f1os. En cuanto a la Corte de los Pa\u00edses Bajos, hay que subrayar que si no cambia su actitud, se hace c\u00f3mplice de la violaci\u00f3n de los derechos humanos de los pueblos ind\u00edgenas, y del\u00a0<a href=\"https:\/\/www.opendemocracy.net\/es\/democraciaabierta-es\/chevron-vs-ecuador-arbitraje-internacional-e-impunidad-corporativa\/\">fortalecimiento de la impunidad corporativa trav\u00e9s de un laudo arbitral<\/a>\u00a0que implica que los estados violen sus propias constituciones. Por tanto, la decisi\u00f3n ser\u00eda inaplicable por el gobierno ecuatoriano sin violar su constituci\u00f3n.<\/p>\r\n<p>Presidente Lenin Moreno, a\u00fan es tiempo para que su gobierno rechace la sentencia del tribunal holand\u00e9s y presente el recurso de apelaci\u00f3n. En este fin de a\u00f1o, usted y su gobierno tienen en sus manos la posibilidad de hacer justicia a las comunidades ind\u00edgenas y campesinas afectadas de Texaco y salvaguardar la soberan\u00eda de Ecuador. Le instamos a apelar la sentencia holandesa para no sentar un precedente en favor de la impunidad corporativa en el mundo y de no cerrar la puerta a la esperanza de las comunidades ecuatorianas en su larga batalla por la justicia y la reparaci\u00f3n.<\/p>\r\n<h6 class=\"entry-title post-title\">DESCARGUE LA CARTA Y NOTA DE PRENSA EN VERSI\u00d3N PDF: <a href=\"https:\/\/bit.ly\/3r33jYQ\">https:\/\/bit.ly\/3r33jYQ<\/a><\/h6>\r\n<p>\u00a0<\/p>\r\n\r\n\r\n\r\n<div class=\"wp-block-group\"><div class=\"wp-block-group__inner-container is-layout-flow wp-block-group-is-layout-flow\">\r\n<div class=\"wp-block-columns is-layout-flex wp-container-core-columns-is-layout-9d6595d7 wp-block-columns-is-layout-flex\">\r\n<div class=\"wp-block-column is-layout-flow wp-block-column-is-layout-flow\">\r\n<p><strong>Firman:<\/strong><\/p>\r\n\r\n\r\n\r\n<p><strong>International Level<\/strong><\/p>\r\n\r\n\r\n\r\n<p>Asociaci\u00f3n Internacional de Juristas Dem\u00f3cratas<br>CADTM International<br>Corporate Accountability<br>FIAN International<br>FIDH \u2013 International Federation for Human Rights<br>FOEI \u2013 Friends of the Earth International<br>Global Atlas of Environmental conflicts EJATLAS<br>Global Campaign to Reclaim Peoples Sovereignty, Dismantle Corporate Power and Stop Impunity.<br>Global Forest Coalition<br>ICID \u2013 Iniciativas de Cooperaci\u00f3n Internacional para el Desarrollo<br>La Via Campesina<br>Oilwatch International<br>PSI- Public Services International<br>TNI \u2013 Transnational Institute<\/p>\r\n\r\n\r\n\r\n<p><strong>Regional level<\/strong><\/p>\r\n\r\n\r\n\r\n<p>Asociaci\u00f3n Americana de Juristas<br>Amigos de la Tierra Am\u00e9rica Latina y el Caribe -ATALC.<br>CADTM \u2013 AYNA \u2013 Comit\u00e9 para la Abolici\u00f3n de las Deudas Ileg\u00edtimas \u2013 Abya Yala\/Nuestra Am\u00e9rica<br>COICA \u2013 Coordinadora de las Organizaciones Ind\u00edgenas de la Cuenca Amaz\u00f3nica<br>CSA \u2013 Confederaci\u00f3n Sindical de trabajadoras\/es de las Am\u00e9ricas<br>ECCHR \u2013 European Center for Constitutional and Human Rights<br>ECVC \u2013 European Coordination La Via Campesina<br>EEB \u2013 European Environmental Bureau<br>European Alliance for the Self-Determination of Indigenous Peoples.<br>North American Indian Center of Boston<br>OCMAL \u2013 Observatorio de Conflictos Mineros de Am\u00e9rica Latina<br>Oilwatch Africa<br>Platform of Filipino Migrant Organisations in Europe<br>PSI Americas \u2013 Internacional de Servicios P\u00fablicos Am\u00e9ricas<br>Rights Action<br>TMP-E \u2013 Transnational Migrant Platform-Europe<\/p>\r\n\r\n\r\n\r\n<p><strong>Argentina<\/strong><\/p>\r\n\r\n\r\n\r\n<p>Adolfo P\u00e9rez Esquivel, Premio Nobel de la Paz<br>Nora Corti\u00f1as, Mirta Baravalle y Elia Espen, Madres de Plaza de Mayo-L\u00ednea Fundadora<br>Acci\u00f3n por la diversidad<br>Amigos de la Tierra Argentina<br>Asociaci\u00f3n Argentina de Abogados ambientalistas<br>Asociaci\u00f3n Civil \u00c1rbol de Pie, Bariloche, R\u00edo Negro, Rep\u00fablica Argentina<br>ATTAC Argentina<br>Aukan Asamblea Ambiental del Sur<br>CADTM<br>CLATE Confederaci\u00f3n Latinoamericana y del Caribe de trabajadores estatales<br>Confederaci\u00f3n Mapuce de Neuqu\u00e9n<br>Corriente Nacional Emancipaci\u00f3n Sur<br>CTA Aut\u00f3noma \u2013 Central de Trabajadores de la Argentina Aut\u00f3noma- secci\u00f3n Capital Federal<br>Di\u00e1logo 2000<br>EJES \u2013 Enlace Por la Justicia Econ\u00f3mica y Socioambiental<br>FARN \u2013 Fundaci\u00f3n Ambiente y Recursos Naturales<br>Fundaci\u00f3n ECOSUR, Ecolog\u00eda, Cultura y Educaci\u00f3n desde los Pueblos del Sur.<br>Fundaci\u00f3n La Hendija de Prana, Unidad de Vinculaci\u00f3n Ecologista<br>Madres de Plaza de Mayo-L\u00ednea Fundadora<br>Marabunta, Corriente Social y Pol\u00edtica<br>Movimiento popular \/ Revolucionario<br>Multisectorial Antiextractivista<br>Multisectorial contra la Hidrofractura en Neuqu\u00e9n<br>OPSUR- Observatorio Petrolero Sur<br>Secretaria de Derechos Humanos de la Central de Trabajadores de la Argentina Aut\u00f3noma \u2013 Seccional Capital Federal<br>SERPAJ \u2013 Servicio Paz y Justicia<\/p>\r\n\r\n\r\n\r\n<p><strong>Austria<\/strong><br>Attac Austria<\/p>\r\n\r\n\r\n\r\n<p><strong>Belgium<\/strong><br>11.11.11- Umbrella organization of the Flemish North South Movement<br>Comit\u00e9 pour le respect des Droits Humains \u00ab Daniel GILLARD \u00bb<\/p>\r\n\r\n\r\n\r\n<p><strong>Bolivia<\/strong><br>Terra Justa<\/p>\r\n\r\n\r\n\r\n<p><strong>Bosnia y Herzegovina<\/strong><br>Friends of Earth Bosnia y Herzgovinia<\/p>\r\n\r\n\r\n\r\n<p><strong>Brazil<\/strong><br>Amigos da Terra Brasil<br>HOMA \u2013 Centro de Derechos Humanos y Empresas<br>MAB \u2013 Movimento dos Atingidos por Barragens<br>PACS \u2013 Instituto Pol\u00edticas Alternativas para o Cono Sul<\/p>\r\n\r\n\r\n\r\n<p><strong>Canada<\/strong><br>Blue Planet Project<br>CDHAL- Comit\u00e9 pour les Droits Humains en Am\u00e9rique Latine<br>Christian Peacemaker Teams<br>CISO \u2013 Centre international de solidarit\u00e9 ouvri\u00e8re<br>Council of Canadians<br>Inter Pares<br>KAIROS: Canadian Ecumenical Justice Initiatives<br>MiningWatch<br>Nobel Women\u2019s Initiative<br>United Steelworkers<\/p>\r\n\r\n\r\n\r\n<p><strong>Colombia<\/strong><br>Corporaci\u00f3n Ecol\u00f3gica y Cultural Penca de S\u00e1bila<br>Red Vida<\/p>\r\n\r\n\r\n\r\n<p><strong>Costa Rica<\/strong><br>COECOCeiba Amigos de la Tierra Costa Rica<\/p>\r\n\r\n\r\n\r\n<p><strong>Czech Republic<\/strong><br>Ekumenick\u00e1 akademie<\/p>\r\n\r\n\r\n\r\n<p><strong>Democratic Republic of Congo<\/strong><br>COPACO-PRP- Conf\u00e9d\u00e9ration Paysanne du Congo-Principal Regroupement des Paysans<\/p>\r\n\r\n\r\n\r\n<p><strong>Philipines<\/strong><br>WomanHealth<\/p>\r\n\r\n\r\n\r\n<p><strong>Poland<\/strong><br>IGO \u2013 Institute of global Responsibility<\/p>\r\n\r\n\r\n\r\n<p><strong>Portugal<\/strong><br>Plataforma por um Comercio Internacional Justo<\/p>\r\n\r\n\r\n\r\n<p><strong>Spain<\/strong><br>Asamblea Provincail Marchas de dignidad<br>Asociaci\u00f3n ELITE Taxis<br>Associaci\u00f3 Perif\u00e8ries del m\u00f3n<br>Attac Espa\u00f1a<br>CADTM Espa\u00f1a<br>Campanya Catalunya No als Tractats de Comer\u00e7 i Inversi\u00f3<br>CCOO \u2013 Confederaci\u00f3n Sindical de Comisiones Obreras<br>Coordinadora de ONG para el Desarrollo-Espa\u00f1a<br>Coordinadora de ONGD del Principado de Asturias<br>Ecologistas en Acci\u00f3n<br>Ecologistes en Acci\u00f3 de Catalunya<br>Enginyeria Sense Fronteres<br>Entrepueblos\/Entrepobles\/Entrepobos\/Herriarte<br>Esquerra Unida Alicant<br>Federaci\u00f3 d\u2019Ecologistes en Acci\u00f3 Catalunya<br>Federaci\u00f3n Provincial de la Confederaci\u00f3n General del Trabajo en Alicante,<br>Fundaci\u00f3n APY<br>Medicus mundi Espa\u00f1a<br>Novact \u2013 Instituto Internacional para la Acci\u00f3n Noviolenta<br>Observatorio de Multinacionales en Am\u00e9rica Latina \u2013 Paz con Dignidad<br>Pened\u00e8s Amb Palestina<br>Plataforma contra la pobreza, la exclusi\u00f3n y la desigualdad social en Alicante<br>SETEM catalunya<br>Sindicato ELA<br>Sindicato UGT Espa\u00f1a<br>SOC-SAT Andalucia<br>SOLdePaz.Pachakuti<br>Tradener \u2013 Transici\u00f3n Democr\u00e1tica del Modelo Energ\u00e9tico<\/p>\r\n\r\n\r\n\r\n<p><strong>Slovenia<\/strong><br>Focuns Association for Sustainable Development<\/p>\r\n\r\n\r\n\r\n<p><strong>Sweden<\/strong><br>Afrikagrupperna<br>End Ecocide Sweden<br>FIAN Sweden<br>Friends of Earth Sweden<br>SAL \u2013 Solidaridad Suecia -Am\u00e9rica Latina<\/p>\r\n<\/div>\r\n\r\n\r\n\r\n<div class=\"wp-block-column is-layout-flow wp-block-column-is-layout-flow\">\r\n<p><strong>Ecuador<\/strong><br>Acci\u00f3n Ecol\u00f3gica<br>C D E S \u2013 Centro de Derechos Econ\u00f3micos y Sociales<br>CASCOMI Centro de derechos humanos y Monte<br>Comisi\u00f3n Ecum\u00e9nica de derechos humanos<br>Comit\u00e9 Permanente por la Defensa de los Derechos Humanos, CDH<br>CONAIE Confederaci\u00f3n de Nacionalidades Ind\u00edgenas del Ecuador<br>CONFENAIE Confederaci\u00f3n de Nacionalidades Ind\u00edgenas de la Amazon\u00eda Ecuatoriana<br>Coordinadora Ecuatoriana de Organizaciones para la Defensa de la Naturaleza y el Medio Ambiente CEDENMA.<br>CSMM \u2013 Centro de Documentaci\u00f3n en Derechos Humanos \u201cSegundo Montes Mozo S.J.\u201d<br>Ecuador Decide Mejor Sin TLC<br>FIAN Ecuador<br>Fundaci\u00f3n Pachamama<\/p>\r\n\r\n\r\n\r\n<p><strong>El Salvador<\/strong><br>Uni\u00f3n Palestina de Am\u00e9rica Latina<br>CESTA Amigos de la Tierra El Salvador<\/p>\r\n\r\n\r\n\r\n<p><strong>Finland<\/strong><br>Emmaus Aurinkotehdas ry<br>New Wind Association<\/p>\r\n\r\n\r\n\r\n<p><strong>France<\/strong><br>ActionAid France<br>Aitec (Association internationale de techniciens, experts et chercheurs)<br>Alofa Tuvalu<br>Amis de la Terre France<br>Attac France<br>CADTM France<br>CCFD-Terre Solidaire<br>Comit\u00e9 Pauvret\u00e9 et Politique<br>Conf\u00e9d\u00e9ration paysanne<br>Coordination EAU Ile de France<br>FAL France Am\u00e9rique latine<br>France Libert\u00e9s \u2013 Fondation Danielle Mitterrand<br>Frantz Fanon Foundation<br>Mouvement contre le racisme et pour l\u2019amiti\u00e9 des peuples MRAP<br>Notre Affaire \u00e0 Tous<br>R\u00e9seau Roosevelt-IDF<br>Sherpa<br>Union syndicale Solidaires<\/p>\r\n\r\n\r\n\r\n<p><strong>Germany<\/strong><br>Attac Germany<br>Aluna Minga e.V.<br>Berliner Wassertisch<br>Center for Research and Documentation Chile-Latin America- FDCL (Berlin)<br>GegenStroemung \u2013 CounterCurrent<br>Netzwerk Gerechter Welthandel<br>Oficina Ecum\u00e9nica por la Paz y la Justicia e.V.<br>\u00d6kumenisches B\u00fcro f\u00fcr Frieden und Gerechtigkeit e.V. (Oficina Ecum\u00e9nica para la Paz y la Justicia)<br>The Hunger Project-Germany<br>Werkstatt \u00d5konomie<\/p>\r\n\r\n\r\n\r\n<p><strong>Hait\u00ed<\/strong><br>T\u00e9t Kole ti peyizian Ayisyen<br>University of Resistance<br>KruHA- People\u2019s coalition for the right of water<\/p>\r\n\r\n\r\n\r\n<p><strong>India<\/strong><br>Anti-Jindal &amp; Anti-POSCO Movement, Odisha<\/p>\r\n\r\n\r\n\r\n<p><strong>Ireland<\/strong><br>LASC- Latin America Solidarity Centre<\/p>\r\n\r\n\r\n\r\n<p><strong>Italy<\/strong><br>CADIS- Camillian Disatser Service International<br>CDCA \u2013 Centro di Documentazione sui Conflitti Ambientali<br>CEFA -Comitato Europeo per la Formazione e l\u2019Agricoltura Onlus<br>COMI \u2013 Cooperazione per il mondo in via di sviluppo<br>Eccomi<br>Engim Internazionale<br>FOCSIV \u2013 Federation Christian Italian NGOs<br>Fundaci\u00f2n Don Carlo Gnocchi,<br>OdV Opere Sociali Marelliane OdV<\/p>\r\n\r\n\r\n\r\n<p><strong>Luxembourg<\/strong><br>ASTM \u2013 Action Solidarit\u00e9 Tiers Monde<\/p>\r\n\r\n\r\n\r\n<p><strong>M\u00e9xico<\/strong><br>Usuarios del Agua de Saltillo AUAS, A.C.<\/p>\r\n\r\n\r\n\r\n<p><strong>Mozambique<\/strong><br>Amizade<\/p>\r\n\r\n\r\n\r\n<p><strong>Nigeria<\/strong><br>Eco-Defenders Network<br>ERA Friends of Earth Nigeria<br>HOMEF Health of Mother Earth Foundation<br>Oilwatch<br>Peace Point Development Foundation, Nigeria<\/p>\r\n\r\n\r\n\r\n<p><strong>The Netherlands<\/strong><br>Bothends<br>Code Rood<br>Den Haag Fossielvrij<br>Friends of the Earth Netherlands<br>Klimaatmoeders<br>MetaMeta<br>Reclame Fossielvrij<br>Store Vrouw<br>The Water Channel<\/p>\r\n\r\n\r\n\r\n<p><strong>Palestine<\/strong><br>Al Haq<br>Al-Amal Association for Childhood and Development<br>Association for Farmers\u2019 Rights and for the Preservation of the environment<br>Association Jadayel \/ Palestinian Center for Culture, Arts and creativity<br>BNC \u2013 Palestinian BDS National Committee<br>Jadayel Foundation<br>N\u2019lin Society for Development and Community Work<br>Palestine Youth Forum<br>Palestinian Farmers Society-Tulkarem<br>Palestinian Farmers Union<br>Palestinian Land Defense Coalition<br>Palestinian New Federation of Trade Unions (New Unions)<br>Popular Council to Protect the Jordan Valley<br>Stop The Wall \u2013 Palestinian grassroots Anti-Apartheid Wall Campaign<br>Women Center for Social Development<\/p>\r\n\r\n\r\n\r\n<p><strong>Peru<\/strong><br>CooperAcci\u00f3n<br>Derechos humanos sin fronteras<br>Derechos Humanos Sin Fronteras es del Per\u00fa, regi\u00f3n del Cusco.<\/p>\r\n\r\n\r\n\r\n<p><strong>Switzerland<\/strong><br>Centrale sanitaire suisse romande<br>Centre Europe-Tiers Monde CETIM<br>Collectif Breakfree<br>Coordination Climat Justice Sociale (Gen\u00e8ve)<br>Grands parents pour climat<br>Incomindios<br>Klima-Allianz<br>MultiWatch<br>Society for Threatened Peoples<br>Solifonds<\/p>\r\n\r\n\r\n\r\n<p><strong>UK<\/strong><br>Coal Action Network<br>Corporate responsibility coalition CORE<br>Eco Nexus<br>Global Justice Now<br>Global Witness<br>IndiaMatters<br>London Mining Network<br>People &amp; Planet<br>The Corner House<br>War on Want<\/p>\r\n\r\n\r\n\r\n<p><strong>United States<\/strong><br>Amazon Watch<br>Center for Constitutional Rights<br>Crude Accountability<br>Earth Action<br>Grassroots Global Justice Alliance<br>Institute for Justice and Democracy in Haiti<br>IPS \u2013 Global Economy Program<br>Media Alliance<br>Michigan Welfare Rights Organization<br>National Welfare Rights Union<br>No Business With Genocide<br>Oxfam<br>RAN Rainforest Action Network<br>Resist the Pipeline<br>Sustainable Obtainable Solutions<br>Task Force on the Americas<\/p>\r\n\r\n\r\n\r\n<p><strong>Uruguay<\/strong><br>Gender and Trade Network<br>REDES-Amigos de la Tierra Uruguay<\/p>\r\n\r\n\r\n<\/div>\r\n<\/div>\r\n<\/div><\/div>\r\n\r\n\r\n    \t","protected":false},"excerpt":{"rendered":"<p>La Uni\u00f3n de Afectados y afectadas por las Operaciones de [&hellip;]<\/p>\n","protected":false},"author":1,"featured_media":7423,"comment_status":"open","ping_status":"open","sticky":false,"template":"","format":"standard","meta":{"_siteseo_robots_primary_cat":"","_joinchat":[],"footnotes":""},"categories":[68,38],"tags":[],"class_list":["post-6444","post","type-post","status-publish","format-standard","has-post-thumbnail","hentry","category-noticiasjuridicas","category-pueblos-indigenas"],"_links":{"self":[{"href":"https:\/\/cdes.org.ec\/webantigua\/wp-json\/wp\/v2\/posts\/6444","targetHints":{"allow":["GET"]}}],"collection":[{"href":"https:\/\/cdes.org.ec\/webantigua\/wp-json\/wp\/v2\/posts"}],"about":[{"href":"https:\/\/cdes.org.ec\/webantigua\/wp-json\/wp\/v2\/types\/post"}],"author":[{"embeddable":true,"href":"https:\/\/cdes.org.ec\/webantigua\/wp-json\/wp\/v2\/users\/1"}],"replies":[{"embeddable":true,"href":"https:\/\/cdes.org.ec\/webantigua\/wp-json\/wp\/v2\/comments?post=6444"}],"version-history":[{"count":3,"href":"https:\/\/cdes.org.ec\/webantigua\/wp-json\/wp\/v2\/posts\/6444\/revisions"}],"predecessor-version":[{"id":6892,"href":"https:\/\/cdes.org.ec\/webantigua\/wp-json\/wp\/v2\/posts\/6444\/revisions\/6892"}],"wp:featuredmedia":[{"embeddable":true,"href":"https:\/\/cdes.org.ec\/webantigua\/wp-json\/wp\/v2\/media\/7423"}],"wp:attachment":[{"href":"https:\/\/cdes.org.ec\/webantigua\/wp-json\/wp\/v2\/media?parent=6444"}],"wp:term":[{"taxonomy":"category","embeddable":true,"href":"https:\/\/cdes.org.ec\/webantigua\/wp-json\/wp\/v2\/categories?post=6444"},{"taxonomy":"post_tag","embeddable":true,"href":"https:\/\/cdes.org.ec\/webantigua\/wp-json\/wp\/v2\/tags?post=6444"}],"curies":[{"name":"wp","href":"https:\/\/api.w.org\/{rel}","templated":true}]}}