{"id":6474,"date":"2020-12-22T23:54:20","date_gmt":"2020-12-22T23:54:20","guid":{"rendered":"https:\/\/cdes.org.ec\/webantigua\/?p=6474"},"modified":"2022-10-18T15:42:50","modified_gmt":"2022-10-18T15:42:50","slug":"primer-informe-sombra-mujeres-de-los-pueblos-y-nacionalidades-del-ecuador-al-comite-sobre-la-eliminacion-de-la-discriminacion-contra-las-mujeres-cedaw","status":"publish","type":"post","link":"https:\/\/cdes.org.ec\/webantigua\/primer-informe-sombra-mujeres-de-los-pueblos-y-nacionalidades-del-ecuador-al-comite-sobre-la-eliminacion-de-la-discriminacion-contra-las-mujeres-cedaw\/","title":{"rendered":"Primer Informe Sombra Mujeres de los Pueblos y Nacionalidades del Ecuador al Comit\u00e9 sobre la Eliminaci\u00f3n de la Discriminaci\u00f3n contra las mujeres- CEDAW"},"content":{"rendered":"\r\n<p>\u00a0Quito, 25 de noviembre 2020<\/p>\r\n<p>Somos mujeres de la selva, de los p\u00e1ramos y de las orillas del mar de la tierra del sol recto. Hemos luchado por nuestro auto-reconocimiento como pueblos y nacionalidades, as\u00ed como por nuestra autodeterminaci\u00f3n y autonom\u00eda territorial a trav\u00e9s de la Confederaci\u00f3n de Nacionalidades Ind\u00edgenas del Ecuador. Nos articulamos en 18 pueblos y 14 nacionalidades. Nuestras luchas son mancomunadas con nuestros hermanos hombres, pero en condiciones de mayor desigualdad.<\/p>\r\n<p>Por ello, el presente informe sombra constituye un esfuerzo por visibilizar la situaci\u00f3n de nuestros derechos individuales en conexi\u00f3n con los derechos colectivos. Como mujeres de pueblos y nacionalidades nuestros derechos contemplados en la CEDAW necesariamente deben ser entendidos junto con los derechos establecidos en el Convenio 169 sobre Pueblos Ind\u00edgenas y Tribales, la Declaraci\u00f3n de las Naciones Unidas sobre derechos de los Pueblos Ind\u00edgenas y la Declaraci\u00f3n Americana sobre los derechos de los Pueblos Ind\u00edgenas. De esta manera existir\u00e1 una comprensi\u00f3n \u00edntegra sobre la situaci\u00f3n de los derechos de las mujeres ind\u00edgenas en el Ecuador.<\/p>\r\n<p>Para dar seguimiento a las Observaciones finales sobre los informes peri\u00f3dicos octavo y noveno combinados del Ecuador, decidimos desarrollar una Consulta Nacional sobre las recomendaciones de la CEDAW al Estado ecuatoriano, a manera de <em>Di\u00e1logos Nacionales<\/em>. De manera, tuvieron lugar tres di\u00e1logos, uno por cada regi\u00f3n: costa, sierra y amazonia, dichos di\u00e1logos se realizaron en las ciudades de Santo Domingo de los Ts\u00e1chilas, Puyo y Ba\u00f1os respectivamente, del 14 al 16 de agosto del 2019.<\/p>\r\n<p>Adem\u00e1s, hemos realizado un an\u00e1lisis de los diferentes escenarios en los cuales nuestro rol como mujeres ind\u00edgenas ha logrado sostener el cumplimiento de los derechos de los pueblos y nacionalidades y de la sociedad en general, tal es el caso de las jornadas de movilizaci\u00f3n de octubre 2019. Estas fuentes de informaci\u00f3n primaria han constituido la base para la construcci\u00f3n del presente Informe sombra.<\/p>\r\n<p>La prevalencia de la violencia contra mujeres de los pueblos y nacionalidades a lo largo de la vida registra un 64% de acuerdo a los datos del INEC (ENVIGMU, 2019). Para nosotras como mujeres ind\u00edgenas el escenario se agudiza por la impronta racial de las pol\u00edticas estatales, que persiste en la sociedad. Nos referimos sobre todo a la falta de correspondencia entre los avances constitucionales y su aplicaci\u00f3n tanto al interno de las instituciones p\u00fablicas, implementaci\u00f3n de pol\u00edticas p\u00fablicas como a la toma de decisiones que realiza el Estado sobre nuestros territorios, sin respetar nuestras decisiones colectivas.<\/p>\r\n<p>De acuerdo a la Carta Magna del Ecuador del 2008 se estable en el Cap. I, Art. 1, el car\u00e1cter plurinacional e intercultural, como uno de sus principios fundamentales, lo que significar\u00eda que al menos deber\u00edan existir datos desagregados de acuerdo a este principio en donde los pueblos y nacionalidades seamos visibles y a su vez se se\u00f1alen los datos por sexo, sin embargo, esta informaci\u00f3n es inexistente. Por otro lado, la Ley Org\u00e1nica Integral para la Prevenir y Erradicar la Violencia contra las Mujeres se\u00f1ala en su Art. 16 literal 1, la necesidad de generar informaci\u00f3n en un Registro \u00danico de Violencia contra las mujeres y en su Art. 18, literal 1, se\u00f1ala que se \u201cdeber\u00e1 considerar la diversidad de mujeres que habitan el Ecuador\u201d.<\/p>\r\n<p>No existe registro alguno elaborado por parte de las instituciones del Estado sobre la situaci\u00f3n del COVID-19 en mujeres ind\u00edgenas. Aunque no aparecemos en ning\u00fan registro nuestro rol en el contexto de la crisis sanitaria como en la cotidianidad no es menor. En la pandemia hemos sostenido la vida gracias al conocimiento ancestral de nuestras sabias frente al desbordamiento del sistema de salud p\u00fablico.<\/p>\r\n<p>Lee el informe completo:<\/p>\r\n\r\n\r\n\r\n<div class=\"wp-block-columns is-layout-flex wp-container-core-columns-is-layout-9d6595d7 wp-block-columns-is-layout-flex\">\r\n<div class=\"wp-block-column is-layout-flow wp-block-column-is-layout-flow\" style=\"flex-basis: 100%;\">\r\n<div class=\"wp-block-group\">\r\n<div class=\"wp-block-group__inner-container is-layout-flow wp-block-group-is-layout-flow\">\r\n<div class=\"wp-block-algori-pdf-viewer-block-algori-pdf-viewer\"><a href=\"https:\/\/cdes.org.ec\/webantigua\/wp-content\/uploads\/2022\/10\/Informe_Sombra_Mujer_Indigena.pdf\"><img decoding=\"async\" class=\"alignnone size-medium wp-image-8994\" src=\"https:\/\/cdes.org.ec\/webantigua\/wp-content\/uploads\/2020\/12\/informe-cedaw-1-215x300.png\" alt=\"\" width=\"215\" height=\"300\" srcset=\"https:\/\/cdes.org.ec\/webantigua\/wp-content\/uploads\/2020\/12\/informe-cedaw-1-200x279.png 200w, https:\/\/cdes.org.ec\/webantigua\/wp-content\/uploads\/2020\/12\/informe-cedaw-1-215x300.png 215w, https:\/\/cdes.org.ec\/webantigua\/wp-content\/uploads\/2020\/12\/informe-cedaw-1-400x558.png 400w, https:\/\/cdes.org.ec\/webantigua\/wp-content\/uploads\/2020\/12\/informe-cedaw-1.png 563w\" sizes=\"(max-width: 215px) 100vw, 215px\" \/><\/a><\/div>\r\n<\/div>\r\n<\/div>\r\n<\/div>\r\n<\/div>\r\n\r\n\r\n\r\n<p class=\"wp-block-pdfemb-pdf-embedder-viewer\">\u00a0<\/p>\r\n\r\n<p>&nbsp;<\/p>","protected":false},"excerpt":{"rendered":"<p>\u00a0Quito, 25 de noviembre 2020 Somos mujeres de la selva, [&hellip;]<\/p>\n","protected":false},"author":1,"featured_media":8997,"comment_status":"open","ping_status":"open","sticky":false,"template":"","format":"standard","meta":{"_siteseo_robots_primary_cat":"","_joinchat":[],"footnotes":""},"categories":[16],"tags":[],"class_list":["post-6474","post","type-post","status-publish","format-standard","has-post-thumbnail","hentry","category-mujeres-indigenas"],"_links":{"self":[{"href":"https:\/\/cdes.org.ec\/webantigua\/wp-json\/wp\/v2\/posts\/6474","targetHints":{"allow":["GET"]}}],"collection":[{"href":"https:\/\/cdes.org.ec\/webantigua\/wp-json\/wp\/v2\/posts"}],"about":[{"href":"https:\/\/cdes.org.ec\/webantigua\/wp-json\/wp\/v2\/types\/post"}],"author":[{"embeddable":true,"href":"https:\/\/cdes.org.ec\/webantigua\/wp-json\/wp\/v2\/users\/1"}],"replies":[{"embeddable":true,"href":"https:\/\/cdes.org.ec\/webantigua\/wp-json\/wp\/v2\/comments?post=6474"}],"version-history":[{"count":5,"href":"https:\/\/cdes.org.ec\/webantigua\/wp-json\/wp\/v2\/posts\/6474\/revisions"}],"predecessor-version":[{"id":8998,"href":"https:\/\/cdes.org.ec\/webantigua\/wp-json\/wp\/v2\/posts\/6474\/revisions\/8998"}],"wp:featuredmedia":[{"embeddable":true,"href":"https:\/\/cdes.org.ec\/webantigua\/wp-json\/wp\/v2\/media\/8997"}],"wp:attachment":[{"href":"https:\/\/cdes.org.ec\/webantigua\/wp-json\/wp\/v2\/media?parent=6474"}],"wp:term":[{"taxonomy":"category","embeddable":true,"href":"https:\/\/cdes.org.ec\/webantigua\/wp-json\/wp\/v2\/categories?post=6474"},{"taxonomy":"post_tag","embeddable":true,"href":"https:\/\/cdes.org.ec\/webantigua\/wp-json\/wp\/v2\/tags?post=6474"}],"curies":[{"name":"wp","href":"https:\/\/api.w.org\/{rel}","templated":true}]}}