{"id":6492,"date":"2019-11-26T14:19:00","date_gmt":"2019-11-26T19:19:00","guid":{"rendered":"https:\/\/cdes.org.ec\/webantigua\/?p=6492"},"modified":"2019-11-26T14:19:00","modified_gmt":"2019-11-26T19:19:00","slug":"intento-de-censura-por-parte-del-gobierno-para-proteger-a-sonnenholzner","status":"publish","type":"post","link":"https:\/\/cdes.org.ec\/webantigua\/intento-de-censura-por-parte-del-gobierno-para-proteger-a-sonnenholzner\/","title":{"rendered":"Intento de censura por parte del Gobierno para proteger a Sonnenholzner"},"content":{"rendered":"\n<p><strong>Pronunciamiento frente el acoso pol\u00edtico a Latindadd tras denuncia contra vicepresidente de Ecuador<\/strong><\/p>\n<p>Las organizaciones firmantes nos solidarizamos con la Red Latinoamericana por Justicia Econ\u00f3mica y Social \u2013 Latindadd ante el acoso pol\u00edtico que se ha ensa\u00f1ado sobre la organizaci\u00f3n como represalia a la publicaci\u00f3n de una denuncia que demuestra la\u00a0<a href=\"https:\/\/cdes.org.ec\/webantigua\/?p=5684\"><strong>vinculaci\u00f3n del vicepresidente de Ecuador con empresas fantasmas offshore prohibidas<\/strong><\/a>.<\/p>\n<p>El pasado 21 de noviembre la p\u00e1gina web de Latindadd fue bloqueada debido a una demanda de\u00a0<em>copyright<\/em> realizada por el se\u00f1or <span class=\"il\">Juan<\/span>\u00a0<span class=\"il\">Carlos<\/span>\u00a0<span class=\"il\">Ch\u00e1vez<\/span>, <a href=\"https:\/\/republicadelbanano.com\/2019\/09\/20\/gobierno-bocabajo-de-moreno-y-sus-acolitos-inician-nuevo-ataque-a-republica-del-banano\/\">empleado de presidencia de Lenin Moreno<\/a>, en contra de una foto de un art\u00edculo publicado el 14 de noviembre, titulado \u201c<em>Vicepresidente ecuatoriano se beneficiar\u00eda por desregularizaci\u00f3n de para\u00edsos fiscales propuesta en el proyecto de Ley de Crecimiento Econ\u00f3mico\u201d.\u00a0<\/em>La p\u00e1gina web fue solamente restablecida despu\u00e9s de 24 horas\u00a0<strong>cuando se borr\u00f3 el art\u00edculo en cuesti\u00f3n<\/strong>.<\/p>\n<p>Ante esto, denunciamos que se trata de un ataque pol\u00edtico encubierto como una supuesta infracci\u00f3n de\u00a0<em>copyright<\/em>\u00a0que en realidad intenta censurar la denuncia que involucra al Vicepresidente<em>.\u00a0<\/em>Esta es una estrategia de censura usada en otras ocasiones por\u00a0<span class=\"il\">Juan<\/span>\u00a0<span class=\"il\">Carlos<\/span>\u00a0<span class=\"il\">Ch\u00e1vez<\/span>, que antes ya ha sido\u00a0<a href=\"https:\/\/cdes.us5.list-manage.com\/track\/click?u=d32e9902575e577778bf3fb5e&amp;id=88fb43ee63&amp;e=b89cffc524\" target=\"_blank\" rel=\"noopener\" data-saferedirecturl=\"https:\/\/www.google.com\/url?q=https:\/\/cdes.us5.list-manage.com\/track\/click?u%3Dd32e9902575e577778bf3fb5e%26id%3D88fb43ee63%26e%3Db89cffc524&amp;source=gmail&amp;ust=1609268755634000&amp;usg=AFQjCNG3BZHiwjYxtyvTk5RamU5uTzEmfw\">denunciado<\/a>\u00a0por el uso abusivo de demandas de propiedad intelectual orientadas a atacar informaci\u00f3n cr\u00edtica con el Gobierno.\u00a0<\/p>\n<p>Advertimos que\u00a0<a href=\"https:\/\/cdes.us5.list-manage.com\/track\/click?u=d32e9902575e577778bf3fb5e&amp;id=c3b15567fa&amp;e=b89cffc524\" target=\"_blank\" rel=\"noopener\" data-saferedirecturl=\"https:\/\/www.google.com\/url?q=https:\/\/cdes.us5.list-manage.com\/track\/click?u%3Dd32e9902575e577778bf3fb5e%26id%3Dc3b15567fa%26e%3Db89cffc524&amp;source=gmail&amp;ust=1609268755634000&amp;usg=AFQjCNHbVKNIhZ1MykZ1o6IFeqci6CKGgw\">Latindadd<\/a>,\u00a0<a href=\"https:\/\/cdes.us5.list-manage.com\/track\/click?u=d32e9902575e577778bf3fb5e&amp;id=dd78ac60a9&amp;e=b89cffc524\" target=\"_blank\" rel=\"noopener\" data-saferedirecturl=\"https:\/\/www.google.com\/url?q=https:\/\/cdes.us5.list-manage.com\/track\/click?u%3Dd32e9902575e577778bf3fb5e%26id%3Ddd78ac60a9%26e%3Db89cffc524&amp;source=gmail&amp;ust=1609268755634000&amp;usg=AFQjCNHGKQxNfRKAibx4QVKU8Dazb72hkA\">CDES<\/a>,\u00a0<a href=\"https:\/\/cdes.us5.list-manage.com\/track\/click?u=d32e9902575e577778bf3fb5e&amp;id=17ab634207&amp;e=b89cffc524\" target=\"_blank\" rel=\"noopener\" data-saferedirecturl=\"https:\/\/www.google.com\/url?q=https:\/\/cdes.us5.list-manage.com\/track\/click?u%3Dd32e9902575e577778bf3fb5e%26id%3D17ab634207%26e%3Db89cffc524&amp;source=gmail&amp;ust=1609268755634000&amp;usg=AFQjCNEcILx_4lkPx7rw4LFlKaN3quWStA\">Observato<wbr \/>rio de la Dolarizaci\u00f3n<\/a>\u00a0y Jubileo 2000 podr\u00edan ser objetivo de nuevos actos de acoso pol\u00edtico por parte de la presidencia del Ecuador. Nos mantendremos vigilantes para proteger los derechos de libertad de expresi\u00f3n y dem\u00e1s derechos pol\u00edticos y civiles que todo r\u00e9gimen de derecho deber\u00eda garantizar.<\/p>\n<p>Llamamos a que otras personas y organizaciones sociales reproduzcan esta denuncia para informar sobre la vinculaci\u00f3n del vicepresidente Otto Sonnenholzner con una\u00a0<em>offshore<\/em>, a pesar de que los ecuatorianos aprobaron, por consulta popular, una Ley que proh\u00edbe la vinculaci\u00f3n de funcionarios p\u00fablicos con para\u00edsos fiscales, la que en su\u00a0<a href=\"https:\/\/cdes.us5.list-manage.com\/track\/click?u=d32e9902575e577778bf3fb5e&amp;id=78d9de653e&amp;e=b89cffc524\" target=\"_blank\" rel=\"noopener\" data-saferedirecturl=\"https:\/\/www.google.com\/url?q=https:\/\/cdes.us5.list-manage.com\/track\/click?u%3Dd32e9902575e577778bf3fb5e%26id%3D78d9de653e%26e%3Db89cffc524&amp;source=gmail&amp;ust=1609268755634000&amp;usg=AFQjCNGCwvBiLu2HCjReRnTT_LIIYn1wUQ\">art\u00edculo 8<\/a>\u00a0sanciona esta infracci\u00f3n con la\u00a0<strong>destituci\u00f3n del cargo<\/strong>.\u00a0<\/p>\n<p>Actualmente Sonnenholzner es propietario de TVCable Ecuador mediante la\u00a0<em>offshore Hersalbar Holdings<\/em>, ubicada en\u00a0<strong>Costa Rica, pa\u00eds cuyas empresas exoneradas del impuesto a la renta son consideradas por el Estado ecuatoriano como equivalentes a para\u00edsos fiscales<\/strong>.<\/p>\n<p>La publicaci\u00f3n de la denuncia la puede encontrar en el siguiente link: <a href=\"https:\/\/cdes.org.ec\/webantigua\/?p=5684\">V\u00ednculos de Vicepresidente con para\u00edsos fiscales<\/a>.\u00a0\u00a0<\/p>\n<p>Los firmantes:\u00a0<\/p>\n<p>Remalc \u2013 M\u00e9xico<br \/>Fundaci\u00f3n SES \u2013 Argentina<br \/>Inesc \u2013 Brasil<br \/>Decidamos \u2013 Paraguay<br \/>Justicia Tributaria \u2013 Colombia<br \/>Grupo Presupuesto P\u00fablico \u2013 Per\u00fa<br \/>Cedecam \u2013 Nicaragua<br \/>Centro de Documentaci\u00f3n en Derechos Humanos \u00abSegundo Montes Mozo SJ\u00bb \u2013 Ecuador<br \/>Jubileo 2000 \u2013 Ecuador<br \/>CDES \u2013 Ecuador<br \/>Observatorio de la Dolarizaci\u00f3n \u2013 Ecuador<br \/>Observatorio de Econom\u00eda y Trabajo \u2013 Ecuador<br \/>MODES \u2013 El Salvador<br \/>Movimiento Tzuk Kim-pop \u2013 Guatemala<br \/>Observatorio de la cooperaci\u00f3n \u2013 Ecuador<br \/>Abong \u2013 Brasil<br \/>ANC \u2013 Per\u00fa<br \/>Red Encuentro \u2013 Argentina<br \/>Confederaci\u00f3n General de Trabajadores del Per\u00fa \u2013 CGTP<br \/>ABONG \u2013 Brasil<br \/>DECA Equipo Puebla \u2013 Mexico<br \/>ANONG \u2013 Uruguay<\/p>\n\n\n\n<p>v\u00ednnsaldfkslafjlsajflsjflsdjfkls<\/p>\n    \t","protected":false},"excerpt":{"rendered":"","protected":false},"author":1,"featured_media":0,"comment_status":"open","ping_status":"open","sticky":false,"template":"","format":"standard","meta":{"_siteseo_robots_primary_cat":"","_joinchat":[],"footnotes":""},"categories":[9],"tags":[30],"class_list":["post-6492","post","type-post","status-publish","format-standard","hentry","category-justiciafiscal","tag-panamapapers"],"_links":{"self":[{"href":"https:\/\/cdes.org.ec\/webantigua\/wp-json\/wp\/v2\/posts\/6492","targetHints":{"allow":["GET"]}}],"collection":[{"href":"https:\/\/cdes.org.ec\/webantigua\/wp-json\/wp\/v2\/posts"}],"about":[{"href":"https:\/\/cdes.org.ec\/webantigua\/wp-json\/wp\/v2\/types\/post"}],"author":[{"embeddable":true,"href":"https:\/\/cdes.org.ec\/webantigua\/wp-json\/wp\/v2\/users\/1"}],"replies":[{"embeddable":true,"href":"https:\/\/cdes.org.ec\/webantigua\/wp-json\/wp\/v2\/comments?post=6492"}],"version-history":[{"count":0,"href":"https:\/\/cdes.org.ec\/webantigua\/wp-json\/wp\/v2\/posts\/6492\/revisions"}],"wp:attachment":[{"href":"https:\/\/cdes.org.ec\/webantigua\/wp-json\/wp\/v2\/media?parent=6492"}],"wp:term":[{"taxonomy":"category","embeddable":true,"href":"https:\/\/cdes.org.ec\/webantigua\/wp-json\/wp\/v2\/categories?post=6492"},{"taxonomy":"post_tag","embeddable":true,"href":"https:\/\/cdes.org.ec\/webantigua\/wp-json\/wp\/v2\/tags?post=6492"}],"curies":[{"name":"wp","href":"https:\/\/api.w.org\/{rel}","templated":true}]}}