{"id":6499,"date":"2020-12-28T16:00:54","date_gmt":"2020-12-28T21:00:54","guid":{"rendered":"https:\/\/cdes.org.ec\/webantigua\/?p=6499"},"modified":"2021-06-09T15:47:40","modified_gmt":"2021-06-09T15:47:40","slug":"twitazo-previo-a-la-audiencia-por-caso-furukawanuncamas","status":"publish","type":"post","link":"https:\/\/cdes.org.ec\/webantigua\/twitazo-previo-a-la-audiencia-por-caso-furukawanuncamas\/","title":{"rendered":"Twitazo previo a la Audiencia por caso #FurukawaNuncaM\u00e1s"},"content":{"rendered":"\r\n<p>Hashtags:\u00a0 #JusticiaV\u00edctimasFurukawa #FurukawaNuncaM\u00e1s<\/p>\r\n<p>Hora: 20h00<\/p>\r\n<p><strong>Mensajes sugeridos<\/strong><\/p>\r\n<ol>\r\n<li>#JusticiaV\u00edctimasFurukawa | Tras 2 a\u00f1os, v\u00edctimas de #FurukawaNuncaM\u00e1s tendr\u00e1n una audiencia con restricciones de movilidad para + de 100 demandantes por estado de excepci\u00f3n y sin la pericia contable concluida.<\/li>\r\n<\/ol>\r\n<p>@StoDomingoCJ deber\u00eda dictar una nueva fecha. <a href=\"http:\/\/bit.ly\/2Ma5D0h\">http:\/\/bit.ly\/2Ma5D0h<\/a><\/p>\r\n<ol start=\"2\">\r\n<li>El Gobierno Nacional conoci\u00f3 el caso Furukawa en 2018. Han pasado dos a\u00f1os y la empresa sigue operando con total impunidad.<\/li>\r\n<\/ol>\r\n<p>Exigimos #JusticiaV\u00edctimasFurukawa #FurukawaNuncaM\u00e1s<\/p>\r\n<p>@CecyChaconC @StoDomingoCJ @freddcarrion @Lenin @andresisch @MinGobiernoEc @Salud_Ec<\/p>\r\n<p><strong>Descargar video:\u00a0 <\/strong><a href=\"http:\/\/bit.ly\/2WPDON5\"><strong>http:\/\/bit.ly\/2WPDON5<\/strong><\/a><strong><br \/><\/strong><\/p>\r\n<ol start=\"3\">\r\n<li>En 2019, la @DEFENSORIAEC denunci\u00f3 la situaci\u00f3n de campesinos, en su mayor\u00eda afrodescendientes, en las haciendas de Furukawa. @StoDomingoCJ puede hacer historia al juzgar el caso de #EsclavitudModerna y hacer #JusticiaV\u00edctimasFurukawa #FurukawaNuncaM\u00e1s<\/li>\r\n<\/ol>\r\n<p>@freddcarrion @jotalloretv<\/p>\r\n<p><strong>Descargar video:\u00a0 <\/strong><a href=\"http:\/\/bit.ly\/3aQ0vce\"><strong>http:\/\/bit.ly\/3aQ0vce<\/strong><\/a><strong><br \/><\/strong><\/p>\r\n<ol start=\"4\">\r\n<li>Hace 1 a\u00f1o, las v\u00edctimas de #FurukawaNuncaM\u00e1s iniciaron su demanda en contra del Estado exigiendo #JusticiaV\u00edctimasFurukawa.<\/li>\r\n<\/ol>\r\n<p>Presidente @Lenin conoci\u00f3 el caso hace + de 2 a\u00f1os y debe responder por no haber frenado esta situaci\u00f3n.<\/p>\r\n<p>@freddcarrion @andresisch @MinGobiernoEc<\/p>\r\n<p><strong>Descargar imagen:\u00a0 <\/strong><a href=\"http:\/\/bit.ly\/2TExQNv\"><strong>http:\/\/bit.ly\/2TExQNv<\/strong><\/a><strong><br \/><\/strong><\/p>\r\n<ol start=\"5\">\r\n<li>Tu firma puede apoyar las demandas de quienes fueron esclavizados por #FurukawaNuncaM\u00e1s.<\/li>\r\n<\/ol>\r\n<p>La #JusticiaV\u00edctimasFurukawa es urgente. Por quienes han muerto sin recibir justicia y reparaci\u00f3n y por quienes siguen luchando para cambiar su situaci\u00f3n.<\/p>\r\n<p>\u270d\ufe0f <a href=\"http:\/\/bit.ly\/AccionUrgente\">http:\/\/bit.ly\/AccionUrgente<\/a><\/p>\r\n<ol start=\"6\">\r\n<li>\u00a1Nos sumamos al grito de Segundo Ord\u00f3\u00f1ez!<\/li>\r\n<\/ol>\r\n<p>Decimos #FurukawaNuncaM\u00e1s y exigimos #JusticiaV\u00edctimasFurukawa. Por \u00e9l y en memoria de generaciones que dejaron su vida trabajando para Furukawa.<\/p>\r\n<p>@JoseChala_AN @maemontanov @CecyChaconC @freddcarrion<\/p>\r\n<p><a href=\"https:\/\/twitter.com\/AbacaleroLibre\/status\/1180983825171701760\">https:\/\/twitter.com\/AbacaleroLibre\/status\/1180983825171701760<\/a><\/p>\r\n<ol start=\"7\">\r\n<li>El caso #FurukawaNuncaM\u00e1s ha sido documentado ampliamente por @revistaPlanV y @EspaciadoraBar desde las primeras denuncias p\u00fablicas. La @AsambleaEcuador, la @ONU_es se han pronunciado por el caso.<\/li>\r\n<\/ol>\r\n<p>\u00a1Urge #JusticiaV\u00edctimasFurukawa!<\/p>\r\n<ol start=\"8\">\r\n<li>#JusticiaV\u00edctimasFurukawa| En Furukawa, al menos 3 generaciones no han podido dejar su condici\u00f3n indigna en las haciendas abacaleras de esta empresa.<\/li>\r\n<\/ol>\r\n<p>\u00a1Han nacido y han vivido esclavizados por casi 60 a\u00f1os, por eso, exigimos #FurukawaNuncaM\u00e1s! @XavierLazoG @andresisch @Lenin<\/p>\r\n<p><strong>Descargar imagen: <\/strong><a href=\"http:\/\/bit.ly\/35D28FD\"><strong>http:\/\/bit.ly\/35D28FD<\/strong><\/a><strong><br \/><\/strong><\/p>\r\n<ol start=\"9\">\r\n<li>Por la erradicaci\u00f3n de la #EsclavitudMonerna en Ecuador y por #JusticiaV\u00edctimasFurukawa acompa\u00f1amos a cientos de familias, en su mayor\u00eda afrodescendientes, en su demanda en contra del Estado.<\/li>\r\n<\/ol>\r\n<p>\u00a1@Lenin @andresisch @XavierLazoG @CecyChaconC<\/p>\r\n<p>@ppazminoec @JorgeWated deben responder!<\/p>\r\n<p><strong>Descargar Video: http:\/\/bit.ly\/2WPDON5\u00a0<\/strong><\/p>\r\n<ol start=\"10\">\r\n<li>Si nos olvidamos del grito #FurukawaNuncaM\u00e1s, olvidamos a miles de campesinos afrodescendientes que rompieron el silencio y exigen #JusticiaV\u00edctimasFurukawa.<\/li>\r\n<\/ol>\r\n<p>@JoseChala_AN @DerColectivosAN @CecyChaconC @StoDomingoCJ @freddcarrion @JaimeOlivoAsam1 @jotalloretv @andresisch<\/p>\r\n<p><strong>Descargar video:\u00a0 <\/strong><a href=\"http:\/\/bit.ly\/3aOpxbF\"><strong>http:\/\/bit.ly\/3aOpxbF<\/strong><\/a><\/p>\r\n<ol start=\"11\">\r\n<li>El Estado Ecuatoriano debe cumplir con las acciones necesarias y oportunas para garantizar #JusticiaV\u00edctimasFurukawa.<\/li>\r\n<\/ol>\r\n<p>Rechazamos la impunidad promovida por este gobierno @Lenin @andresisch @CecyChaconC @XavierLazoG @ppazminoec<\/p>\r\n<ol start=\"12\">\r\n<li>En pleno S. XXI, la empresa #FurukawaNuncaM\u00e1s manten\u00eda a las familias que trabajaban en sus haciendas abacaleras en condiciones de #EsclavitudModerna.<\/li>\r\n<\/ol>\r\n<p>La Declaraci\u00f3n Universal de DDHH lo proh\u00edbe, pero en Ecuador el caso se mantiene impune. Exigimos #JusticiaV\u00edctimasFurukawa<\/p>\r\n<p><strong>Descargar video: <\/strong><a href=\"https:\/\/bit.ly\/2ToWjWI\"><strong>https:\/\/bit.ly\/2ToWjWI<\/strong><\/a><strong><br \/><\/strong><\/p>\r\n<ol start=\"13\">\r\n<li>El Comit\u00e9 de DESC de la @ONU_es expres\u00f3 su preocupaci\u00f3n por la situaci\u00f3n de trabajo forzoso en #FurukawaNuncaM\u00e1s, que afecta en gran parte a personas afrodescendientes.<\/li>\r\n<\/ol>\r\n<p>Urge #JusticiaV\u00edctimasFurukawa @Lenin @CecyChaconC @andresisch @XavierLazoG @freddcarrion<\/p>\r\n<ol start=\"14\">\r\n<li>#JusticiaV\u00edctimasFurukawa Historial de impunidad en este caso es escandaloso. Tras denunciarlo, la situaci\u00f3n de las v\u00edctimas ha empeorado. Hay desplazados, puertas giratorias y la situaci\u00f3n de quienes no tienen registros de nacimiento ni un lugar seguro para vivir contin\u00faa.<\/li>\r\n<\/ol>\r\n<p><strong>Descargar video:\u00a0 <\/strong><a href=\"http:\/\/bit.ly\/3poncbg\"><strong>http:\/\/bit.ly\/3poncbg<\/strong><\/a><strong><br \/><\/strong><\/p>\r\n<ol start=\"15\">\r\n<li>El caso #Furukawa ha demostrado que el gobierno actual no garantiza los derechos humanos ni hace lo posible por reparar integralmente por las vulneraciones registradas.<\/li>\r\n<\/ol>\r\n<p>\u00a1La sentencia de @StoDomingoCJ debe generar un precedente hist\u00f3rico por la #JusticiaV\u00edctimasFurukawa!<\/p>\r\n<p><strong>Descargar imagen\/video:\u00a0 <\/strong><a href=\"http:\/\/bit.ly\/35zBf5E\"><strong>http:\/\/bit.ly\/35zBf5E<\/strong><\/a><\/p>\r\n<ol start=\"16\">\r\n<li>.@MinGobiernoEc @MinTrabajoEc prometieron a los trabajadores una liquidaci\u00f3n que contemple el 100% del tiempo trabajado. Con el tiempo, Furukawa los desaloj\u00f3 del \u00fanico lugar que habitaban sin reparar sus ddhh #FurukawaNuncaMas #JusticiaV\u00edctimasFurukawa<\/li>\r\n<li>El Estado ecuatoriano afirm\u00f3 a la @ONU_es que hab\u00eda reparado a las v\u00edctimas de #Furukawa. La realidad es que se encuentran desplazadas y se ha profundizado la pobreza en la que viven.<\/li>\r\n<\/ol>\r\n<p>Exigimos #JusticiaV\u00edctimasFurukawa @Lenin\u00a0 @CecyChaconC @CancilleriaEc @LuisGallegosEc<\/p>\r\n<ol start=\"18\">\r\n<li>\u00bfImaginas que pese a existir, ante la ley no eres NADIE porque no fuiste inscrito o porque naciste en una hacienda y con los a\u00f1os nadie puede testificar que dices la verdad? Esta es la historia de varias personas en #FurukawaNuncaM\u00e1s. #JusticiaV\u00edctimasFurukawa @CecyChaconC @Lenin<\/li>\r\n<\/ol>\r\n<p><strong>Descargar imagen\/video: <\/strong><a href=\"http:\/\/bit.ly\/35zBf5E\"><strong>http:\/\/bit.ly\/35zBf5E<\/strong><\/a><\/p>\r\n<ol start=\"21\">\r\n<li>La Ley de Tierras se\u00f1ala como causal de expropiaci\u00f3n agraria la verificaci\u00f3n de formas de precarizaci\u00f3n laboral.<\/li>\r\n<\/ol>\r\n<p>En #Furukawa, se evidenci\u00f3 #EsclavitudModerna, y el @MinTrabajoEc reconoci\u00f3 intermediaci\u00f3n laboral, \u00a1el Estado debe actuar! #JusticiaV\u00edctimasFurukawa @XavierLazoG<\/p>\r\n<ol start=\"22\">\r\n<li>Abogado de #Furukawa fue Inspector del @MinTrabajoEc en Santo Domingo tras defender a la empresa. Su desvinculaci\u00f3n s\u00f3lo fue posible tras publicaci\u00f3n del informe de la @DEFENSORIAEC. El silencio trae impunidad, por eso seguimos denunciando y exigiendo #JusticiaV\u00edctimasFurukawa<br \/><br \/><\/li>\r\n<li>.@Fedexpor persuadi\u00f3 a @MinGobiernoEc y @MinTrabajoEc para proteger a #Furukawa. @MinTrabajo cedi\u00f3 y reabri\u00f3 la empresa con total impunidad y hoy el ex presidente del gremio @dlegarda es viceministro de @Produccion_Ecu #JusticiaV\u00edctimasFurukawa<\/li>\r\n<\/ol>\r\n<p><div class=\"video-shortcode\"><blockquote class=\"twitter-tweet\" data-width=\"550\" data-dnt=\"true\"><p lang=\"es\" dir=\"ltr\">El 22 de abril, <a href=\"https:\/\/twitter.com\/Fedexpor?ref_src=twsrc%5Etfw\">@Fedexpor<\/a> remiti\u00f3 carta a ministro <a href=\"https:\/\/twitter.com\/abgmadero?ref_src=twsrc%5Etfw\">@abgmadero<\/a>, a <a href=\"https:\/\/twitter.com\/mariapaularomo?ref_src=twsrc%5Etfw\">@mariapaularomo<\/a> y exministro <a href=\"https:\/\/twitter.com\/CampanaPablo?ref_src=twsrc%5Etfw\">@CampanaPablo<\/a>. En doc., la organizaci\u00f3n busca exculpar a <a href=\"https:\/\/twitter.com\/hashtag\/Furukawa?src=hash&amp;ref_src=twsrc%5Etfw\">#Furukawa<\/a>, diciendo que sanciones de Estado ser\u00edan \u201cnefasto precedente para la agroindustria de exportaci\u00f3n\u201d. <a href=\"https:\/\/twitter.com\/hashtag\/EsclavitudModerna?src=hash&amp;ref_src=twsrc%5Etfw\">#EsclavitudModerna<\/a> <a href=\"https:\/\/t.co\/jNU8IgXFJD\">pic.twitter.com\/jNU8IgXFJD<\/a><\/p>&mdash; La Barra Espaciadora (@EspaciadoraBar) <a href=\"https:\/\/twitter.com\/EspaciadoraBar\/status\/1156983288155844610?ref_src=twsrc%5Etfw\">August 1, 2019<\/a><\/blockquote><script async src=\"https:\/\/platform.twitter.com\/widgets.js\" charset=\"utf-8\"><\/script><\/div><\/p>\r\n<p><strong>\u00a0<\/strong><\/p>\r\n<p><strong>\u00a0<\/strong><\/p>\r\n<p>\u00a0<\/p>\r\n<p><strong>REDES SOCIALES DEL COMIT\u00c9 <\/strong>\u00a0\u00a0\u00a0\u00a0\u00a0\u00a0\u00a0\u00a0\u00a0\u00a0\u00a0\u00a0\u00a0\u00a0\u00a0\u00a0\u00a0\u00a0\u00a0\u00a0\u00a0\u00a0<\/p>\r\n<p>CDES\u00a0 \u00a0\u00a0\u00a0\u00a0\u00a0\u00a0\u00a0\u00a0\u00a0\u00a0\u00a0\u00a0\u00a0\u00a0\u00a0\u00a0\u00a0\u00a0\u00a0\u00a0\u00a0\u00a0\u00a0\u00a0\u00a0\u00a0\u00a0\u00a0\u00a0\u00a0\u00a0\u00a0\u00a0 @CDESecuador<\/p>\r\n<p>Idea Dignidad \u00a0\u00a0\u00a0\u00a0 @ideadignidad<\/p>\r\n<p>CEDHU\u00a0 \u00a0\u00a0\u00a0\u00a0\u00a0\u00a0\u00a0\u00a0\u00a0\u00a0\u00a0\u00a0\u00a0\u00a0\u00a0\u00a0\u00a0\u00a0\u00a0\u00a0\u00a0\u00a0\u00a0\u00a0\u00a0\u00a0\u00a0\u00a0\u00a0 @cedhu<\/p>\r\n<p>CEDENMA\u00a0\u00a0 \u00a0\u00a0\u00a0\u00a0\u00a0\u00a0\u00a0\u00a0\u00a0\u00a0\u00a0\u00a0\u00a0\u00a0\u00a0\u00a0\u00a0\u00a0\u00a0\u00a0\u00a0 @CEDENMA<\/p>\r\n<p>CDH\u00a0\u00a0 \u00a0\u00a0\u00a0\u00a0\u00a0\u00a0\u00a0\u00a0\u00a0\u00a0\u00a0\u00a0\u00a0\u00a0\u00a0\u00a0\u00a0\u00a0\u00a0\u00a0\u00a0\u00a0\u00a0\u00a0\u00a0\u00a0\u00a0\u00a0\u00a0\u00a0\u00a0\u00a0\u00a0\u00a0 @CdhGuayaquil<\/p>\r\n<p>SURKUNA\u00a0\u00a0\u00a0\u00a0\u00a0\u00a0\u00a0\u00a0\u00a0\u00a0\u00a0\u00a0\u00a0\u00a0\u00a0\u00a0\u00a0\u00a0\u00a0\u00a0\u00a0\u00a0\u00a0\u00a0\u00a0\u00a0 @SurkunaEc<\/p>\r\n<p>CNC &#8211; EA\u00a0 \u00a0\u00a0\u00a0\u00a0\u00a0\u00a0\u00a0\u00a0\u00a0\u00a0\u00a0\u00a0\u00a0\u00a0\u00a0\u00a0\u00a0\u00a0\u00a0\u00a0\u00a0\u00a0\u00a0\u00a0\u00a0 @CNC_ELOY_ALFARO<\/p>\r\n<p>CDES\u00a0 \u00a0\u00a0\u00a0\u00a0\u00a0\u00a0\u00a0\u00a0\u00a0\u00a0\u00a0\u00a0\u00a0\u00a0\u00a0\u00a0\u00a0\u00a0\u00a0\u00a0\u00a0\u00a0\u00a0\u00a0\u00a0\u00a0\u00a0\u00a0\u00a0\u00a0\u00a0\u00a0\u00a0 @CDESecuador<\/p>\r\n<p>OMASNE\u00a0 \u00a0\u00a0\u00a0\u00a0\u00a0\u00a0\u00a0\u00a0\u00a0\u00a0\u00a0\u00a0\u00a0\u00a0\u00a0\u00a0\u00a0\u00a0\u00a0\u00a0\u00a0\u00a0\u00a0\u00a0\u00a0 @omasneEcuador<\/p>\r\n<p>Acci\u00f3n Ecol\u00f3gica\u00a0\u00a0\u00a0 \u00a0\u00a0\u00a0\u00a0\u00a0\u00a0\u00a0\u00a0\u00a0\u00a0 @AcEcologica<\/p>\r\n<p>\u00a0<\/p>\r\n<p><strong>ALIANZA POR LOS DDHH\u00a0\u00a0\u00a0\u00a0\u00a0\u00a0\u00a0 <\/strong>\u00a0\u00a0\u00a0\u00a0\u00a0\u00a0\u00a0\u00a0\u00a0\u00a0\u00a0\u00a0 @DDHH_Alianza<\/p>\r\n<p>\u00a0\u00a0\u00a0\u00a0\u00a0\u00a0\u00a0\u00a0\u00a0\u00a0\u00a0\u00a0\u00a0\u00a0\u00a0\u00a0\u00a0\u00a0 \u00a0\u00a0\u00a0\u00a0\u00a0\u00a0\u00a0\u00a0\u00a0<\/p>\r\n<p><strong>ORGANIZACIONES ALIADAS<\/strong>\u00a0\u00a0\u00a0\u00a0\u00a0\u00a0\u00a0\u00a0\u00a0\u00a0\u00a0\u00a0\u00a0<\/p>\r\n<p>Caminantes \u00a0\u00a0\u00a0\u00a0\u00a0\u00a0\u00a0\u00a0\u00a0\u00a0\u00a0\u00a0\u00a0\u00a0\u00a0\u00a0\u00a0\u00a0\u00a0\u00a0\u00a0\u00a0\u00a0\u00a0\u00a0\u00a0\u00a0\u00a0\u00a0\u00a0\u00a0\u00a0\u00a0\u00a0\u00a0\u00a0\u00a0\u00a0\u00a0 @Caminantes_Ecu<\/p>\r\n<p>Defensor\u00eda del Pueblo\u00a0 \u00a0 \u00a0 \u00a0 \u00a0 \u00a0 \u00a0 \u00a0 \u00a0@DEFENSORIAEC<\/p>\r\n<p>Tegantai\u00a0\u00a0\u00a0\u00a0\u00a0 \u00a0\u00a0\u00a0\u00a0\u00a0\u00a0\u00a0\u00a0\u00a0\u00a0\u00a0\u00a0\u00a0\u00a0\u00a0\u00a0\u00a0\u00a0\u00a0\u00a0\u00a0\u00a0\u00a0\u00a0\u00a0\u00a0\u00a0\u00a0\u00a0\u00a0\u00a0\u00a0\u00a0\u00a0\u00a0\u00a0\u00a0\u00a0\u00a0\u00a0 @Tegantai<\/p>\r\n<p>CONAIE\u00a0\u00a0\u00a0 \u00a0\u00a0\u00a0\u00a0\u00a0\u00a0\u00a0\u00a0\u00a0\u00a0\u00a0\u00a0\u00a0\u00a0\u00a0\u00a0\u00a0\u00a0\u00a0\u00a0\u00a0\u00a0\u00a0\u00a0\u00a0\u00a0\u00a0\u00a0\u00a0\u00a0\u00a0\u00a0\u00a0\u00a0\u00a0\u00a0\u00a0\u00a0\u00a0\u00a0\u00a0 @CONAIE_Ecuador<\/p>\r\n<p>CONAICE \u00a0\u00a0\u00a0\u00a0\u00a0\u00a0\u00a0\u00a0\u00a0\u00a0\u00a0\u00a0\u00a0\u00a0\u00a0\u00a0\u00a0\u00a0\u00a0\u00a0\u00a0\u00a0\u00a0\u00a0\u00a0\u00a0\u00a0\u00a0\u00a0\u00a0\u00a0\u00a0\u00a0\u00a0\u00a0\u00a0\u00a0\u00a0\u00a0\u00a0\u00a0 @Conaice1<\/p>\r\n<p>INREDH\u00a0\u00a0\u00a0 \u00a0\u00a0\u00a0\u00a0\u00a0\u00a0\u00a0\u00a0\u00a0\u00a0\u00a0\u00a0\u00a0\u00a0\u00a0\u00a0\u00a0\u00a0\u00a0\u00a0\u00a0\u00a0\u00a0\u00a0\u00a0\u00a0\u00a0\u00a0\u00a0\u00a0\u00a0\u00a0\u00a0\u00a0\u00a0\u00a0\u00a0\u00a0\u00a0\u00a0\u00a0 @inredh1<\/p>\r\n<p>Pablo Iturralde\u00a0 \u00a0 \u00a0 \u00a0 \u00a0 \u00a0 \u00a0 \u00a0 \u00a0 \u00a0 \u00a0 \u00a0 \u00a0 \u00a0 \u00a0 \u00a0 @pabloiturralder<\/p>\r\n<p>Pancho Hurado\u00a0\u00a0\u00a0\u00a0 \u00a0\u00a0\u00a0\u00a0\u00a0\u00a0\u00a0\u00a0\u00a0\u00a0\u00a0\u00a0\u00a0\u00a0\u00a0\u00a0\u00a0\u00a0\u00a0\u00a0\u00a0\u00a0\u00a0\u00a0\u00a0\u00a0\u00a0\u00a0\u00a0 @HaranValer<\/p>\r\n<p>Alberto Acosta\u00a0\u00a0\u00a0\u00a0\u00a0 \u00a0\u00a0\u00a0\u00a0\u00a0\u00a0\u00a0\u00a0\u00a0\u00a0\u00a0\u00a0\u00a0\u00a0\u00a0\u00a0\u00a0\u00a0\u00a0\u00a0\u00a0\u00a0\u00a0\u00a0\u00a0\u00a0\u00a0\u00a0 @AlbertoAcostaE<\/p>\r\n<p>Harold Burbano\u00a0\u00a0\u00a0\u00a0 \u00a0\u00a0\u00a0\u00a0\u00a0\u00a0\u00a0\u00a0\u00a0\u00a0\u00a0\u00a0\u00a0\u00a0\u00a0\u00a0\u00a0\u00a0\u00a0\u00a0\u00a0\u00a0\u00a0\u00a0\u00a0\u00a0\u00a0\u00a0 @haburbano<\/p>\r\n<p>Freddy Carri\u00f3n\u00a0\u00a0\u00a0\u00a0\u00a0 \u00a0\u00a0\u00a0\u00a0\u00a0\u00a0\u00a0\u00a0\u00a0\u00a0\u00a0\u00a0\u00a0\u00a0\u00a0\u00a0\u00a0\u00a0\u00a0\u00a0\u00a0\u00a0\u00a0\u00a0\u00a0\u00a0\u00a0\u00a0 @freddcarrion<\/p>\r\n<p><strong>MINISTERIOS\u00a0 <\/strong>\u00a0\u00a0\u00a0\u00a0\u00a0\u00a0\u00a0\u00a0\u00a0\u00a0\u00a0\u00a0\u00a0\u00a0\u00a0\u00a0\u00a0\u00a0\u00a0\u00a0\u00a0\u00a0\u00a0\u00a0\u00a0\u00a0\u00a0\u00a0<\/p>\r\n<p>Ministerio de Salud\u00a0\u00a0\u00a0\u00a0\u00a0\u00a0\u00a0\u00a0\u00a0\u00a0\u00a0 \u00a0\u00a0\u00a0\u00a0\u00a0 <br \/>DrJuanCZevallos\u00a0\u00a0 \u00a0\u00a0\u00a0\u00a0\u00a0\u00a0\u00a0\u00a0\u00a0\u00a0\u00a0\u00a0 @Salud_Ec<\/p>\r\n<p>Ministerio del Ambiente\u00a0\u00a0 <br \/>@PauloProanoA<\/p>\r\n<p>@Ambiente_Ec<\/p>\r\n<p>Ministerio de Agricultura y Ganader\u00eda\u00a0\u00a0\u00a0\u00a0 \u00a0\u00a0\u00a0\u00a0 <br \/>@XavierLazoG\u00a0 <br \/>@AgriculturaEc<\/p>\r\n<p>Ministerio de Gobierno Ecuador\u00a0\u00a0 \u00a0 <br \/>@ppazminoec<br \/>@MinGobiernoEc<\/p>\r\n<p>Ministerios del Trabajo\u00a0\u00a0\u00a0\u00a0 \u00a0\u00a0\u00a0\u00a0\u00a0\u00a0\u00a0\u00a0\u00a0\u00a0\u00a0\u00a0\u00a0\u00a0\u00a0 <br \/>@andresisch<\/p>\r\n<p>@MinTrabajoEc\u00a0 \u00a0<\/p>\r\n<p>Asamblea\u00a0\u00a0\u00a0\u00a0\u00a0 <br \/>@AsambleaEcuador\u00a0 <br \/>Comisi\u00f3n que lleva el caso <br \/>@DerColectivos<\/p>\r\n<p>Asamble\u00edstas\u00a0\u00a0\u00a0\u00a0\u00a0\u00a0\u00a0\u00a0\u00a0 \u00a0\u00a0\u00a0\u00a0\u00a0\u00a0\u00a0\u00a0\u00a0\u00a0\u00a0<\/p>\r\n<p>Jaime Olivo\u00a0\u00a0 \u00a0\u00a0\u00a0\u00a0\u00a0 \u00a0\u00a0\u00a0\u00a0\u00a0\u00a0\u00a0\u00a0\u00a0\u00a0\u00a0\u00a0\u00a0\u00a0\u00a0 @JaimeOlivoAsam1<\/p>\r\n<p>Jorge Corozo\u00a0 \u00a0\u00a0\u00a0\u00a0\u00a0\u00a0\u00a0\u00a0\u00a0\u00a0\u00a0\u00a0\u00a0\u00a0\u00a0\u00a0\u00a0\u00a0\u00a0\u00a0 @JCorozo_Oficial \u00a0\u00a0\u00a0\u00a0\u00a0\u00a0\u00a0\u00a0\u00a0\u00a0\u00a0<\/p>\r\n<p>Jos\u00e9 Chal\u00e1\u00a0 \u00a0\u00a0\u00a0\u00a0\u00a0\u00a0\u00a0\u00a0\u00a0\u00a0\u00a0\u00a0\u00a0\u00a0\u00a0\u00a0\u00a0\u00a0\u00a0\u00a0\u00a0\u00a0\u00a0\u00a0\u00a0 @JoseChala_AN\u00a0\u00a0 \u00a0\u00a0\u00a0\u00a0\u00a0\u00a0\u00a0\u00a0\u00a0\u00a0\u00a0\u00a0<\/p>\r\n<p>Juan Crist\u00f3bal Lloret \u00a0\u00a0\u00a0\u00a0\u00a0\u00a0\u00a0\u00a0 @jotalloretv<\/p>\r\n<p>Marcela Agui\u00f1aga\u00a0 \u00a0\u00a0\u00a0\u00a0\u00a0 @marcelaguinaga<\/p>\r\n<p>\u00a0<\/p>\r\n<p>\u00a0<\/p>\r\n\r\n\r\n    \t","protected":false},"excerpt":{"rendered":"","protected":false},"author":1,"featured_media":0,"comment_status":"open","ping_status":"open","sticky":false,"template":"","format":"standard","meta":{"_siteseo_robots_primary_cat":"","_joinchat":[],"footnotes":""},"categories":[52],"tags":[],"class_list":["post-6499","post","type-post","status-publish","format-standard","hentry","category-trabajo"],"_links":{"self":[{"href":"https:\/\/cdes.org.ec\/webantigua\/wp-json\/wp\/v2\/posts\/6499","targetHints":{"allow":["GET"]}}],"collection":[{"href":"https:\/\/cdes.org.ec\/webantigua\/wp-json\/wp\/v2\/posts"}],"about":[{"href":"https:\/\/cdes.org.ec\/webantigua\/wp-json\/wp\/v2\/types\/post"}],"author":[{"embeddable":true,"href":"https:\/\/cdes.org.ec\/webantigua\/wp-json\/wp\/v2\/users\/1"}],"replies":[{"embeddable":true,"href":"https:\/\/cdes.org.ec\/webantigua\/wp-json\/wp\/v2\/comments?post=6499"}],"version-history":[{"count":1,"href":"https:\/\/cdes.org.ec\/webantigua\/wp-json\/wp\/v2\/posts\/6499\/revisions"}],"predecessor-version":[{"id":7878,"href":"https:\/\/cdes.org.ec\/webantigua\/wp-json\/wp\/v2\/posts\/6499\/revisions\/7878"}],"wp:attachment":[{"href":"https:\/\/cdes.org.ec\/webantigua\/wp-json\/wp\/v2\/media?parent=6499"}],"wp:term":[{"taxonomy":"category","embeddable":true,"href":"https:\/\/cdes.org.ec\/webantigua\/wp-json\/wp\/v2\/categories?post=6499"},{"taxonomy":"post_tag","embeddable":true,"href":"https:\/\/cdes.org.ec\/webantigua\/wp-json\/wp\/v2\/tags?post=6499"}],"curies":[{"name":"wp","href":"https:\/\/api.w.org\/{rel}","templated":true}]}}