{"id":6503,"date":"2020-12-29T20:43:35","date_gmt":"2020-12-29T20:43:35","guid":{"rendered":"https:\/\/cdes.org.ec\/webantigua\/?p=6503"},"modified":"2021-04-28T10:39:13","modified_gmt":"2021-04-28T10:39:13","slug":"boletin-reporte-de-audiencia-furukawa","status":"publish","type":"post","link":"https:\/\/cdes.org.ec\/webantigua\/boletin-reporte-de-audiencia-furukawa\/","title":{"rendered":"Bolet\u00edn | Reporte de audiencia Furukawa"},"content":{"rendered":"\n<p><em>29 de diciembre de 2020<\/em><\/p>\n<blockquote>\n<p><em>\u201cEstamos reclamando justicia y reparaci\u00f3n. Ni estando unidos hemos vencido a\u00fan a esta empresa, peor separados como se realiz\u00f3 la audiencia hoy. Nuestros antepasados murieron en la Furukawa, por eso, hoy exigimos que se nos entreguen tierras y compensaciones, para vivir dignamente\u201d\u00a0\u00a0<br \/><\/em><\/p>\n<p>Declaraciones durante la audiencia de Mar\u00eda Preciado, afectada por Furukawa.<\/p>\n<\/blockquote>\n<p>El martes 29 de diciembre de 2020 a las 8:10 am, en la Unidad Judicial de la ciudad de Santo Domingo, se instal\u00f3 la audiencia de acci\u00f3n de protecci\u00f3n en contra del Estado ecuatoriano y la empresa Furukawa Plantaciones C.A. del Ecuador, por el caso de <em>servidumbre de la gleba<\/em> al que han sido sometidas varias familias por dicha empresa, forma de esclavitud moderna prohibida internacionalmente por las Naciones Unidas. El caso se revel\u00f3 ante las autoridades estatales en el primer trimestre de 2018, trascendi\u00f3 a la opini\u00f3n p\u00fablica en febrero de 2019 y hace un a\u00f1o, 123 personas afectadas presentaron una demanda por vulneraci\u00f3n de derechos humanos, esto pese a que el Ministerio de Gobierno lleg\u00f3 a identificar a m\u00e1s de 1,100 personas afectadas.<\/p>\n<p>Cientos de familias campesinas, afrodescendientes y montubias, durante casi sesenta a\u00f1os, han vivido hacinados y trabajado por salarios de subsistencia, cosechando abac\u00e1 en condiciones indignas en campamentos ubicados en haciendas de esta compa\u00f1\u00eda abacalera, sin que hayan podido cambiar su situaci\u00f3n. Si bien, la instalaci\u00f3n de la audiencia es un hito para la resoluci\u00f3n del caso, el pa\u00eds atraviesa por una emergencia sanitaria y el gobierno central decret\u00f3 un nuevo estado de excepci\u00f3n, por lo que el Comit\u00e9 de Solidaridad \u201cFurukawa Nunca M\u00e1s\u201d solicit\u00f3 al Juez que lleva la causa el aplazamiento de la audiencia, sin que haya escuchado este pedido.<\/p>\n<p>En este sentido, las restricciones de movilidad impuestas dificultaron el desplazamiento de varias de las personas involucradas en el proceso, impidiendo que algunos testigos, peritos y otras personas que iban a presentar amicus curiae pudieran llegar a la ciudad de Santo Domingo para participar en la audiencia. A esta situaci\u00f3n hay que a\u00f1adir que la pericia sobre la contabilidad de la empresa, solicitada por el Juez, a\u00fan no ha concluido, precisamente porque el Gerente de la empresa Furukawa Plantaciones C.A. del Ecuador ha impedido la realizaci\u00f3n de dicho peritaje, es decir, ha evitado que se conozca las ganancias que obtienen al someter a servidumbre de la gleba a los trabajadores agr\u00edcolas encargados de cosechar el abac\u00e1 en sus haciendas.<\/p>\n<p>Previo a la audiencia, se desarroll\u00f3 una rueda de prensa, en la que se destacaron las violaciones a los derechos enfrentadas por los trabajadores y sus familias. Adem\u00e1s, se destac\u00f3 que las cuentas de Twitter @abacalerolibre y @cedhu fueron suspendidas a mediados de diciembre del 2020, lo cual llama particularmente la atenci\u00f3n, pues parecer\u00eda ser un intento de invisibilizar la instalaci\u00f3n de la audiencia y el control social que el caso amerita. Para mayor informaci\u00f3n sobre las exigencias del Comit\u00e9 de\u00a0\u00a0\u00a0 Solidaridad\u00a0\u00a0\u00a0 dirigirse\u00a0\u00a0 al\u00a0\u00a0\u00a0 video\u00a0\u00a0 de\u00a0\u00a0\u00a0 la\u00a0\u00a0\u00a0 rueda\u00a0\u00a0 de\u00a0\u00a0\u00a0 prensa\u00a0\u00a0 disponible\u00a0 en: <a href=\"http:\/\/bit.ly\/RuedaDePrensaFurukawaNuncaMas\">http:\/\/bit.ly\/RuedaDePrensaFurukawaNuncaMas<\/a><\/p>\n<p>La instalaci\u00f3n de la audiencia se dio en medio del absoluto incumplimiento de las normas de bioseguridad necesarias en la coyuntura actual. No todos los accionantes pudieron ingresar y aquellos que s\u00ed lo hicieron tuvieron que permanecer hacinados durante el proceso que dur\u00f3 aproximadamente ocho horas, en varias salas habilitadas para el efecto.<\/p>\n<p>Por otra parte, la audiencia estuvo afectada por la presencia de la Unidad de Mantenimiento del Orden (UMO) de la Polic\u00eda Nacional y de guardias armados de la empresa de seguridad privada de la compa\u00f1\u00eda, quienes impidieron que los accionantes, sus abogados y dem\u00e1s acompa\u00f1antes, pudi\u00e9ramos tener libre acceso a la sala de audiencia, que puedan escuchar la diligencia al menos desde el umbral de la puerta, adicional al amedrentamiento que esto significa por parte del Estado (a trav\u00e9s de la Polic\u00eda Nacional) y de Furukawa Plantaciones C.A del Ecuador (a trav\u00e9s de su empresa de seguridad), representaci\u00f3n gr\u00e1fica del proceder durante d\u00e9cadas de una empresa que ha actuado con la complicidad del Estado Ecuatoriano.<\/p>\n<blockquote>\n<p><em>\u201cTodos los compa\u00f1eros queremos justicia y reparaci\u00f3n. No es justo que nos tengan parados aqu\u00ed afuera de la sala de audiencia, como si uno no tuviera derecho a reclamar la justicia. Esto no es justo\u201d<\/em><\/p>\n<p>Declaraciones durante la audiencia de Luis Gonz\u00e1lez Jama, afectado por Furukawa.<\/p>\n<\/blockquote>\n<p>Alrededor de las 16:30, el Juez decidi\u00f3 suspender la audiencia. Durante la ma\u00f1ana pudo escuchar los testimonios de varias mujeres y hombres que relataron su experiencia de vivir y trabajar para la empresa a costa de su empobrecimiento y graves violaciones a sus derechos a la salud, al trabajo, a la educaci\u00f3n y a la vivienda, entre varios otros. As\u00ed mismo, dos Asamble\u00edstas de la Comisi\u00f3n de Derechos Colectivos (Juan Crist\u00f3bal Lloret y Jos\u00e9 Chal\u00e1 Cruz) rindieron sus testimonios sobre la visita que realizaron como parte del proceso de fiscalizaci\u00f3n dispuesto por el Pleno de la Asamblea Nacional del Ecuador. Queda a\u00fan pendiente que los demandados, el Estado y la empresa, contesten la demanda, que se presenten los <em>amicus curiae<\/em> y se realicen los alegatos finales y la r\u00e9plica que les corresponde a las familias afectadas, tal como ha informado su representante judicial, Alejandra Zambrano.<\/p>\n<p>El Estado ecuatoriano debi\u00f3, en 2018 en que tuvo pleno conocimiento del caso, tomar acciones diligentes y oportunas para sancionar a la empresa con todo el rigor de la ley y, as\u00ed mismo, reparar a las v\u00edctimas de estas graves violaciones; sin embargo, omisi\u00f3n tras omisi\u00f3n actualmente es responsable por permitir que la empresa siga operando, hasta el d\u00eda de hoy, en total impunidad mientras cientos de familias siguen esperando justicia y reparaci\u00f3n. El Comit\u00e9 de Solidaridad Furukawa Nunca M\u00e1s exhorta a la funci\u00f3n judicial a asegurar el debido proceso para la reinstalaci\u00f3n de la audiencia y, sobre todo, a garantizar el acceso a la justicia, de manera efectiva y oportuna, para la protecci\u00f3n de los derechos humanos de las familias que a\u00fan permanecen organizadas frente a la indolencia del gobierno nacional y los abusos cometidos por la empresa Furukawa.<\/p>\n<p>#FURUKAWANUNCAMAS #JusticiaV\u00edctimasFurukawa<\/p>\n<p><a href=\"http:\/\/www.furukawanuncamas.org\/\">www.furukawanuncamas.org<\/a> Mayor informaci\u00f3n: 099 271 3867<\/p>\n\n\n\n\n    \t","protected":false},"excerpt":{"rendered":"","protected":false},"author":1,"featured_media":6504,"comment_status":"open","ping_status":"open","sticky":false,"template":"","format":"standard","meta":{"_siteseo_robots_primary_cat":"","_joinchat":[],"footnotes":""},"categories":[52,68],"tags":[],"class_list":["post-6503","post","type-post","status-publish","format-standard","has-post-thumbnail","hentry","category-trabajo","category-noticiasjuridicas"],"_links":{"self":[{"href":"https:\/\/cdes.org.ec\/webantigua\/wp-json\/wp\/v2\/posts\/6503","targetHints":{"allow":["GET"]}}],"collection":[{"href":"https:\/\/cdes.org.ec\/webantigua\/wp-json\/wp\/v2\/posts"}],"about":[{"href":"https:\/\/cdes.org.ec\/webantigua\/wp-json\/wp\/v2\/types\/post"}],"author":[{"embeddable":true,"href":"https:\/\/cdes.org.ec\/webantigua\/wp-json\/wp\/v2\/users\/1"}],"replies":[{"embeddable":true,"href":"https:\/\/cdes.org.ec\/webantigua\/wp-json\/wp\/v2\/comments?post=6503"}],"version-history":[{"count":1,"href":"https:\/\/cdes.org.ec\/webantigua\/wp-json\/wp\/v2\/posts\/6503\/revisions"}],"predecessor-version":[{"id":7022,"href":"https:\/\/cdes.org.ec\/webantigua\/wp-json\/wp\/v2\/posts\/6503\/revisions\/7022"}],"wp:featuredmedia":[{"embeddable":true,"href":"https:\/\/cdes.org.ec\/webantigua\/wp-json\/wp\/v2\/media\/6504"}],"wp:attachment":[{"href":"https:\/\/cdes.org.ec\/webantigua\/wp-json\/wp\/v2\/media?parent=6503"}],"wp:term":[{"taxonomy":"category","embeddable":true,"href":"https:\/\/cdes.org.ec\/webantigua\/wp-json\/wp\/v2\/categories?post=6503"},{"taxonomy":"post_tag","embeddable":true,"href":"https:\/\/cdes.org.ec\/webantigua\/wp-json\/wp\/v2\/tags?post=6503"}],"curies":[{"name":"wp","href":"https:\/\/api.w.org\/{rel}","templated":true}]}}