{"id":6507,"date":"2021-01-04T22:39:30","date_gmt":"2021-01-04T22:39:30","guid":{"rendered":"https:\/\/cdes.org.ec\/webantigua\/?p=6507"},"modified":"2021-03-30T14:37:32","modified_gmt":"2021-03-30T14:37:32","slug":"furukawa-2020","status":"publish","type":"post","link":"https:\/\/cdes.org.ec\/webantigua\/furukawa-2020\/","title":{"rendered":"Se reanuda audiencia en caso contra empresa Furukawa y el Estado por esclavitud moderna"},"content":{"rendered":"\r\n<p id=\"viewer-foo\" class=\"XzvDs _208Ie ljrnk blog-post-text-font blog-post-text-color _2QAo- _1iXso wj-V5 ljrnk public-DraftStyleDefault-block-depth0 public-DraftStyleDefault-text-ltr\"><span class=\"vkIF2 public-DraftStyleDefault-ltr PDkkw\">Se reanuda audiencia del caso <a class=\"_1fYLo blog-link-hashtag-color _3C4BT _2N2cN\" href=\"https:\/\/www.furukawanuncamas.org\/noticias\/search\/.hash.furukawanuncam%C3%A1s\" target=\"_self\" rel=\"noopener\">#FurukawaNuncaM\u00e1s<\/a> el mi\u00e9rcoles 06 de enero, a la 08:30 en la sala 102 del Mezzanine del edificio del Palacio de Justicia, AV. Quito y R\u00edo Toachi en la Unidad Judicial de Santo Domingo, Ecuador. <\/span><\/p>\r\n<p id=\"viewer-mfmv\" class=\"XzvDs _208Ie ljrnk blog-post-text-font blog-post-text-color _2QAo- _1iXso wj-V5 ljrnk public-DraftStyleDefault-block-depth0 public-DraftStyleDefault-text-ltr\"><span class=\"vkIF2 public-DraftStyleDefault-ltr PDkkw\">El d\u00eda martes, 29 de diciembre de 2020, en la Unidad Judicial de la ciudad de Santo Domingo, se instal\u00f3 la audiencia de Acci\u00f3n de Protecci\u00f3n en contra del Estado ecuatoriano y la empresa Furukawa Plantaciones C.A. del Ecuador, por el sometimiento a servidumbre de la gleba que varias familias han enfrentado al cosechar abac\u00e1 para dicha empresa, forma de esclavitud moderna prohibida internacionalmente por la Organizaci\u00f3n de Naciones Unidas. Al terminar el d\u00eda, la audiencia fue suspendida por el Juez Vera Cede\u00f1o, despu\u00e9s de escuchar los testimonios de varias mujeres y hombres que relataron su experiencia de vivir y trabajar para la empresa a costa de su empobrecimiento y graves violaciones a sus derechos a la salud, al trabajo, a la educaci\u00f3n y a la vivienda, entre varios otros. La acci\u00f3n de protecci\u00f3n fue presentada en diciembre de 2019 y, en respuesta, la empresa demoli\u00f3 campamentos y desaloj\u00f3 a varias familias fuera de sus haciendas sin que el Estado hiciera nada para evitarlo. En consecuencia, el 12 de marzo y 15 de junio de 2020, el Juez de primer nivel dict\u00f3 medidas cautelares en favor de los accionantes, ante la inminente amenaza de un desplazamiento forzado por parte de la empresa Furukawa y la posible venta de las propiedades de la empresa. En estas medidas el Juez Vera Cede\u00f1o dispuso:<\/span><\/p>\r\n<p id=\"viewer-eh4u4\" class=\"XzvDs _208Ie ljrnk blog-post-text-font blog-post-text-color _2QAo- _1iXso wj-V5 ljrnk public-DraftStyleDefault-block-depth0 public-DraftStyleDefault-text-ltr\"><span class=\"vkIF2 public-DraftStyleDefault-ltr PDkkw\"> a) A la empresa y a la Polic\u00eda Nacional, abstenerse de realizar cualquier tipo de desalojo en las haciendas de propiedad de la Empresa Furukawa Plantaciones C.A. del Ecuador, en donde viven v\u00edctimas y accionantes de esta acci\u00f3n de protecci\u00f3n,<\/span><\/p>\r\n<p id=\"viewer-68o7a\" class=\"XzvDs _208Ie ljrnk blog-post-text-font blog-post-text-color _2QAo- _1iXso wj-V5 ljrnk public-DraftStyleDefault-block-depth0 public-DraftStyleDefault-text-ltr\"><span class=\"vkIF2 public-DraftStyleDefault-ltr PDkkw\"> b) La inscripci\u00f3n de la demanda de acci\u00f3n de protecci\u00f3n en el registro de la Propiedad de varios cantones, para que posibles compradores, conozcan que en dichos inmuebles viven los accionantes y que \u00e9stos no pueden ser sometidos a desplazamientos forzosos, <\/span><\/p>\r\n<p id=\"viewer-bfpgo\" class=\"XzvDs _208Ie ljrnk blog-post-text-font blog-post-text-color _2QAo- _1iXso wj-V5 ljrnk public-DraftStyleDefault-block-depth0 public-DraftStyleDefault-text-ltr\"><span class=\"vkIF2 public-DraftStyleDefault-ltr PDkkw\"> c) Se disponga a la Superintendencia de Compa\u00f1\u00edas tomar las medidas necesarias a efectos de evitar que los actos societarios o de disposici\u00f3n de activos, presentes o futuros, que pudiera realizar la compa\u00f1\u00eda FURUKAWA PLANTACIONES C.A. del Ecuador pudieran afectar los derechos de los accionantes. <\/span><\/p>\r\n<p class=\"XzvDs _208Ie ljrnk blog-post-text-font blog-post-text-color _2QAo- _1iXso wj-V5 ljrnk public-DraftStyleDefault-block-depth0 public-DraftStyleDefault-text-ltr\"><span class=\"vkIF2 public-DraftStyleDefault-ltr PDkkw\">El viernes 2 de Octubre de 2020 la empresa pidi\u00f3 la revocatoria de estas medidas cautelares, petici\u00f3n negada el 12 de octubre de 2020. Ante esta decisi\u00f3n, la empresa apel\u00f3 y la Corte Provincial de Santo Domingo de los Ts\u00e1chilas, el 30 de diciembre pasado, <strong>ratific\u00f3 la VIGENCIA DE LAS MEDIDAS CAUTELARES<\/strong>, precisando a favor de los accionantes lo siguiente:<\/span><\/p>\r\n<div id=\"viewer-3eeur\" class=\"q2uC4 _3kAGd\">\r\n<div class=\"_2G2B- _1V0VU _1V0VU\">\r\n<div class=\"_1Lhwj image-container _2mwxs\" tabindex=\"0\" role=\"button\" data-hook=\"imageViewer\">\r\n<div class=\"xdJBZ\" role=\"img\"><a href=\"file:\/\/\/C:\/Users\/Usuario\/OneDrive\/Desktop\/COMUNICADO%20%23FurukawaNuncaMa%CC%81s%20_%2006%20ENE%202021.pdf\"><img decoding=\"async\" class=\"_1Fjtc _2lDdg alignright\" src=\"https:\/\/static.wixstatic.com\/media\/b3409b_a204a966a1ee4525beadaf5f78bbaf04~mv2.jpg\/v1\/fill\/w_283,h_351,al_c,q_90,usm_0.66_1.00_0.01\/b3409b_a204a966a1ee4525beadaf5f78bbaf04~mv2.webp\" data-pin-url=\"https:\/\/www.furukawanuncamas.org\/post\/reanuda-accion-proteccion\" data-pin-media=\"https:\/\/static.wixstatic.com\/media\/b3409b_a204a966a1ee4525beadaf5f78bbaf04~mv2.jpg\/v1\/fit\/w_448%2Ch_555%2Cal_c%2Cq_80\/file.png\" \/><\/a><\/div>\r\n<\/div>\r\n<\/div>\r\n<\/div>\r\n<p id=\"viewer-50i8l\" class=\"XzvDs _208Ie ljrnk blog-post-text-font blog-post-text-color _2QAo- _25MYV _1Fao9 ljrnk public-DraftStyleDefault-block-depth0 public-DraftStyleDefault-text-ltr\"><span class=\"vkIF2 public-DraftStyleDefault-ltr\"><em>\u201c(&#8230;) rechaza el recurso de apelaci\u00f3n interpuesto, y en su lugar, reforma \u00fanicamente la segunda medida cautelar dictada en auto de fecha 15 de junio de 2020, y dispone: \u201c[\u2026] 2. \u201cOf\u00edciese con la demanda de acci\u00f3n de protecci\u00f3n a la Superintendencia de Compa\u00f1\u00edas y de manera personal a la Interventora M\u00f3nica del Pilar Valencia Coloma, con la finalidad que dicho \u00f3rgano de control e Interventora, haga conocer y deje constancia escrita, a quienes llegaren a adquirir por cualquier forma las acciones de la empresa accionada FURUKAWA PLANTACIONES C.A. del Ecuador, de la existencia de esta demanda, medida necesaria a efectos de evitar que los actos societarios o de disposici\u00f3n de activos, presentes o futuros, que pudiera realizar dicha compa\u00f1\u00eda afecten derechos de terceros por desconocimiento\u201d.<\/em><\/span><\/p>\r\n<div id=\"viewer-ev7v0\" class=\"XzvDs _208Ie ljrnk blog-post-text-font blog-post-text-color _2QAo- _1iXso wj-V5 ljrnk public-DraftStyleDefault-block-depth0 public-DraftStyleDefault-text-ltr\"><span class=\"vkIF2 public-DraftStyleDefault-ltr PDkkw\">La resoluci\u00f3n de la Corte Provincial reconoce que las medidas cautelares son pertinentes para evitar posibles desplazamientos forzados en contra de los accionantes que viven en las haciendas de propiedad de la empresa Furukawa Plantaciones C.A. del Ecuador, sea por el uso de la fuerza f\u00edsica (policial o de privados) o sea por la venta de las propiedades de la empresa. <\/span><\/div>\r\n<div id=\"viewer-91bq1\" class=\"XzvDs _208Ie ljrnk blog-post-text-font blog-post-text-color _2QAo- _1iXso wj-V5 ljrnk public-DraftStyleDefault-block-depth0 public-DraftStyleDefault-text-ltr\"><span class=\"vkIF2 public-DraftStyleDefault-ltr\">\u00a0<\/span><\/div>\r\n<p id=\"viewer-9mcv2\" class=\"XzvDs _208Ie ljrnk blog-post-text-font blog-post-text-color _2QAo- _1iXso wj-V5 ljrnk public-DraftStyleDefault-block-depth0 public-DraftStyleDefault-text-ltr\"><span class=\"vkIF2 public-DraftStyleDefault-ltr PDkkw\">En este contexto, el mi\u00e9rcoles 06 de enero, a la 08:30 en la sala 102 del Mezzanine del edificio del Palacio de Justicia, AV. Quito y R\u00edo Toachi en la Unidad Judicial de Santo Domingo, se reanudar\u00e1 la audiencia de la Acci\u00f3n de Protecci\u00f3n presentada por un grupo de 123 trabajadores y trabajadoras agr\u00edcolas, en contra de la empresa Furukawa Plantaciones C.A. del Ecuador y del Estado ecuatoriano, que busca se determine la vulneraci\u00f3n de derechos humanos provocada por d\u00e9cadas de esclavitud moderna a la que han sido sometidos.<\/span><\/p>\r\n<div id=\"viewer-4m118\" class=\"XzvDs _208Ie ljrnk blog-post-text-font blog-post-text-color _2QAo- _1iXso wj-V5 ljrnk public-DraftStyleDefault-block-depth0 public-DraftStyleDefault-text-ltr\"><span class=\"vkIF2 public-DraftStyleDefault-ltr\">\u00a0<\/span><span class=\"vkIF2 public-DraftStyleDefault-ltr PDkkw\">Si bien no tenemos certeza de cu\u00e1ndo se dictar\u00e1 la sentencia de primera instancia, seguimos vigilantes del cumplimiento de las medidas cautelares favorables a los accionantes, del respeto al derecho al debido proceso y, sobre todo, que se garantice el acceso a la tutela judicial efectiva y oportuna as\u00ed como la reparaci\u00f3n integral de los derechos humanos de las familias que han vivido y trabajo por d\u00e9cadas en indignas condiciones de vida, quienes permanecen organizadas pese a las omisiones y la negligencia con la que ha actuado el Gobierno Nacional y los nuevos abusos cometidos por la empresa.<\/span><\/div>\r\n<div id=\"viewer-65odi\" class=\"XzvDs _208Ie ljrnk blog-post-text-font blog-post-text-color _2QAo- _25MYV _1Fao9 ljrnk public-DraftStyleDefault-block-depth0 public-DraftStyleDefault-text-ltr\"><span class=\"vkIF2 public-DraftStyleDefault-ltr\">\u00a0<\/span><span class=\"vkIF2 public-DraftStyleDefault-ltr\"><a class=\"_1fYLo blog-link-hashtag-color _3C4BT _2N2cN\" href=\"https:\/\/www.furukawanuncamas.org\/noticias\/search\/.hash.justiciav%C3%ADctimasfurukawa\" target=\"_self\" rel=\"noopener\"><strong>#JusticiaV\u00edctimasFurukawa<\/strong><\/a><\/span><\/div>\r\n<p id=\"viewer-1g4e9\" class=\"XzvDs _208Ie ljrnk blog-post-text-font blog-post-text-color _2QAo- _1XrpH _1-QUK ljrnk public-DraftStyleDefault-block-depth0 public-DraftStyleDefault-text-ltr\"><span class=\"vkIF2 public-DraftStyleDefault-ltr\"><a class=\"_1fYLo blog-link-hashtag-color _3C4BT _2N2cN\" href=\"https:\/\/www.furukawanuncamas.org\/noticias\/search\/.hash.furukawanuncamas\" target=\"_self\" rel=\"noopener\"><strong>#FurukawaNuncaMas<\/strong><\/a><\/span><\/p>\r\n<hr \/>\r\n<p><strong>CONTACTO DE PRENSA<\/strong><br \/>Comunicaci\u00f3n Comit\u00e9 Solidaridad Furukawa Nunca M\u00e1s +593 99 902 9381<br \/>Para m\u00e1s informaci\u00f3n sobre el caso dirigirse a la p\u00e1gina web: <strong><a href=\"https:\/\/www.furukawanuncamas.org\/\">https:\/\/www.furukawanuncamas.org\/<\/a><\/strong><\/p>\r\n\r\n\r\n    \t","protected":false},"excerpt":{"rendered":"<p>Se reanuda audiencia del caso #FurukawaNuncaM\u00e1s el mi\u00e9rcoles 06 de enero, a la 08:30 en la sala<\/p>\n","protected":false},"author":1,"featured_media":6508,"comment_status":"open","ping_status":"open","sticky":true,"template":"","format":"standard","meta":{"_siteseo_robots_primary_cat":"","_joinchat":[],"footnotes":""},"categories":[52],"tags":[],"class_list":["post-6507","post","type-post","status-publish","format-standard","has-post-thumbnail","hentry","category-trabajo"],"_links":{"self":[{"href":"https:\/\/cdes.org.ec\/webantigua\/wp-json\/wp\/v2\/posts\/6507","targetHints":{"allow":["GET"]}}],"collection":[{"href":"https:\/\/cdes.org.ec\/webantigua\/wp-json\/wp\/v2\/posts"}],"about":[{"href":"https:\/\/cdes.org.ec\/webantigua\/wp-json\/wp\/v2\/types\/post"}],"author":[{"embeddable":true,"href":"https:\/\/cdes.org.ec\/webantigua\/wp-json\/wp\/v2\/users\/1"}],"replies":[{"embeddable":true,"href":"https:\/\/cdes.org.ec\/webantigua\/wp-json\/wp\/v2\/comments?post=6507"}],"version-history":[{"count":1,"href":"https:\/\/cdes.org.ec\/webantigua\/wp-json\/wp\/v2\/posts\/6507\/revisions"}],"predecessor-version":[{"id":6707,"href":"https:\/\/cdes.org.ec\/webantigua\/wp-json\/wp\/v2\/posts\/6507\/revisions\/6707"}],"wp:featuredmedia":[{"embeddable":true,"href":"https:\/\/cdes.org.ec\/webantigua\/wp-json\/wp\/v2\/media\/6508"}],"wp:attachment":[{"href":"https:\/\/cdes.org.ec\/webantigua\/wp-json\/wp\/v2\/media?parent=6507"}],"wp:term":[{"taxonomy":"category","embeddable":true,"href":"https:\/\/cdes.org.ec\/webantigua\/wp-json\/wp\/v2\/categories?post=6507"},{"taxonomy":"post_tag","embeddable":true,"href":"https:\/\/cdes.org.ec\/webantigua\/wp-json\/wp\/v2\/tags?post=6507"}],"curies":[{"name":"wp","href":"https:\/\/api.w.org\/{rel}","templated":true}]}}