{"id":6510,"date":"2021-01-07T12:04:21","date_gmt":"2021-01-07T12:04:21","guid":{"rendered":"https:\/\/cdes.org.ec\/webantigua\/?page_id=6510"},"modified":"2021-06-07T16:20:11","modified_gmt":"2021-06-07T16:20:11","slug":"no-a-la-privatizacion-del-banco-central-del-ecuador","status":"publish","type":"post","link":"https:\/\/cdes.org.ec\/webantigua\/no-a-la-privatizacion-del-banco-central-del-ecuador\/","title":{"rendered":"Firma la  Acci\u00f3n de Protecci\u00f3n para impedir la privatizaci\u00f3n del BCE"},"content":{"rendered":"\r\n<div class=\"wp-block-group\"><div class=\"wp-block-group__inner-container is-layout-flow wp-block-group-is-layout-flow\">\r\n<h2 class=\"has-text-color wp-block-heading\" style=\"color:#ba0c49;font-size:38px\">Firma la Acci\u00f3n de Protecci\u00f3n para impedir la privatizaci\u00f3n del Banco Central del Ecuador<\/h2>\r\n\r\n\r\n\r\n<div class=\"wp-block-columns is-layout-flex wp-container-core-columns-is-layout-9d6595d7 wp-block-columns-is-layout-flex\">\r\n<div class=\"wp-block-column is-layout-flow wp-block-column-is-layout-flow\">\r\n<p>S\u00famate a firmar la Acci\u00f3n de Protecci\u00f3n para impedir el avance de la agenda de austeridad del Fondo Monetario Internacional en&nbsp; Ecuador.<\/p>\r\n\r\n\r\n\r\n<p>La agenda impone de inmediato reformar el C\u00f3digo Monetario y Financiero. Tienen como objetivo principal la mal llamada \u00abindependencia\u00bb del Banco Central que en realidad implica entreg\u00e1rselo al sector financiero privado e impidiendo usarlo para contribuir en la superaci\u00f3n de la crisis sanitaria y econ\u00f3mica. <\/p>\r\n\r\n\r\n\r\n<p>Esta supuesta independencia del Banco Central&nbsp; viola el Art 303 de la Constituci\u00f3n.&nbsp; &nbsp;<\/p>\r\n\r\n\r\n\r\n<ul class=\"wp-block-list\"><li><em>Art.&nbsp; 303.-&nbsp; La formulaci\u00f3n de las pol\u00edticas monetaria, crediticia, cambiaria y financiera es facultad exclusiva de la Funci\u00f3n Ejecutiva y se instrumentar\u00e1 a trav\u00e9s del Banco Central. La ley regular\u00e1 la circulaci\u00f3n de la moneda con poder liberatorio en el territorio ecuatoriano.<\/em><\/li><\/ul>\r\n\r\n\r\n\r\n<p><em>La ejecuci\u00f3n de la pol\u00edtica crediticia y financiera tambi\u00e9n se ejercer\u00e1 a trav\u00e9s&nbsp; de la banca p\u00fablica.<\/em><em>El Banco central es una persona jur\u00eddica de derecho p\u00fablico, cuya organizaci\u00f3n y funcionamiento ser\u00e1 establecido por la ley.<\/em><\/p>\r\n\r\n\r\n\r\n<p>Adem\u00e1s implica cambiar la composici\u00f3n del directorio, que ser\u00eda integrado por cinco miembros del sector privado, retomando el esquema de funcionamiento de los 90\u00b4 que termin\u00f3 en una de las peores crisis de nuestra historia reciente.<\/p>\r\n\r\n\r\n\r\n<p>La \u00abprivatizaci\u00f3n\u00bb de la administraci\u00f3n del Banco Central ser\u00eda un pedido del FMI para institucionalizar la austeridad en el Ecuador con consecuencias negativas para las familias m\u00e1s vulnerables del pa\u00eds.<\/p>\r\n\r\n\r\n\r\n<p>CONVOCAN: <br><\/p>\r\n\r\n\r\n\r\n<p>Centro de Derechos Econ\u00f3micos y Sociales <\/p>\r\n\r\n\r\n\r\n<p>Acci\u00f3n Jur\u00eddica Popular<\/p>\r\n\r\n\r\n\r\n<p>Observatorio de la Dolarizaci\u00f3n<\/p>\r\n\r\n\r\n\r\n<p>Asamblea Nacional Ciudadana<\/p>\r\n<\/div>\r\n\r\n\r\n\r\n<div class=\"wp-block-column is-layout-flow wp-block-column-is-layout-flow\">\r\n<p>Puedes leer&nbsp; la acci\u00f3n de protecci\u00f3n completa aqu\u00ed:<\/p>\r\n\r\n\r\n\r\n<p class=\"wp-block-pdfemb-pdf-embedder-viewer\"><\/p>\r\n\r\n\r\n\r\n<h4><em><strong><a href=\"https:\/\/forms.gle\/77xSMJPGBvnkpXBF9\">Haz click AQU\u00cd para\u00a0 firmar<\/a><\/strong><\/em><\/h4>\r\n<h3><span style=\"color: #0000ff;\">Tambi\u00e9n puedes enviar tus nombres completos, n\u00famero de c\u00e9dula, firma digitalizada (foto legible) y copia de c\u00e9dula a este correo: cdes@cdes.org.ec<\/span><\/h3>\r\n<\/div>\r\n<\/div>\r\n<\/div><\/div>\r\n\r\n\r\n\r\n<div class=\"wp-block-buttons aligncenter is-layout-flex wp-block-buttons-is-layout-flex\">\r\n<div class=\"wp-block-button\"><a class=\"wp-block-button__link has-text-color has-background\" href=\"https:\/\/docs.google.com\/forms\/d\/e\/1FAIpQLSeVLK9S380yEsMuhOh5bqDaRUgV3A7swMbto15ibx_t5YZJgw\/viewform\" style=\"border-radius:2px;background-color:#ba0c49;color:#fffffa\" target=\"_blank\" rel=\"noreferrer noopener\">Firmar aqu\u00ed<\/a><\/div>\r\n\r\n\r\n\r\n<div class=\"wp-block-button is-style-outline is-style-outline--1\"><a class=\"wp-block-button__link has-text-color\" href=\"https:\/\/cdes.org.ec\/webantigua\/wp-content\/uploads\/2021\/01\/Accion-de-Proteccion-FMI.pdf\" style=\"border-radius:2px;color:#ba0c49\" target=\"_blank\" rel=\"noreferrer noopener\">Descargar Acci\u00f3n de Protecci\u00f3n<\/a><\/div>\r\n<\/div>\r\n    \t","protected":false},"excerpt":{"rendered":"<p>Firma la Acci\u00f3n de Protecci\u00f3n para impedir la privatizaci\u00f3n del [&hellip;]<\/p>\n","protected":false},"author":1,"featured_media":6539,"comment_status":"closed","ping_status":"closed","sticky":false,"template":"","format":"standard","meta":{"_siteseo_robots_primary_cat":"","_joinchat":[],"footnotes":""},"categories":[46,51],"tags":[],"class_list":["post-6510","post","type-post","status-publish","format-standard","has-post-thumbnail","hentry","category-deuda","category-politicamonetaria"],"_links":{"self":[{"href":"https:\/\/cdes.org.ec\/webantigua\/wp-json\/wp\/v2\/posts\/6510","targetHints":{"allow":["GET"]}}],"collection":[{"href":"https:\/\/cdes.org.ec\/webantigua\/wp-json\/wp\/v2\/posts"}],"about":[{"href":"https:\/\/cdes.org.ec\/webantigua\/wp-json\/wp\/v2\/types\/post"}],"author":[{"embeddable":true,"href":"https:\/\/cdes.org.ec\/webantigua\/wp-json\/wp\/v2\/users\/1"}],"replies":[{"embeddable":true,"href":"https:\/\/cdes.org.ec\/webantigua\/wp-json\/wp\/v2\/comments?post=6510"}],"version-history":[{"count":1,"href":"https:\/\/cdes.org.ec\/webantigua\/wp-json\/wp\/v2\/posts\/6510\/revisions"}],"predecessor-version":[{"id":7217,"href":"https:\/\/cdes.org.ec\/webantigua\/wp-json\/wp\/v2\/posts\/6510\/revisions\/7217"}],"wp:featuredmedia":[{"embeddable":true,"href":"https:\/\/cdes.org.ec\/webantigua\/wp-json\/wp\/v2\/media\/6539"}],"wp:attachment":[{"href":"https:\/\/cdes.org.ec\/webantigua\/wp-json\/wp\/v2\/media?parent=6510"}],"wp:term":[{"taxonomy":"category","embeddable":true,"href":"https:\/\/cdes.org.ec\/webantigua\/wp-json\/wp\/v2\/categories?post=6510"},{"taxonomy":"post_tag","embeddable":true,"href":"https:\/\/cdes.org.ec\/webantigua\/wp-json\/wp\/v2\/tags?post=6510"}],"curies":[{"name":"wp","href":"https:\/\/api.w.org\/{rel}","templated":true}]}}