{"id":6634,"date":"2021-02-18T13:25:10","date_gmt":"2021-02-18T18:25:10","guid":{"rendered":"https:\/\/cdes.org.ec\/webantigua\/?p=6634"},"modified":"2021-06-27T03:30:01","modified_gmt":"2021-06-27T03:30:01","slug":"sentencia-de-accion-de-proteccion-en-contra-de-las-medidas-de-fmi","status":"publish","type":"post","link":"https:\/\/cdes.org.ec\/webantigua\/sentencia-de-accion-de-proteccion-en-contra-de-las-medidas-de-fmi\/","title":{"rendered":"Sentencia de Acci\u00f3n de Protecci\u00f3n en contra de las medidas de FMI"},"content":{"rendered":"\r\n<p>DECISI\u00d3N: Por las consideraciones expuestas, conforme se resolvi\u00f3 oralmente en la continuaci\u00f3n de la audiencia, ADMINISTRANDO JUSTICIA, EN NOMBRE DEL PUEBLO SOBERANO DEL ECUADOR, Y POR AUTORIDAD DE LA CONSTITUCI\u00d3N Y LAS LEYES DE LA REP\u00daBLICA, se acepta parcialmente la acci\u00f3n de protecci\u00f3n planteada por LUIS ALBERTO SALAS KLOCKER y otros, en contra de Presidencia de la Rep\u00fablica representado por Lic. Len\u00edn Moreno Garc\u00e9s y Ministerio de Econom\u00eda y Finanzas representado por Economista Mauricio Pozo Crespo, como responsables de la planificaci\u00f3n, ejecuci\u00f3n y evaluaci\u00f3n de la pol\u00edtica econ\u00f3mica, en consecuencia se dispone:<\/p>\r\n<p>Declarar que la pol\u00edtica econ\u00f3mica y dentro de \u00e9sta la pol\u00edtica p\u00fablica de protecci\u00f3n al trabajo y pleno empleo planificada, ejecuta y evaluada por estos legitimados pasivos, vulnera el derecho al trabajo garantizado en el art\u00edculo 33 de la Constituci\u00f3n, vulneraci\u00f3n de tal magnitud que est\u00e1 afectando la dignidad de un n\u00famero elevado de trabajadores y empleados.<\/p>\r\n<p>Como medida de reparaci\u00f3n se dispone que estos legitimados pasivos:<\/p>\r\n<p>De manera inmediata y obligatoria reformulen la pol\u00edtica econ\u00f3mica y dentro de \u00e9sta la pol\u00edtica p\u00fablica de protecci\u00f3n al empleo conforme a las exigencias establecidas tanto en la Constituci\u00f3n, en la normativa legal y en el Plan Nacional de Desarrollo, a fin de garantizar el derecho al trabajo y elevar la tasa de pleno empleo.<\/p>\r\n<p>En un plazo prudencial formulen pol\u00edticas p\u00fablicas espec\u00edficas encaminadas a la protecci\u00f3n del trabajo y pleno empleo, con objetivos y metas puntuales y verificables objetivamente.<\/p>\r\n<p>Of\u00edciese a la Defensor\u00eda del Pueblo para que haga seguimiento del cumplimiento de la presente sentencia.<\/p>\r\n<p>Respecto a la Procuradur\u00eda General del Estado como legitimado pasivo, re rechaza la demanda dado que esta entidad p\u00fablica no es responsable de la planificaci\u00f3n, ejecuci\u00f3n o evaluaci\u00f3n de la pol\u00edtica econ\u00f3mica.<\/p>\r\n<p>Respecto de la Asamblea Nacional, el juzgado declara que no re\u00fane las condiciones de legitimado pasivo, en armon\u00eda lo resuelto en audiencia, se rechaza la demanda en su contra.<\/p>\r\n<p>Respecto del Fondo Monetario Internacional, igualmente conforme lo resuelto en audiencia, se considera que este demandado no re\u00fane la condiciones de legitimado pasivo, por tanto se rechaza la demanda en su contra.<\/p>\r\n<p>OTROS: Se llama la atenci\u00f3n a los abogados de los accionantes por faltar a la densa t\u00e9cnica y luego litigar con mala fe, generar incidentes, abandonar la audiencia sin justa causa y recurrir a las amenazas verbales; de igual forma se llama la atenci\u00f3n a los abogados de la Presidencia de la Rep\u00fablica y Ministerio de Econom\u00eda y Finanzas, por negarse a practicar la prueba, no asistir a la continuaci\u00f3n de la audiencia, y ante la falta de argumentos t\u00e9cnicos igualmente recurrir a la amenaza de seguir acciones disciplinarias en contra del juzgador, situaci\u00f3n que denota falta de razones y prepotencia.<\/p>\r\n<p>T\u00e9ngase en cuenta los recursos de apelaci\u00f3n presentados por los legitimados activos, respecto de la exclusi\u00f3n como demandado al Fondo Monetario Internacional; y tambi\u00e9n t\u00e9ngase en cuenta la apelaci\u00f3n presentada por la Procuradur\u00eda General del Estado, en tal virtud rem\u00edtase el expediente a la Corte Provincial. NOTIF\u00cdQUESE.<\/p>\r\n<p>&nbsp;<\/p>\r\n<p>f: ROMAN CA\u00d1IZARES WILLIAN PATRICIO, JUEZ<\/p>\r\n<p>Lo que comunico a usted para los fines de ley.<\/p>\r\n<p>GUARANGO JARA DALIA SUSANA<br \/>SECRETARIA<\/p>\r\n\r\n<p>&nbsp;<\/p>","protected":false},"excerpt":{"rendered":"<p>DECISI\u00d3N: Por las consideraciones expuestas, conforme se resolvi\u00f3 oralmente en la continuaci\u00f3n<\/p>\n","protected":false},"author":1,"featured_media":0,"comment_status":"open","ping_status":"open","sticky":false,"template":"","format":"standard","meta":{"_siteseo_robots_primary_cat":"","_joinchat":[],"footnotes":""},"categories":[46,70,52],"tags":[],"class_list":["post-6634","post","type-post","status-publish","format-standard","hentry","category-deuda","category-escritos","category-trabajo"],"_links":{"self":[{"href":"https:\/\/cdes.org.ec\/webantigua\/wp-json\/wp\/v2\/posts\/6634","targetHints":{"allow":["GET"]}}],"collection":[{"href":"https:\/\/cdes.org.ec\/webantigua\/wp-json\/wp\/v2\/posts"}],"about":[{"href":"https:\/\/cdes.org.ec\/webantigua\/wp-json\/wp\/v2\/types\/post"}],"author":[{"embeddable":true,"href":"https:\/\/cdes.org.ec\/webantigua\/wp-json\/wp\/v2\/users\/1"}],"replies":[{"embeddable":true,"href":"https:\/\/cdes.org.ec\/webantigua\/wp-json\/wp\/v2\/comments?post=6634"}],"version-history":[{"count":2,"href":"https:\/\/cdes.org.ec\/webantigua\/wp-json\/wp\/v2\/posts\/6634\/revisions"}],"predecessor-version":[{"id":8026,"href":"https:\/\/cdes.org.ec\/webantigua\/wp-json\/wp\/v2\/posts\/6634\/revisions\/8026"}],"wp:attachment":[{"href":"https:\/\/cdes.org.ec\/webantigua\/wp-json\/wp\/v2\/media?parent=6634"}],"wp:term":[{"taxonomy":"category","embeddable":true,"href":"https:\/\/cdes.org.ec\/webantigua\/wp-json\/wp\/v2\/categories?post=6634"},{"taxonomy":"post_tag","embeddable":true,"href":"https:\/\/cdes.org.ec\/webantigua\/wp-json\/wp\/v2\/tags?post=6634"}],"curies":[{"name":"wp","href":"https:\/\/api.w.org\/{rel}","templated":true}]}}