{"id":6693,"date":"2021-03-15T10:33:41","date_gmt":"2021-03-15T15:33:41","guid":{"rendered":"https:\/\/cdes.org.ec\/webantigua\/?p=6693"},"modified":"2021-06-25T20:41:04","modified_gmt":"2021-06-25T20:41:04","slug":"estudio-de-impacto-sostenible-para-soporte-de-la-evaluaciondel-acuerdo-comercialmultipartes","status":"publish","type":"post","link":"https:\/\/cdes.org.ec\/webantigua\/estudio-de-impacto-sostenible-para-soporte-de-la-evaluaciondel-acuerdo-comercialmultipartes\/","title":{"rendered":"PRESENTACI\u00d3N DE IMPACTO DEL ACM &#8211; UE EN LA ECONOM\u00cdA Y LOS DERECHOS LABORALES"},"content":{"rendered":"\r\n<p><strong><span style=\"vertical-align: inherit;\"><span style=\"vertical-align: inherit;\">No se puede probar que el ACM mejor\u00f3 los derechos laborales<\/span><\/span><\/strong><br \/><span style=\"vertical-align: inherit;\"><span style=\"vertical-align: inherit;\"> \u2022 Art\u00edculo 277 numeral 1 del T\u00edtulo IX: \u201cNinguna Parte incentivar\u00e1 el comercio o la inversi\u00f3n mediante la reducci\u00f3n de los niveles de protecci\u00f3n contemplados en su legislaci\u00f3n ambiental y laboral. <\/span><span style=\"vertical-align: inherit;\">En consecuencia, ninguna Parte dejar\u00e1 de aplicar, ni dejar\u00e1 sin efecto de alg\u00fan modo su legislaci\u00f3n ambiental y laboral de forma tal que reduzca la protecci\u00f3n otorgada en dichas leyes, para incentivar el comercio o la inversi\u00f3n \u201d<\/span><\/span><\/p>\r\n<p><strong><span style=\"vertical-align: inherit;\"><span style=\"vertical-align: inherit;\">\u00bfT\u00edtulo IX puede ayudar? <\/span><\/span><\/strong><br \/><span style=\"vertical-align: inherit;\"><span style=\"vertical-align: inherit;\">\u2022 No se definen los mecanismos para resolver controversias. <\/span><span style=\"vertical-align: inherit;\">No es vinculante. <\/span><span style=\"vertical-align: inherit;\">No se ha hecho nada con la queja presentada por los trabajadores bananeros. <\/span><\/span><br \/><span style=\"vertical-align: inherit;\"><span style=\"vertical-align: inherit;\">\u2022 Subgrupos de Trabajadores DAG abandon\u00f3 el mecanismo porque considera \u201cque no sirve\u201d. <\/span><\/span><br \/><span style=\"vertical-align: inherit;\"><span style=\"vertical-align: inherit;\">\u2022 El Gobierno no ha comprometido una pol\u00edtica de apoyo al DAG. <\/span><span style=\"vertical-align: inherit;\">No es soberano que los DAGs andinos est\u00e9n financiados por la UE. <\/span><\/span><br \/><span style=\"vertical-align: inherit;\"><span style=\"vertical-align: inherit;\">\u2022 Habr\u00eda que empezar por encontrar mecanismos para incidir en las peores formas de explotaci\u00f3n laboral como trabajo infantil, servidumbre de la gleba y otras formas contempor\u00e1neas an\u00e1logas a la esclavitud. <\/span><\/span><br \/><span style=\"vertical-align: inherit;\"><span style=\"vertical-align: inherit;\">\u2022 Es necesario revisar la compatibilidad de los compromisos y disposiciones del T\u00edtulo IX con los instrumentos internacionales de DD.HH. <\/span><span style=\"vertical-align: inherit;\">Incluyendo el sistema de la UE y las normas nacionales.<\/span><\/span><\/p>\r\n<p>\u00a0 \u00a0 \u00a0 \u00a0 \u00a0 \u00a0 \u00a0 \u00a0 \u00a0 \u00a0 \u00a0 \u00a0 \u00a0 \u00a0 \u00a0 \u00a0 \u00a0 \u00a0 \u00a0 \u00a0 \u00a0 \u00a0 \u00a0 \u00a0 <a href=\"https:\/\/cdes.org.ec\/webantigua\/wp-content\/uploads\/2021\/03\/2021.03.11-Estudio-de-Impacto-Sostenible-ACM-1.pdf\" target=\"_blank\" rel=\"noopener\"><strong><em><span style=\"vertical-align: inherit;\"><span style=\"vertical-align: inherit;\">\u00a0Lea y descargue el documento\u00a0<\/span><\/span><\/em><\/strong><\/a><\/p>\r\n","protected":false},"excerpt":{"rendered":"","protected":false},"author":1,"featured_media":7836,"comment_status":"open","ping_status":"open","sticky":false,"template":"","format":"standard","meta":{"_siteseo_robots_primary_cat":"","_joinchat":[],"footnotes":""},"categories":[5,20,23],"tags":[],"class_list":["post-6693","post","type-post","status-publish","format-standard","has-post-thumbnail","hentry","category-informes","category-tratadosdeinversion","category-tlc"],"_links":{"self":[{"href":"https:\/\/cdes.org.ec\/webantigua\/wp-json\/wp\/v2\/posts\/6693","targetHints":{"allow":["GET"]}}],"collection":[{"href":"https:\/\/cdes.org.ec\/webantigua\/wp-json\/wp\/v2\/posts"}],"about":[{"href":"https:\/\/cdes.org.ec\/webantigua\/wp-json\/wp\/v2\/types\/post"}],"author":[{"embeddable":true,"href":"https:\/\/cdes.org.ec\/webantigua\/wp-json\/wp\/v2\/users\/1"}],"replies":[{"embeddable":true,"href":"https:\/\/cdes.org.ec\/webantigua\/wp-json\/wp\/v2\/comments?post=6693"}],"version-history":[{"count":4,"href":"https:\/\/cdes.org.ec\/webantigua\/wp-json\/wp\/v2\/posts\/6693\/revisions"}],"predecessor-version":[{"id":8024,"href":"https:\/\/cdes.org.ec\/webantigua\/wp-json\/wp\/v2\/posts\/6693\/revisions\/8024"}],"wp:featuredmedia":[{"embeddable":true,"href":"https:\/\/cdes.org.ec\/webantigua\/wp-json\/wp\/v2\/media\/7836"}],"wp:attachment":[{"href":"https:\/\/cdes.org.ec\/webantigua\/wp-json\/wp\/v2\/media?parent=6693"}],"wp:term":[{"taxonomy":"category","embeddable":true,"href":"https:\/\/cdes.org.ec\/webantigua\/wp-json\/wp\/v2\/categories?post=6693"},{"taxonomy":"post_tag","embeddable":true,"href":"https:\/\/cdes.org.ec\/webantigua\/wp-json\/wp\/v2\/tags?post=6693"}],"curies":[{"name":"wp","href":"https:\/\/api.w.org\/{rel}","templated":true}]}}