{"id":6717,"date":"2021-03-24T12:26:59","date_gmt":"2021-03-24T17:26:59","guid":{"rendered":"https:\/\/cdes.org.ec\/webantigua\/?p=6717"},"modified":"2021-03-24T12:26:59","modified_gmt":"2021-03-24T17:26:59","slug":"evaluacion-y-taller-ex-post-del-acuerdo-comercial-ente-eu-ecuador","status":"publish","type":"post","link":"https:\/\/cdes.org.ec\/webantigua\/evaluacion-y-taller-ex-post-del-acuerdo-comercial-ente-eu-ecuador\/","title":{"rendered":"Evaluaci\u00f3n ex post del Acuerdo Comercial entre la UE, Ecuador, Colombia y Per\u00fa"},"content":{"rendered":"\n<h3><strong>Sobre el Acuerdo comercial entre la Uni\u00f3n Europea, Colombia, Ecuador y Per\u00fa<\/strong><\/h3>\n<p>Desde 2013, la Uni\u00f3n Europea (UE) mantiene un Acuerdo comercial con Colombia y Per\u00fa, al cual se uni\u00f3 Ecuador en 2017. El acuerdo dispone la apertura gradual de los mercados por ambas partes y aumenta la estabilidad y la predictibilidad del entorno comercial y de inversiones. Tambi\u00e9n es uno de los primeros acuerdos comerciales \u201cde nueva generaci\u00f3n\u201d de la UE, caracterizado por el amplio espectro que cubre adem\u00e1s de por liberalizar el comercio de productos y servicios, las inversiones, las contrataciones p\u00fablicas, la competencia, los derechos de propiedad intelectual y los asuntos relativos al comercio y al desarrollo sostenible.<\/p>\n<h3><strong>Acerca de la evaluaci\u00f3n del Acuerdo comercial<\/strong><\/h3>\n<p>Varios a\u00f1os despu\u00e9s de su implementaci\u00f3n, un estudio de evaluaci\u00f3n analizar\u00e1 el impacto econ\u00f3mico, social, sobre los derechos humanos (incluyendo los derechos laborales) y medioambiental de la implementaci\u00f3n del acuerdo.<\/p>\n<p>Se est\u00e1 encargando de la evaluaci\u00f3n BKP Economic Advisors, una empresa alemana de investigaciones econ\u00f3micas y consultor\u00eda, en cooperaci\u00f3n con Trade Impact BV, Global Sustainable Solutions, Trinomics, la Universidad del Rosario de Bogot\u00e1, la Universidad San Francisco de Quito y el Instituto de Estudios Peruanos de Lima. Los trabajos comenzaron a finales de abril de 2020 y se prolongar\u00e1n a lo largo de 13 meses. En este sitio web le informaremos acerca de los progresos de la evaluaci\u00f3n, incluyendo las consultas con accionistas, y publicaremos todos los informes producidos (informe inicial, intermedios y final).<\/p>\n<h3><strong>Taller virtual para presentar y discutir resultados preliminares Ecuador<\/strong><\/h3>\n<div>\n<ul>\n<li><strong>Presentaciones:<\/strong>\n<ul>\n<li>Sesi\u00f3n: Contexto y puntos de vista de la sociedad\n<ul>\n<li><a href=\"http:\/\/www.fta-evaluation.eu\/images\/workshops\/Slides_ECU_S1_ES_2021-03-10-intro.pdf\" target=\"_blank\" rel=\"noopener noreferrer\">Contexto de la evaluaci\u00f3n<\/a>\u00a0(presentaci\u00f3n por el equipo de evaluaci\u00f3n)<\/li>\n<li><a href=\"http:\/\/www.fta-evaluation.eu\/images\/workshops\/Contexto_Pablo_Iturralde.pdf\" target=\"_blank\" rel=\"noopener noreferrer\">Presentaci\u00f3n por Pablo Iturralde<\/a>, Centro de Derechos Econ\u00f3micos y Sociales (CDES)<\/li>\n<li><a href=\"http:\/\/www.fta-evaluation.eu\/images\/workshops\/Contexto_Genaro_Baldeon.pdf\" target=\"_blank\" rel=\"noopener noreferrer\">Presentaci\u00f3n por Genaro Balde\u00f3n<\/a>, Consejo de C\u00e1maras y Asociaciones de la Producci\u00f3n (CCAP)<\/li>\n<\/ul>\n<\/li>\n<li>Sesi\u00f3n: Aspectos de desarrollo sostenible<br \/>\n<ul>\n<li><a href=\"http:\/\/www.fta-evaluation.eu\/images\/workshops\/Slides_ECU_S2-1_ES_2021-03-11-soc.pdf\" target=\"_blank\" rel=\"noopener noreferrer\">Efectos sociales del Acuerdo<\/a>\u00a0(presentaci\u00f3n por el equipo de evaluaci\u00f3n)<\/li>\n<li><a href=\"http:\/\/www.fta-evaluation.eu\/images\/workshops\/Social_Sharian_Moreno.pdf\" target=\"_blank\" rel=\"noopener noreferrer\">Presentaci\u00f3n por Sharian Moreno<\/a>, Viceministra de Trabajo y Empleo<\/li>\n<li><a href=\"http:\/\/www.fta-evaluation.eu\/images\/workshops\/Slides_ECU_S2-2_ES_2021-03-11-env.pdf\" target=\"_blank\" rel=\"noopener noreferrer\">Efectos ambientales del Acuerdo<\/a>\u00a0(presentaci\u00f3n por el equipo de evaluaci\u00f3n)<\/li>\n<li><a href=\"http:\/\/www.fta-evaluation.eu\/images\/workshops\/Ambiental_Elizabeth_Bravo.pdf\" target=\"_blank\" rel=\"noopener noreferrer\">Presentaci\u00f3n por Elizabeth Bravo<\/a>, Acci\u00f3n Ecol\u00f3gica<\/li>\n<li><a href=\"http:\/\/www.fta-evaluation.eu\/images\/workshops\/Slides_ECU_S2-3_ES_2021-03-08-hr.pdf\" target=\"_blank\" rel=\"noopener noreferrer\">Efectos del Acuerdo sobre los derechos humanos<\/a>\u00a0(presentaci\u00f3n por el equipo de evaluaci\u00f3n)<\/li>\n<\/ul>\n<\/li>\n<li>Sesi\u00f3n: Efectos econ\u00f3micos\n<ul>\n<li><a href=\"http:\/\/www.fta-evaluation.eu\/images\/workshops\/Slides_ECU_S3_ES_2021-03-11-econ.pdf\" target=\"_blank\" rel=\"noopener noreferrer\">Efectos econ\u00f3micos del Acuerdo<\/a>\u00a0(presentaci\u00f3n por el equipo de evaluaci\u00f3n)<\/li>\n<\/ul>\n<\/li>\n<li>Sesi\u00f3n: Aspectos institucionales\n<ul>\n<li><a href=\"http:\/\/www.fta-evaluation.eu\/images\/workshops\/Slides_ECU_S4_ES_2021-03-11-inst.pdf\" target=\"_blank\" rel=\"noopener noreferrer\">Asuntos institucionales del Acuerdo<\/a>\u00a0(presentaci\u00f3n por el equipo de evaluaci\u00f3n)<\/li>\n<li><a href=\"http:\/\/www.fta-evaluation.eu\/images\/workshops\/Instituciones_Anahi_Macaroff.pdf\" target=\"_blank\" rel=\"noopener noreferrer\">Presentaci\u00f3n por Anah\u00ed Macaroff<\/a>, Instituto de Estudios Ecuatorianos<\/li>\n<\/ul>\n<\/li>\n<\/ul>\n<\/li>\n<li><strong>Otros documentos<\/strong>\n<ul>\n<li><a href=\"http:\/\/www.fta-evaluation.eu\/images\/stakeholders\/Posicionamiento_exportadores_banano_2021-03-23.pdf\" target=\"_blank\" rel=\"noopener noreferrer\">Posicionamiento de los productores y exportadores de banano de Latinoam\u00e9rica<\/a><\/li>\n<\/ul>\n<\/li>\n<li><strong>Prensa<\/strong>\n<ul>\n<li><a href=\"https:\/\/www.expreso.ec\/actualidad\/economia\/ecuador-le-saco-partido-acuerdo-union-europea-100771.html\" target=\"_blank\" rel=\"noopener noreferrer\">El Expreso: Ecuador le sac\u00f3 m\u00e1s partido al acuerdo con la Uni\u00f3n Europea<\/a>, 18 de marzo 2021<\/li>\n<li><a href=\"https:\/\/www.elcomercio.com\/actualidad\/ue-comercio-exportaciones-acuerdo-envios.html\" target=\"_blank\" rel=\"noopener noreferrer\">El Comercio: La tarea pendiente de Ecuador es diversificar exportaciones hacia la UE<\/a>, 17 de marzo 2021<\/li>\n<li><a href=\"https:\/\/www.eluniverso.com\/noticias\/economia\/acuerdo-multipartes-evaluacion-cuatro-anos-balanza-comercial-efectos-ambientales-laborales-marzo-2021-nota\/\" target=\"_blank\" rel=\"noopener noreferrer\">El Universo: Acuerdo con UE deja buenos resultados econ\u00f3micos, pero a\u00fan hay temas ambientales y laborales por resolver, dicen expertos<\/a>, 12 de marzo 2021<\/li>\n<\/ul>\n<\/li>\n<\/ul>\n<\/div>\n","protected":false},"excerpt":{"rendered":"","protected":false},"author":1,"featured_media":6236,"comment_status":"open","ping_status":"open","sticky":false,"template":"","format":"standard","meta":{"_siteseo_robots_primary_cat":"","_joinchat":[],"footnotes":""},"categories":[20,23],"tags":[],"class_list":["post-6717","post","type-post","status-publish","format-standard","has-post-thumbnail","hentry","category-tratadosdeinversion","category-tlc"],"_links":{"self":[{"href":"https:\/\/cdes.org.ec\/webantigua\/wp-json\/wp\/v2\/posts\/6717","targetHints":{"allow":["GET"]}}],"collection":[{"href":"https:\/\/cdes.org.ec\/webantigua\/wp-json\/wp\/v2\/posts"}],"about":[{"href":"https:\/\/cdes.org.ec\/webantigua\/wp-json\/wp\/v2\/types\/post"}],"author":[{"embeddable":true,"href":"https:\/\/cdes.org.ec\/webantigua\/wp-json\/wp\/v2\/users\/1"}],"replies":[{"embeddable":true,"href":"https:\/\/cdes.org.ec\/webantigua\/wp-json\/wp\/v2\/comments?post=6717"}],"version-history":[{"count":0,"href":"https:\/\/cdes.org.ec\/webantigua\/wp-json\/wp\/v2\/posts\/6717\/revisions"}],"wp:featuredmedia":[{"embeddable":true,"href":"https:\/\/cdes.org.ec\/webantigua\/wp-json\/wp\/v2\/media\/6236"}],"wp:attachment":[{"href":"https:\/\/cdes.org.ec\/webantigua\/wp-json\/wp\/v2\/media?parent=6717"}],"wp:term":[{"taxonomy":"category","embeddable":true,"href":"https:\/\/cdes.org.ec\/webantigua\/wp-json\/wp\/v2\/categories?post=6717"},{"taxonomy":"post_tag","embeddable":true,"href":"https:\/\/cdes.org.ec\/webantigua\/wp-json\/wp\/v2\/tags?post=6717"}],"curies":[{"name":"wp","href":"https:\/\/api.w.org\/{rel}","templated":true}]}}