{"id":6767,"date":"2021-05-18T13:01:58","date_gmt":"2021-05-18T18:01:58","guid":{"rendered":"https:\/\/cdes.org.ec\/webantigua\/?p=6767"},"modified":"2021-05-18T13:01:58","modified_gmt":"2021-05-18T18:01:58","slug":"a-la-ciudadania-sobre-los-ultimos-acontecimientos-que-involucran-a-la-defensoria-del-pueblo","status":"publish","type":"post","link":"https:\/\/cdes.org.ec\/webantigua\/a-la-ciudadania-sobre-los-ultimos-acontecimientos-que-involucran-a-la-defensoria-del-pueblo\/","title":{"rendered":"A la ciudadan\u00eda sobre los \u00faltimos acontecimientos que involucran a la Defensor\u00eda del Pueblo"},"content":{"rendered":"\n<p>Quito, 18 de mayo de 2021<\/p>\n<p>El Comit\u00e9 de las V\u00edctimas de Octubre \u201cMARCO OTTO\u201d y el Centro de Derechos Econ\u00f3micos y Sociales &#8211; CDES, lamentan profundamente las expresiones de algunos medios digitales \u00a0y personas vinculadas al \u00e1mbito pol\u00edtico que pretenden confundir a la opini\u00f3n p\u00fablica al intentar desprestigiar la labor realizada por la Defensor\u00eda del Pueblo de Ecuador y la Comisi\u00f3n Especial para la Verdad y la Justicia; a prop\u00f3sito de los hechos ocurridos con el Defensor del Pueblo ocurridos el d\u00eda 16 de mayo del a\u00f1o en curso, que actualmente se encuentran en investigaci\u00f3n de la justicia.<\/p>\n<p>Como organizaciones de defensa de los derechos, reconocemos el importante rol de la Comisi\u00f3n Especial que se enmarca en las experiencias internacionales y en los est\u00e1ndares internacionales para la protecci\u00f3n de los Derechos Humanos. La Oficina del Alto Comisionado de las Naciones Unidas para los Derechos Humanos, al respecto ha se\u00f1alado que: <em>la labor de una Comisi\u00f3n de la Verdad es ayudar a una sociedad a comprender y reconocer una historia que se niega o se pone en tela de juicio, y con ello dar a conocer p\u00fablicamente los testimonios y las historias de las v\u00edctimas, que a menudo se han ocultado a la poblaci\u00f3n.<\/em><\/p>\n<p>Las Comisiones de la Verdad en Am\u00e9rica Latina han aportado a la verdad, justicia, y reparaci\u00f3n, y han permitido, entre otras cosas, el esclarecimiento de la verdad en delitos de lesa humanidad y graves violaciones de derechos humanos.<\/p>\n<p>Al respecto, es importante se\u00f1alar que la Defensor\u00eda del Pueblo de Ecuador, como la Instituci\u00f3n Nacional de Derechos Humanos que promueve y protege los derechos de las personas, comunidades, pueblos, nacionalidades y colectivos que habitan en el pa\u00eds y de ecuatorianas y ecuatorianos en el exterior; cre\u00f3 la Comisi\u00f3n Especial para la Verdad y Justicia, \u00a0conformada por personas de la sociedad civil, destacadas en el \u00e1mbito de los derechos humanos, para que investigue las violaciones a los derechos humanos cometidas durante las manifestaciones de octubre de 2019 en Ecuador, desde una visi\u00f3n imparcial y con enfoque de derechos, con el af\u00e1n de buscar la verdad, justicia y reparaci\u00f3n para todas las v\u00edctimas.<\/p>\n<p>La Comisi\u00f3n estuvo conformada por: Sybel Marti\u0301nez Reinoso (presidenta); los comisionados Juan Carlos Solines Moreno y Xavier Zavala Egas y cont\u00f3 con el apoyo de una Comisi\u00f3n t\u00e9cnica interna de la Defensor\u00eda del Pueblo, compuesta por un s\u00f3lido equipo t\u00e9cnico, con el objetivo de confirmar, obtener o producir nueva informaci\u00f3n necesaria para cumplir con su objetivo de aportar al esclarecimiento de las violaciones a los derechos humanos ocurridas en Ecuador.<\/p>\n<p>La Comisi\u00f3n realiz\u00f3 durante m\u00e1s de un a\u00f1o, un arduo trabajo en el que se recogieron 19 testimonios, 249 se identificaron como v\u00edctimas de violaciones de DDHH, de ellas 189 fueron perpetrados por el personal de Polic\u00eda Nacional que corresponde al 75%; el 34% por personal de FFAA ubic\u00e1ndose en un 13%; y luego 26 personas de entidades p\u00fablicas que son del 10% quienes no actuaron de acuerdo a sus competencias.<\/p>\n<p>Para todas las v\u00edctimas y sus familiares, haber tenido la oportunidad de ser escuchadas y de encontrar el respaldo de la Defensor\u00eda del Pueblo en la b\u00fasqueda de la Verdad, Justicia y Reparaci\u00f3n ha sido un paso fundamental para iniciar el proceso que permita sanar las heridas de los afectados\/as y sus familias, fortalecer los procesos que buscan justicia y reparaci\u00f3n, y recuperar la memoria hist\u00f3rica colectiva de las violaciones a los derechos humanos ocurridas durante la sangrienta represi\u00f3n que pretendi\u00f3 silenciar al pueblo que se manifestaba en defensa de sus derechos en octubre de 2019 .<\/p>\n<p>En ese sentido, reafirmamos el respaldo a la Comisi\u00f3n Especial para la Verdad y la Justicia y a la Defensor\u00eda del Pueblo, como Instituci\u00f3n Nacional de Derechos Humanos del Ecuador, y rechaza las expresiones de actores interesados en aprovechar la coyuntura para que la verdad sobre lo ocurrido en octubre 2019 sea una vez m\u00e1s acallada. Silenciar a la Comisi\u00f3n y su informe constituye una nueva violaci\u00f3n a los derechos humanos del Pueblo ecuatoriano, que no podemos permitir.<\/p>\n<p>Recordamos que las actuaciones personales del Dr. Fredy Carri\u00f3n, Defensor del Pueblo, deben ser investigadas, esclarecidas y juzgadas por las instancias competentes en el marco del respeto a los derechos humanos y el debido proceso.\u00a0<\/p>\n<p>Desde nuestras organizaciones seguiremos exigiendo a las autoridades nacionales, Verdad, Justicia, Reparaci\u00f3n y Memoria para todos los afectados de octubre y sus familias.<\/p>\n\n\n","protected":false},"excerpt":{"rendered":"","protected":false},"author":1,"featured_media":6234,"comment_status":"open","ping_status":"open","sticky":false,"template":"","format":"standard","meta":{"_siteseo_robots_primary_cat":"","_joinchat":[],"footnotes":""},"categories":[6,16,68],"tags":[],"class_list":["post-6767","post","type-post","status-publish","format-standard","has-post-thumbnail","hentry","category-campesino","category-mujeres-indigenas","category-noticiasjuridicas"],"_links":{"self":[{"href":"https:\/\/cdes.org.ec\/webantigua\/wp-json\/wp\/v2\/posts\/6767","targetHints":{"allow":["GET"]}}],"collection":[{"href":"https:\/\/cdes.org.ec\/webantigua\/wp-json\/wp\/v2\/posts"}],"about":[{"href":"https:\/\/cdes.org.ec\/webantigua\/wp-json\/wp\/v2\/types\/post"}],"author":[{"embeddable":true,"href":"https:\/\/cdes.org.ec\/webantigua\/wp-json\/wp\/v2\/users\/1"}],"replies":[{"embeddable":true,"href":"https:\/\/cdes.org.ec\/webantigua\/wp-json\/wp\/v2\/comments?post=6767"}],"version-history":[{"count":0,"href":"https:\/\/cdes.org.ec\/webantigua\/wp-json\/wp\/v2\/posts\/6767\/revisions"}],"wp:featuredmedia":[{"embeddable":true,"href":"https:\/\/cdes.org.ec\/webantigua\/wp-json\/wp\/v2\/media\/6234"}],"wp:attachment":[{"href":"https:\/\/cdes.org.ec\/webantigua\/wp-json\/wp\/v2\/media?parent=6767"}],"wp:term":[{"taxonomy":"category","embeddable":true,"href":"https:\/\/cdes.org.ec\/webantigua\/wp-json\/wp\/v2\/categories?post=6767"},{"taxonomy":"post_tag","embeddable":true,"href":"https:\/\/cdes.org.ec\/webantigua\/wp-json\/wp\/v2\/tags?post=6767"}],"curies":[{"name":"wp","href":"https:\/\/api.w.org\/{rel}","templated":true}]}}