{"id":6775,"date":"2021-06-01T15:34:40","date_gmt":"2021-06-01T20:34:40","guid":{"rendered":"https:\/\/cdes.org.ec\/webantigua\/?p=6775"},"modified":"2021-06-02T12:33:23","modified_gmt":"2021-06-02T12:33:23","slug":"taller-con-mujeres-de-la-amazonia-sur","status":"publish","type":"post","link":"https:\/\/cdes.org.ec\/webantigua\/taller-con-mujeres-de-la-amazonia-sur\/","title":{"rendered":"Taller con mujeres de la Amazon\u00eda Sur"},"content":{"rendered":"\r\n\r\n\r\n<p><strong>Formaci\u00f3n de Mujeres:<\/strong><\/p>\r\n<p><strong>Un acercamiento a la Sexualidad desde el territorio shuar<\/strong><\/p>\r\n<p><strong>Las mujeres del territorio shuar de Pastaza reflexionan sobre su ser mujer desde su territorio <\/strong><\/p>\r\n<p>Las concepciones que naturalizan a la mujer como el sexo d\u00e9bil son deliberadas por las mujeres shuar a trav\u00e9s de una reflexi\u00f3n m\u00e1s profunda sobre el cuerpo humano y las diferencias que existen entre el cuerpo de la mujer y el hombre.<\/p>\r\n<p>El nuevo encuentro de la\u00a0 Escuela de Formaci\u00f3n de Mujeres Yapit de la FENASH-P se realiz\u00f3 los d\u00edas 28 y 29 de mayo en la Comunidad Shuar de Tsuraku sede territorial de la FENASH-P. Cont\u00f3 con la participaci\u00f3n de delegadas de las diferentes asociaciones que conforman la nacionalidad. La tem\u00e1tica tratada gir\u00f3 alrededor de la sexualidad, violencia contra la mujer y territorio.<\/p>\r\n<p>Los cuatro elementos sagrados de la vida: agua, tierra, aire y fuego dieron inicio a la jornada as\u00ed como la reflexi\u00f3n del ser mujer con identidad shuar. Los s\u00edmbolos que corresponden a cada elemento sagrado tuvieron un car\u00e1cter general, esto provoc\u00f3 la reflexi\u00f3n y el compromiso de retomar la simbolog\u00eda amaz\u00f3nica y propiamente la shuar.<\/p>\r\n<p>\u201cLa mujer es d\u00e9bil\u201d fue una idea central que sali\u00f3 de los grupos de trabajo para reflexionar sobre como las diferencias f\u00edsicas, espec\u00edficamente el aparato reproductivo condicionan la forma de pensar, sentir y vivir de hombres y mujeres.<\/p>\r\n<p>La discusi\u00f3n fue ampliada en contacto con el proceso organizativo y formativo del colectivo Sacha Warmi. En este espacio conducido por Rosa Canelos co-fundadora de la organizaci\u00f3n Sacha Warmi, donde dirige el programa \u00abMujer, Familia y Territorio\u00bb. Al finalizar la jornada y despu\u00e9s de un ejercicio pr\u00e1ctico de empoderamiento mediante la elaboraci\u00f3n de jabones concluye la jornada con nuevas expectativas abiertas.<\/p>\r\n","protected":false},"excerpt":{"rendered":"","protected":false},"author":1,"featured_media":7858,"comment_status":"open","ping_status":"open","sticky":false,"template":"","format":"standard","meta":{"_siteseo_robots_primary_cat":"","_joinchat":[],"footnotes":""},"categories":[16,38],"tags":[],"class_list":["post-6775","post","type-post","status-publish","format-standard","has-post-thumbnail","hentry","category-mujeres-indigenas","category-pueblos-indigenas"],"_links":{"self":[{"href":"https:\/\/cdes.org.ec\/webantigua\/wp-json\/wp\/v2\/posts\/6775","targetHints":{"allow":["GET"]}}],"collection":[{"href":"https:\/\/cdes.org.ec\/webantigua\/wp-json\/wp\/v2\/posts"}],"about":[{"href":"https:\/\/cdes.org.ec\/webantigua\/wp-json\/wp\/v2\/types\/post"}],"author":[{"embeddable":true,"href":"https:\/\/cdes.org.ec\/webantigua\/wp-json\/wp\/v2\/users\/1"}],"replies":[{"embeddable":true,"href":"https:\/\/cdes.org.ec\/webantigua\/wp-json\/wp\/v2\/comments?post=6775"}],"version-history":[{"count":1,"href":"https:\/\/cdes.org.ec\/webantigua\/wp-json\/wp\/v2\/posts\/6775\/revisions"}],"predecessor-version":[{"id":7859,"href":"https:\/\/cdes.org.ec\/webantigua\/wp-json\/wp\/v2\/posts\/6775\/revisions\/7859"}],"wp:featuredmedia":[{"embeddable":true,"href":"https:\/\/cdes.org.ec\/webantigua\/wp-json\/wp\/v2\/media\/7858"}],"wp:attachment":[{"href":"https:\/\/cdes.org.ec\/webantigua\/wp-json\/wp\/v2\/media?parent=6775"}],"wp:term":[{"taxonomy":"category","embeddable":true,"href":"https:\/\/cdes.org.ec\/webantigua\/wp-json\/wp\/v2\/categories?post=6775"},{"taxonomy":"post_tag","embeddable":true,"href":"https:\/\/cdes.org.ec\/webantigua\/wp-json\/wp\/v2\/tags?post=6775"}],"curies":[{"name":"wp","href":"https:\/\/api.w.org\/{rel}","templated":true}]}}