{"id":7823,"date":"2021-03-08T12:20:19","date_gmt":"2021-03-08T17:20:19","guid":{"rendered":"https:\/\/cdes.org.ec\/webantigua\/?p=6673"},"modified":"2021-06-02T11:39:02","modified_gmt":"2021-06-02T11:39:02","slug":"comunicado-por-el-dia-mundial-de-las-luchas-de-las-mujeres","status":"publish","type":"post","link":"https:\/\/cdes.org.ec\/webantigua\/comunicado-por-el-dia-mundial-de-las-luchas-de-las-mujeres\/","title":{"rendered":"Comunicado por el d\u00eda mundial de las luchas de las mujeres"},"content":{"rendered":"\r\n<h3><strong>Austeridad fiscal y pandemia afectan la pobreza, los derechos y el cuidado<\/strong><\/h3>\r\n<p>El Covid-19, las medidas para contenerla y sus efectos sociales y econ\u00f3micos golpean m\u00e1s fuerte a las mujeres y a las econom\u00edas de cuidado y la vida. Esto ha generado un retroceso de una d\u00e9cada en los logros alcanzados para reducir la pobreza y la extrema pobreza. Actualmente, seis millones de ecuatorianos y ecuatorianos viven en condiciones de pobreza, y de este grupo casi tres millones sufren extrema pobreza.<\/p>\r\n<p>Las mujeres reciben la peor parte de la crisis con la disminuci\u00f3n de los servicios p\u00fablicos que contribuyen a igualar la corresponsabilidad de la carga del trabajo delegado tradicionalmente a las mujeres; as\u00ed como con pol\u00edticas laborales que ahondan los efectos discriminatorios del mercado laboral.<\/p>\r\n<p>En el actual contexto de crisis se ha profundizado la sobrerrepresentaci\u00f3n femenina en los quintiles m\u00e1s pobres y en los sectores de la econom\u00eda m\u00e1s vulnerables caracterizados por la alta informalidad y desempleo, bajas remuneraciones y bajos niveles de calificaci\u00f3n. Hoy, en relaci\u00f3n a los hombres, un 15% menos de mujeres acceden a un empleo adecuado, y la brecha salarial es del 20% por el mismo trabajo remunerado. As\u00ed mismo, la pandemia increment\u00f3 los quehaceres de cuidado y salud, donde las mujeres dedican 32 horas a la semana en el trabajo no remunerado del hogar, mientras los hombres dedican 9 horas.<\/p>\r\n<p>El deterioro generalizado de las condiciones de vida est\u00e1 generando alarmantes retrocesos en los derechos sexuales y reproductivos; y en el derecho a una vida libre de violencia, con graves consecuencias para las ni\u00f1as y mujeres. As\u00ed, el Ecuador ocupa el tercer lugar con las tasas m\u00e1s altas de embarazo infantil y adolescente en Am\u00e9rica Latina, a diario 180 adolescentes conciben todos los d\u00edas. Tambi\u00e9n a diario en el pa\u00eds, siete ni\u00f1as se convierten en madres producto de una violaci\u00f3n sexual. Solamente en el 2021 se han reportado 20 femicidios y un pico en el n\u00famero de delitos sexuales y de agresi\u00f3n f\u00edsica.<\/p>\r\n<p>CDES considera que este es el resultado de las medidas pol\u00edticas tomadas hasta el momento para enfrentar la pandemia. Las pol\u00edticas publicas del per\u00edodo de austeridad, no han demostrado que cumplen los principios de no discriminaci\u00f3n, proporcionalidad y razonabilidad.<\/p>\r\n<p>Hacemos un llamado a reconocer la urgencia de cambiar las respuestas estatales y garantizar una agenda de derechos efectivos que permita poner de pie y reparar a las mujeres, atendiendo las m\u00faltiples desigualdades exacerbadas por la crisis. &nbsp;<\/p>\r\n<p>Son prioritarias pol\u00edticas p\u00fablicas espec\u00edficas para atender la combinaci\u00f3n de desventajas estructurales resultado del contexto social y econ\u00f3mico, particularmente para mujeres ind\u00edgenas, afrodescendientes, migrantes, rurales, ni\u00f1as y mujeres de la tercera edad.<\/p>\r\n<p>Creemos que, para la progresividad de los derechos de toda la poblaci\u00f3n, es necesario la recuperaci\u00f3n general de las condiciones materiales de vida, el desarrollo de la autonom\u00eda econ\u00f3mica de las mujeres y pol\u00edticas p\u00fablicas decididas para atender las econom\u00edas del cuidado.<\/p>\r\n<p>Demandamos fortalecer pol\u00edticas con un enfoque multidisciplinario para impulsar con decisi\u00f3n una reforma tributaria, laboral e institucional coherente con la necesidad de garantizar los derechos humanos. Los derechos de las mujeres se ver\u00e1n especialmente golpeados si en el actual contexto no se toman medidas para garantizar el acceso a la salud universal, ingresos familiares decentes y una robusta pol\u00edtica de derechos de g\u00e9nero, sexuales y reproductivos.<\/p>\r\n<p>Estamos convencidas que cuando mejoran los derechos de la poblaci\u00f3n menos favorecida, mejoran los derechos de todos y todas.<\/p>\r\n<p>CDES, 8 de marzo 2021.<\/p>\r\n<p>&nbsp;<\/p>\r\n\r\n\r\n","protected":false},"excerpt":{"rendered":"","protected":false},"author":1,"featured_media":7829,"comment_status":"open","ping_status":"open","sticky":false,"template":"","format":"standard","meta":{"_siteseo_robots_primary_cat":"","_joinchat":[],"footnotes":""},"categories":[16],"tags":[],"class_list":["post-7823","post","type-post","status-publish","format-standard","has-post-thumbnail","hentry","category-mujeres-indigenas"],"_links":{"self":[{"href":"https:\/\/cdes.org.ec\/webantigua\/wp-json\/wp\/v2\/posts\/7823","targetHints":{"allow":["GET"]}}],"collection":[{"href":"https:\/\/cdes.org.ec\/webantigua\/wp-json\/wp\/v2\/posts"}],"about":[{"href":"https:\/\/cdes.org.ec\/webantigua\/wp-json\/wp\/v2\/types\/post"}],"author":[{"embeddable":true,"href":"https:\/\/cdes.org.ec\/webantigua\/wp-json\/wp\/v2\/users\/1"}],"replies":[{"embeddable":true,"href":"https:\/\/cdes.org.ec\/webantigua\/wp-json\/wp\/v2\/comments?post=7823"}],"version-history":[{"count":1,"href":"https:\/\/cdes.org.ec\/webantigua\/wp-json\/wp\/v2\/posts\/7823\/revisions"}],"predecessor-version":[{"id":7830,"href":"https:\/\/cdes.org.ec\/webantigua\/wp-json\/wp\/v2\/posts\/7823\/revisions\/7830"}],"wp:featuredmedia":[{"embeddable":true,"href":"https:\/\/cdes.org.ec\/webantigua\/wp-json\/wp\/v2\/media\/7829"}],"wp:attachment":[{"href":"https:\/\/cdes.org.ec\/webantigua\/wp-json\/wp\/v2\/media?parent=7823"}],"wp:term":[{"taxonomy":"category","embeddable":true,"href":"https:\/\/cdes.org.ec\/webantigua\/wp-json\/wp\/v2\/categories?post=7823"},{"taxonomy":"post_tag","embeddable":true,"href":"https:\/\/cdes.org.ec\/webantigua\/wp-json\/wp\/v2\/tags?post=7823"}],"curies":[{"name":"wp","href":"https:\/\/api.w.org\/{rel}","templated":true}]}}