{"id":7824,"date":"2021-03-09T15:04:32","date_gmt":"2021-03-09T20:04:32","guid":{"rendered":"https:\/\/cdes.org.ec\/webantigua\/?p=6680"},"modified":"2021-06-13T21:01:47","modified_gmt":"2021-06-13T21:01:47","slug":"estudio-de-impacto-sostenible-para-soporte-de-la-evaluacion-del-acuerdo-comercial-multipartes","status":"publish","type":"post","link":"https:\/\/cdes.org.ec\/webantigua\/estudio-de-impacto-sostenible-para-soporte-de-la-evaluacion-del-acuerdo-comercial-multipartes\/","title":{"rendered":"ESTUDIO DE IMPACTO SOSTENIBLE PARA SOPORTE DE LA EVALUACI\u00d3N DEL ACUERDO COMERCIAL MULTIPARTES"},"content":{"rendered":"\r\n<p>El Subgrupo de Sociedad Civil del Consejo Consultivo Multipartes presenta este informe, que pretende receptar los primeros hallazgos en relaci\u00f3n al funcionamiento del acuerdo comercial y sus impactos en Ecuador, generando un primer documento que consigne, adem\u00e1s del an\u00e1lisis de indicadores econ\u00f3micos y comerciales, las preocupaciones y observaciones de varias organizaciones de la sociedad civil respecto al acuerdo comercial.<\/p>\r\n<p>En la primera parte de este informe, en la segunda y tercera secci\u00f3n espec\u00edficamente, se hace un recuento del proceso de negociaci\u00f3n del acuerdo comercial, desde su frustrado proceso de Asociaci\u00f3n Regional con la Comunidad Andina de Naciones (CAN) hasta su celebraci\u00f3n como Acuerdo Multipartes y la adhesi\u00f3n de Ecuador al mismo. En la cuarta secci\u00f3n se hace un balance de los impactos econ\u00f3micos y comerciales del per\u00edodo 2017-2018, estableciendo tendencias y generando un an\u00e1lisis que permitan dar cuenta de las ventajas y desventajas del acuerdo para<br \/>Ecuador.<br \/>La quinta secci\u00f3n, por otro lado, establece un balance amplio del cumplimiento del T\u00edtulo IX en Ecuador, tanto en lo relativo a temas laborales y ambientales como en el \u00e1mbito de la participaci\u00f3n ciudadana. Finalmente, en la \u00faltima secci\u00f3n se consignan las conclusiones generales de cada secci\u00f3n, a fin de establecer un primer an\u00e1lisis desde los sectores sociales y laborales de lo que ha significado el tratado comercial.<\/p>\r\n<p><strong>Lea el Estudio completo en el\u00a0 siguiente enlace: <\/strong><a href=\"https:\/\/cdes.org.ec\/webantigua\/wp-content\/uploads\/2021\/03\/201026-Libro-final-Informe-Sombra.pdf\" target=\"_blank\" rel=\"noopener\"><img decoding=\"async\" class=\"size-full wp-image-6681 alignleft\" src=\"https:\/\/cdes.org.ec\/webantigua\/wp-content\/uploads\/2021\/03\/Estudio-de-Impacto-Sostenible-385x516-1.png\" alt=\"\" width=\"385\" height=\"551\" \/><\/a><\/p>\r\n<p>\u00a0<\/p>\r\n","protected":false},"excerpt":{"rendered":"","protected":false},"author":1,"featured_media":7831,"comment_status":"open","ping_status":"open","sticky":false,"template":"","format":"standard","meta":{"_siteseo_robots_primary_cat":"","_joinchat":[],"footnotes":""},"categories":[46,5,23],"tags":[],"class_list":["post-7824","post","type-post","status-publish","format-standard","has-post-thumbnail","hentry","category-deuda","category-informes","category-tlc"],"_links":{"self":[{"href":"https:\/\/cdes.org.ec\/webantigua\/wp-json\/wp\/v2\/posts\/7824","targetHints":{"allow":["GET"]}}],"collection":[{"href":"https:\/\/cdes.org.ec\/webantigua\/wp-json\/wp\/v2\/posts"}],"about":[{"href":"https:\/\/cdes.org.ec\/webantigua\/wp-json\/wp\/v2\/types\/post"}],"author":[{"embeddable":true,"href":"https:\/\/cdes.org.ec\/webantigua\/wp-json\/wp\/v2\/users\/1"}],"replies":[{"embeddable":true,"href":"https:\/\/cdes.org.ec\/webantigua\/wp-json\/wp\/v2\/comments?post=7824"}],"version-history":[{"count":3,"href":"https:\/\/cdes.org.ec\/webantigua\/wp-json\/wp\/v2\/posts\/7824\/revisions"}],"predecessor-version":[{"id":7835,"href":"https:\/\/cdes.org.ec\/webantigua\/wp-json\/wp\/v2\/posts\/7824\/revisions\/7835"}],"wp:featuredmedia":[{"embeddable":true,"href":"https:\/\/cdes.org.ec\/webantigua\/wp-json\/wp\/v2\/media\/7831"}],"wp:attachment":[{"href":"https:\/\/cdes.org.ec\/webantigua\/wp-json\/wp\/v2\/media?parent=7824"}],"wp:term":[{"taxonomy":"category","embeddable":true,"href":"https:\/\/cdes.org.ec\/webantigua\/wp-json\/wp\/v2\/categories?post=7824"},{"taxonomy":"post_tag","embeddable":true,"href":"https:\/\/cdes.org.ec\/webantigua\/wp-json\/wp\/v2\/tags?post=7824"}],"curies":[{"name":"wp","href":"https:\/\/api.w.org\/{rel}","templated":true}]}}