{"id":7825,"date":"2021-03-18T10:05:50","date_gmt":"2021-03-18T15:05:50","guid":{"rendered":"https:\/\/cdes.org.ec\/webantigua\/?p=6706"},"modified":"2021-06-07T16:16:39","modified_gmt":"2021-06-07T16:16:39","slug":"ejecuciones-extrajudiciales-y-represion-determinan-la-responsabilidad-del-estado-ecuatoriano-en-las-violaciones-de-ddhh-durante-las-protestas-de-2019","status":"publish","type":"post","link":"https:\/\/cdes.org.ec\/webantigua\/ejecuciones-extrajudiciales-y-represion-determinan-la-responsabilidad-del-estado-ecuatoriano-en-las-violaciones-de-ddhh-durante-las-protestas-de-2019\/","title":{"rendered":"Ejecuciones extrajudiciales y represi\u00f3n: Determinan la responsabilidad del Estado ecuatoriano en las violaciones de DDHH durante las protestas de 2019"},"content":{"rendered":"\r\n<p><strong>Una comisi\u00f3n concluy\u00f3 que se violentaron \u00abgravemente los derechos a la vida, la integridad f\u00edsica, psicol\u00f3gica y sexual, y a la libertad personal\u00bb.<\/strong><\/p>\r\n\r\n\r\n\r\n<p>Una Comisi\u00f3n Especial para la Verdad y la Justicia (CEVJ), creada por la Defensor\u00eda del Pueblo de Ecuador, determin\u00f3 la responsabilidad del Estado ecuatoriano en la represi\u00f3n y violaciones de derechos humanos en las protestas antigubernamentales de octubre de 2019.<\/p>\r\n<p>Este mi\u00e9rcoles fue presentado de manera oficial el\u00a0<a href=\"https:\/\/www.dpe.gob.ec\/wp-content\/uploads\/2020\/08\/PE-002-DPE-2021.pdf\" target=\"_blank\" rel=\"noopener noreferrer\">informe<\/a>\u00a0de esta CEVJ, en el que se indica que el Estado\u00a0\u00abviolent\u00f3 gravemente los derechos a la vida, la integridad f\u00edsica, psicol\u00f3gica y sexual, y a la libertad personal\u00bb durante las jornadas de fuertes manifestaciones.<\/p>\r\n<p>En el informe, de 272 p\u00e1ginas, la CEVJ indica que, dentro de las presuntas violaciones a los derechos humanos en esas protestas, analiz\u00f3:<\/p>\r\n<ul>\r\n<li>123 casos de violaciones al derecho a la integridad personal.<\/li>\r\n<li>38 violaciones al derecho a la libertad personal, por detenciones ilegales o arbitrarias.<\/li>\r\n<li>6 ejecuciones extrajudiciales.<\/li>\r\n<li>22 atentados contra el derecho a la vida.<\/li>\r\n<li>3 casos de violencia sexual durante detenciones ilegales, por parte de agentes estatales.<\/li>\r\n<li>20 lesiones oculares por el impacto de bombas, perdigones u objetos contundentes, de las cuales 14 personas perdieron un globo ocular y 6 tienen afectada su visi\u00f3n.<\/li>\r\n<li>81 personas con afectaciones psicol\u00f3gicas.<\/li>\r\n<li>22 presuntos actos de persecuci\u00f3n pol\u00edtica.<\/li>\r\n<\/ul>\r\n<p>Respecto a los\u00a0123\u00a0testimonios de violaciones al derecho a la integridad personal, la comisi\u00f3n indica que incluyen casos de lesiones en general, lesiones oculares, fracturas, traumatismos, as\u00ed como vulneraciones que pueden ser consideradas\u00a0<strong>torturas<\/strong>,<strong>\u00a0tratos crueles, inhumanos o degradantes<\/strong>\u00a0y cr\u00edmenes comunes.<\/p>\r\n<p>Asimismo, detalla que registraron que al menos 28 personas de las afectadas pertenecen a grupos de atenci\u00f3n prioritaria: 9 adultos mayores, 1 mujer embarazada, 12 menores de edad\u00a0y 6\u00a0ciudadanos\u00a0con discapacidad.<\/p>\r\n<p>La CEVJ, dice el texto, pudo establecer que los agentes del Estado hicieron \u00ab<strong>uso excesivo de la fuerza<\/strong>\u00bb en reiteradas ocasiones, acciones que \u00abcausaron serios, y en algunos casos irreversibles, da\u00f1os a civiles\u00bb.<\/p>\r\n<p>En el informe, esta comisi\u00f3n detalla\u00a0que recibi\u00f3 519 testimonios, de los cuales 249 (169 hombres y 80 mujeres) corresponden a casos de vulneraciones de derechos humanos perpetrados por agentes estatales. Tambi\u00e9n hay acciones violentas de los manifestantes en contra de agentes del Estado, periodistas, civiles y contra bienes p\u00fablicos y privados.<\/p>\r\n<p>De estos 249 casos, dice el documento, 189 fueron\u00a0cometidos por parte de personal de la Polic\u00eda Nacional y 34 por agentes de las Fuerzas Armadas. Tambi\u00e9n se identific\u00f3 que 26 personas de entidades p\u00fablicas, incluyendo a funcionarios de la Fiscal\u00eda General del Estado (FGE), no habr\u00edan actuado conforme a sus competencias.<\/p>\r\n<h3>La posici\u00f3n del Gobierno<\/h3>\r\n<p>En el informe, la CEVJ se\u00f1ala que durante los d\u00edas de las protestas, el discurso de las autoridades del Gobierno, presidido por\u00a0<a href=\"https:\/\/actualidad.rt.com\/actualidad\/239447-lenin-moreno-presidente-ecuador\/amp\" target=\"_blank\" rel=\"noopener noreferrer\">Len\u00edn Moreno<\/a>, \u00abposicion\u00f3 una interpretaci\u00f3n parcial de la realidad\u00bb.<\/p>\r\n<p>En concreto, menciona que las autoridades pusieron \u00e9nfasis \u00aben ciertos actores violentos y con una agenda desestabilizadora que desarroll\u00f3 en el imaginario social la idea de que la democracia estaba bajo ataque, con posible intervenci\u00f3n de actores de otros pa\u00edses\u00bb y, bajo esa premisa, \u00ab<strong>justific\u00f3 la represi\u00f3n<\/strong>\u00ab.<\/p>\r\n<p>Entre otras cosas, indica que el Gobierno, a trav\u00e9s de sus ministros, \u00abjustific\u00f3 actos reprochables contra las y los manifestantes\u00bb, incluyendo el ataque a zonas de paz en instalaciones universitarias, donde se refugiaban en horas de la noche, principalmente, mujeres y ni\u00f1os que tambi\u00e9n participaban\u00a0en las protestas.<\/p>\r\n<p>\u00ab<strong>Esta posici\u00f3n oficial buscaba deslegitimar la protesta social<\/strong>\u00a0que ten\u00eda leg\u00edtimas motivaciones coyunturales y estructurales en la mayor\u00eda de actores movilizados\u00bb, enfatiza el informe de la CEVJ.<\/p>\r\n<p>La comisi\u00f3n se\u00f1ala que todo lo expuesto en su documento deber\u00e1 ser investigado penalmente por la FGE y que corresponder\u00e1 a los operadores de justicia determinar la verdad judicial de estos hechos, a fin de establecer las responsabilidades de los agentes estatales y de civiles que cometieron presuntos delitos.<\/p>\r\n<p>La CEVJ considera que las autoridades judiciales deben poner \u00e9nfasis \u00aben el an\u00e1lisis de evidencias que podr\u00edan configurar el elemento de ataque generalizado contra la poblaci\u00f3n y que conduzcan al an\u00e1lisis de\u00a0<strong>un posible crimen de lesa humanidad<\/strong>\u00ab.<\/p>\r\n<h3>El estallido social<\/h3>\r\n<p>El\u00a0<a href=\"https:\/\/actualidad.rt.com\/actualidad\/329134-ecuador-disturbios-agresiones-policiales-manifestaciones-quito\/amp\" target=\"_blank\" rel=\"noopener noreferrer\">estallido social<\/a>\u00a0de octubre de 2019 inici\u00f3 luego de que el presidente Moreno\u00a0anunciara la eliminaci\u00f3n del subsidio a los combustibles y otras medidas de austeridad, en respuesta a un acuerdo que hab\u00eda alcanzado el Ejecutivo con el Fondo Monetario Internacional (FMI).<\/p>\r\n<p>\u00abLos hechos de octubre fueron la explosi\u00f3n y expresi\u00f3n de una serie de actos, pol\u00edticas y decisiones que han acumulado descontento y desesperanza en amplios sectores de la poblaci\u00f3n ecuatoriana, sobre todo aquellos sectores m\u00e1s golpeados por la crisis econ\u00f3mica y social\u00bb, dice la CEVJ en su informe.<\/p>\r\n<div class=\"read-more\">\r\n<p>Tras 11 d\u00edas de protestas\u00a0se registr\u00f3\u00a0un saldo de\u00a011 muertos,\u00a01.340 heridos y\u00a01.192 detenidos, seg\u00fan datos de la Defensor\u00eda del Pueblo.<\/p>\r\n<p>En las fuerzas de seguridad, 148 polic\u00edas resultaron con heridas (uno de ellos tambi\u00e9n perdi\u00f3 un ojo). Adem\u00e1s, hubo 42 ambulancias destruidas, se registr\u00f3 la quema de la sede de la Contralor\u00eda General del Estado, entre otros da\u00f1os a infraestructuras.<\/p>\r\n<p>En noviembre de 2020, la Asamblea Nacional de Ecuador\u00a0<a href=\"https:\/\/actualidad.rt.com\/actualidad\/374627-parlamento-ecuador-aprobar-destitucion-ministra-romo\/amp\" target=\"_blank\" rel=\"noopener noreferrer\">destituy\u00f3<\/a>\u00a0a la entonces ministra de Gobierno, Mar\u00eda Paula Romo, justamente por la actuaci\u00f3n de su cartera durante las manifestaciones.<\/p>\r\n<p>En concreto, su juicio se llev\u00f3 a cabo por el\u00a0uso de bombas lacrim\u00f3genas caducadas\u00a0contra los manifestantes, por parte de efectivos de la Polic\u00eda Nacional del Ecuador (cuerpo que depende del Ministerio de Gobierno); y por el lanzamiento, tambi\u00e9n de gases lacrim\u00f3genos,\u00a0a los centros de paz y de\u00a0acogida humanitaria, que se instalaron\u00a0al interior de la Universidad Salesiana y de la Universidad Cat\u00f3lica de Quito, durante las protestas.<\/p>\r\n<hr \/>\r\n<p><strong>Extra\u00eddo de:<\/strong> Actualidad RT\u00a0 <strong>\u00a0 \u00a0 \u00a0 \u00a0 \u00a0<\/strong><\/p>\r\n<p><strong>Lea y descargue el Informe de la Comisi\u00f3n Especial para la Verdad y La Justicia Respecto de los hechos ocurridos entre el 3 y 16 de octubre de 2029.\u00a0\u00a0<\/strong><\/p>\r\n<\/div>\r\n\r\n\r\n\r\n<div class=\"wp-block-buttons is-content-justification-center is-layout-flex wp-block-buttons-is-layout-flex\">\r\n<div class=\"wp-block-button\"><a class=\"wp-block-button__link has-text-color has-background\" href=\"https:\/\/cdes.org.ec\/webantigua\/wp-content\/uploads\/2021\/03\/DPE_Informe-Comision-Verdad-Octubre-2019_17Mar21.pdf\" style=\"border-radius:2px;background-color:#ba0c49;color:#fffffa\" target=\"_blank\" rel=\"noreferrer noopener\">Aqu\u00ed<\/a><\/div>\r\n<\/div>\r\n","protected":false},"excerpt":{"rendered":"<p>Una comisi\u00f3n concluy\u00f3 que se violentaron \u00abgravemente los derechos a [&hellip;]<\/p>\n","protected":false},"author":1,"featured_media":7838,"comment_status":"open","ping_status":"open","sticky":false,"template":"","format":"standard","meta":{"_siteseo_robots_primary_cat":"","_joinchat":[],"footnotes":""},"categories":[6,46,38],"tags":[],"class_list":["post-7825","post","type-post","status-publish","format-standard","has-post-thumbnail","hentry","category-campesino","category-deuda","category-pueblos-indigenas"],"_links":{"self":[{"href":"https:\/\/cdes.org.ec\/webantigua\/wp-json\/wp\/v2\/posts\/7825","targetHints":{"allow":["GET"]}}],"collection":[{"href":"https:\/\/cdes.org.ec\/webantigua\/wp-json\/wp\/v2\/posts"}],"about":[{"href":"https:\/\/cdes.org.ec\/webantigua\/wp-json\/wp\/v2\/types\/post"}],"author":[{"embeddable":true,"href":"https:\/\/cdes.org.ec\/webantigua\/wp-json\/wp\/v2\/users\/1"}],"replies":[{"embeddable":true,"href":"https:\/\/cdes.org.ec\/webantigua\/wp-json\/wp\/v2\/comments?post=7825"}],"version-history":[{"count":2,"href":"https:\/\/cdes.org.ec\/webantigua\/wp-json\/wp\/v2\/posts\/7825\/revisions"}],"predecessor-version":[{"id":7841,"href":"https:\/\/cdes.org.ec\/webantigua\/wp-json\/wp\/v2\/posts\/7825\/revisions\/7841"}],"wp:featuredmedia":[{"embeddable":true,"href":"https:\/\/cdes.org.ec\/webantigua\/wp-json\/wp\/v2\/media\/7838"}],"wp:attachment":[{"href":"https:\/\/cdes.org.ec\/webantigua\/wp-json\/wp\/v2\/media?parent=7825"}],"wp:term":[{"taxonomy":"category","embeddable":true,"href":"https:\/\/cdes.org.ec\/webantigua\/wp-json\/wp\/v2\/categories?post=7825"},{"taxonomy":"post_tag","embeddable":true,"href":"https:\/\/cdes.org.ec\/webantigua\/wp-json\/wp\/v2\/tags?post=7825"}],"curies":[{"name":"wp","href":"https:\/\/api.w.org\/{rel}","templated":true}]}}