{"id":7995,"date":"2021-06-15T02:11:22","date_gmt":"2021-06-15T02:11:22","guid":{"rendered":"https:\/\/cdes.org.ec\/webantigua\/?p=7995"},"modified":"2021-06-27T03:24:48","modified_gmt":"2021-06-27T03:24:48","slug":"carta-a-guillermo-lasso-por-declaraciones-sobre-protesta-social","status":"publish","type":"post","link":"https:\/\/cdes.org.ec\/webantigua\/carta-a-guillermo-lasso-por-declaraciones-sobre-protesta-social\/","title":{"rendered":"Carta a Guillermo Lasso por declaraciones sobre protesta social"},"content":{"rendered":"<h3><span style=\"vertical-align: inherit;\"><span style=\"vertical-align: inherit;\">Carta p\u00fablica al presidente Guillermo Lasso sobre sus declaraciones en el cambio de mando de las Fuerzas Armadas<\/span><\/span><\/h3>\n<p><span style=\"vertical-align: inherit;\"><span style=\"vertical-align: inherit;\">Quito, 14 de junio de 2021<\/span><\/span><\/p>\n<p><span style=\"vertical-align: inherit;\"><span style=\"vertical-align: inherit;\">Sr. Guillermo Lasso <\/span><\/span><br \/>\n<strong><span style=\"vertical-align: inherit;\"><span style=\"vertical-align: inherit;\">Presidente de la Rep\u00fablica del Ecuador<\/span><\/span><\/strong><\/p>\n<p><span style=\"vertical-align: inherit;\"><span style=\"vertical-align: inherit;\">CDES le expresa nuestra profunda preocupaci\u00f3n por las expresiones emitidas por usted durante la ceremonia militar de cambio de mando el pasado 11 de junio; <\/span><span style=\"vertical-align: inherit;\">donde sugiri\u00f3 la represi\u00f3n frente a posibles manifestaciones en Ecuador. <\/span><\/span><br \/>\n<span style=\"vertical-align: inherit;\"><span style=\"vertical-align: inherit;\">Entre otras sentencias, usted manifest\u00f3 que \u201cno habr\u00e1 tolerancia para grupos que pretendan con anarqu\u00eda desestabilizar el pa\u00eds\u201d, justificando adem\u00e1s el uso desproporcionado de la fuerza p\u00fablica en las protestas sociales experimentadas en Ecuador (2019) Chile (2019 y 2020) y Colombia ( 2021).<\/span><\/span><\/p>\n<p><span style=\"vertical-align: inherit;\"><span style=\"vertical-align: inherit;\">Adem\u00e1s, llama la atenci\u00f3n sus expresiones de solidaridad con su par colombiano Iv\u00e1n Duque, sin tomar en cuenta las graves denuncias presentadas por organizaciones de la sociedad civil de Colombia donde se\u00f1alan al presidente de Colombia, su ministro de Defensa y varios de sus mandos policiales y militares por \u201cdelitos contra la poblaci\u00f3n civil en la modalidad de homicidios, torturas, privaciones graves de la libertad f\u00edsica, violencia sexual y desapariciones forzadas\u201d, en el contexto de las manifestaciones antigubernamentales que viven desde el 28 de abril en ese pa\u00eds. <\/span><span style=\"vertical-align: inherit;\">Estas denuncias han llegado a instancias internacionales como la Corte Penal Internacional y el Consejo de Seguridad de las Naciones Unidas.<\/span><\/span><\/p>\n<p><span style=\"vertical-align: inherit;\"><span style=\"vertical-align: inherit;\">Consideramos que usted, en tanto presidente de la Rep\u00fablica, deber\u00eda abstenerse de emitir criterios basados \u200b\u200ben creencias personales, al contrario, est\u00e1 en la obligaci\u00f3n de que sus pronunciamientos mantengan concordancia con la responsabilidad del cargo que ocupa y que le fue entregado bajo un r\u00e9gimen de derecho. <\/span><span style=\"vertical-align: inherit;\">Nos permitimos recordar que la democracia se leg\u00edtima en la soberan\u00eda del pueblo y el derecho del pueblo a elegir y controlar a sus gobernantes.<\/span><\/span><\/p>\n<p><span style=\"vertical-align: inherit;\"><span style=\"vertical-align: inherit;\">En efecto, los derechos a la protesta, libertad de expresi\u00f3n, reuni\u00f3n y asociaci\u00f3n suministra y protegen diversas formas de expresar p\u00fablicamente opiniones, disenso, exigir el cumplimiento de derechos econ\u00f3micos, sociales, culturales y ambientales. <\/span><span style=\"vertical-align: inherit;\">Por eso, los instrumentos del sistema interamericano, consideran que para mantener un estado democr\u00e1tico se debe garantizar el conjunto de estos derechos fundamentales. <\/span><span style=\"vertical-align: inherit;\">La protesta social juega un papel central en la defensa de la democracia y los derechos humanos.<\/span><\/span><\/p>\n<p><span style=\"vertical-align: inherit;\"><span style=\"vertical-align: inherit;\">Le recordamos, que en ese sentido es obligaci\u00f3n del Estado actuar con estricto apego al orden jur\u00eddico y al debido proceso y, por lo tanto, a las normas que rigen el Sistema Universal y el Sistema Interamericano de Derechos Humanos de los que el Ecuador es parte .<\/span><\/span><\/p>\n<p><span style=\"vertical-align: inherit;\"><span style=\"vertical-align: inherit;\">Al respecto, subrayamos que la CIDH (2020) conden\u00f3 la violaci\u00f3n de derechos humanos de varios manifestantes durante el gobierno de Lenin Moreno: \u201cla CIDH condena en\u00e9rgicamente la violaci\u00f3n al derecho a la vida de las v\u00edctimas (por abusos de la fuerza p\u00fablica), mismos que habr\u00edan ocurrido como consecuencia del uso excesivo y arbitrario de la fuerza y \u200b\u200bactos de violencia dirigidos contra quienes no representar\u00edan una amenaza inminente a los agentes de seguridad del Estado o en el marco de las protestas \u201d.<\/span><\/span><\/p>\n<p><span style=\"vertical-align: inherit;\"><span style=\"vertical-align: inherit;\">Sobre Colombia, la CIDH, el Alto Comisionado de Naciones Unidas para los Derechos Humanos y otras organizaciones internacionales, han expresado su preocupaci\u00f3n por la grave situaci\u00f3n que atraviesa el pa\u00eds y llamaron a iniciar investigaciones por las muertes y desaparecidos. <\/span><span style=\"vertical-align: inherit;\">Hasta mayo, la Unidad de B\u00fasqueda de Personas Desaparecidas en el pa\u00eds, junto a otras 26 entidades defensoras de derechos humanos, notificaron ante la Defensor\u00eda del Pueblo y la Fiscal\u00eda General que 471 personas han desaparecido durante las manifestaciones.<\/span><\/span><\/p>\n<p><span style=\"vertical-align: inherit;\"><span style=\"vertical-align: inherit;\">Adem\u00e1s, la Fiscal\u00eda report\u00f3 que en los d\u00edas corridos desde que comenzaron las protestas, el pasado 28 de abril, han recibido reportes de 43 personas fallecidas. <\/span><span style=\"vertical-align: inherit;\">El Gobierno de Colombia ya ha reconocido 23 de las m\u00e1s de 60 muertes que denuncian las organizaciones sociales durante las manifestaciones.<\/span><\/span><\/p>\n<p><span style=\"vertical-align: inherit;\"><span style=\"vertical-align: inherit;\">Bajo estas circunstancias, nos preguntamos, \u00bfc\u00f3mo usted, presidente Guillermo Lasso, puede sugerir que Colombia es el ejemplo a seguir para tratar las protestas en Ecuador? <\/span><span style=\"vertical-align: inherit;\">Presidente, \u00bftomar\u00e1 usted las mismas medidas represivas en caso de un levantamiento popular en el Ecuador, violando los derechos constitucionales y los compromisos que mantiene el Ecuador en materia de derechos humanos a nivel internacional?<\/span><\/span><\/p>\n<p><span style=\"vertical-align: inherit;\"><span style=\"vertical-align: inherit;\">Solicitamos que desde la funci\u00f3n ejecutiva se tomen las recomendaciones realizadas por la CIDH en sus observaciones sobre la visita a Ecuador para constatar las violaciones de derechos humanos en las protestas de octubre de 2019; <\/span><span style=\"vertical-align: inherit;\">en particular pedimos que se apegue a la recomendaci\u00f3n de \u201crespetar y garantizar el goce pleno de los derechos a la protesta, a la libertad de expresi\u00f3n, a la reuni\u00f3n pac\u00edfica ya la participaci\u00f3n pol\u00edtica de la poblaci\u00f3n. <\/span><span style=\"vertical-align: inherit;\">En esa misma medida, asegurar que los operativos de seguridad con respecto a protestas y manifestaciones se ejecuten seg\u00fan protocolos de actuaci\u00f3n que sean congruentes con los est\u00e1ndares internacionales relativos al uso de la fuerza por los agentes encargados de hacer cumplir la ley. \u201d<\/span><\/span><\/p>\n<p><span style=\"vertical-align: inherit;\"><span style=\"vertical-align: inherit;\">Por \u00faltimo, le exigimos que ofrezca un gesto de buena voluntad para las v\u00edctimas de los abusos de la fuerza p\u00fablica durante las protestas en contra del gobierno de Lenin Moreno, para ello atienda con car\u00e1cter de prioritario el informe independiente de la Comisi\u00f3n Especial para la Verdad y la Justicia elaborado por la Defensor\u00eda del Pueblo, presidida por Sybel Mart\u00ednez, en conjunto con los comisionados Xavier Zavala Egas, Juan Carlos Solines y Juan Cueva Ortega; <\/span><span style=\"vertical-align: inherit;\">recibir el informe de la m\u00e1s alta instituci\u00f3n nacional de derechos humanos est\u00e1 dentro de las obligaciones del jefe de Estado para mantener un ambiente de derecho y un estado democr\u00e1tico.<\/span><\/span><\/p>\n<p><span style=\"vertical-align: inherit;\"><span style=\"vertical-align: inherit;\">CENTRO DE DERECHOS ECON\u00d3MICOS Y SOCIALES &#8211; CDES<\/span><\/span><\/p>\n<p>&nbsp;<\/p>\n<p><span style=\"vertical-align: inherit;\"><span style=\"vertical-align: inherit;\">Mire ac\u00e1 las Observaciones de la CIDH sobre la visita realizada al Ecuador entre el 28 y 30 de octubre del 2019: https:\/\/www.oas.org\/es\/cidh\/prensa\/comunicados\/2020\/008.asp<\/span><\/span><\/p>\n","protected":false},"excerpt":{"rendered":"<p>Carta p\u00fablica al presidente Guillermo Lasso sobre sus declaraciones en [&hellip;]<\/p>\n","protected":false},"author":1,"featured_media":0,"comment_status":"open","ping_status":"open","sticky":false,"template":"","format":"standard","meta":{"_siteseo_robots_primary_cat":"","_joinchat":[],"footnotes":""},"categories":[79],"tags":[],"class_list":["post-7995","post","type-post","status-publish","format-standard","hentry","category-derechos-politicos-y-civiles"],"_links":{"self":[{"href":"https:\/\/cdes.org.ec\/webantigua\/wp-json\/wp\/v2\/posts\/7995","targetHints":{"allow":["GET"]}}],"collection":[{"href":"https:\/\/cdes.org.ec\/webantigua\/wp-json\/wp\/v2\/posts"}],"about":[{"href":"https:\/\/cdes.org.ec\/webantigua\/wp-json\/wp\/v2\/types\/post"}],"author":[{"embeddable":true,"href":"https:\/\/cdes.org.ec\/webantigua\/wp-json\/wp\/v2\/users\/1"}],"replies":[{"embeddable":true,"href":"https:\/\/cdes.org.ec\/webantigua\/wp-json\/wp\/v2\/comments?post=7995"}],"version-history":[{"count":2,"href":"https:\/\/cdes.org.ec\/webantigua\/wp-json\/wp\/v2\/posts\/7995\/revisions"}],"predecessor-version":[{"id":8025,"href":"https:\/\/cdes.org.ec\/webantigua\/wp-json\/wp\/v2\/posts\/7995\/revisions\/8025"}],"wp:attachment":[{"href":"https:\/\/cdes.org.ec\/webantigua\/wp-json\/wp\/v2\/media?parent=7995"}],"wp:term":[{"taxonomy":"category","embeddable":true,"href":"https:\/\/cdes.org.ec\/webantigua\/wp-json\/wp\/v2\/categories?post=7995"},{"taxonomy":"post_tag","embeddable":true,"href":"https:\/\/cdes.org.ec\/webantigua\/wp-json\/wp\/v2\/tags?post=7995"}],"curies":[{"name":"wp","href":"https:\/\/api.w.org\/{rel}","templated":true}]}}