{"id":8005,"date":"2021-06-21T16:05:56","date_gmt":"2021-06-21T16:05:56","guid":{"rendered":"https:\/\/cdes.org.ec\/webantigua\/?p=8005"},"modified":"2021-06-21T22:56:00","modified_gmt":"2021-06-21T22:56:00","slug":"menstruar-con-dignidad-es-un-derecho-humano","status":"publish","type":"post","link":"https:\/\/cdes.org.ec\/webantigua\/menstruar-con-dignidad-es-un-derecho-humano\/","title":{"rendered":"MENSTRUAR CON DIGNIDAD ES UN DERECHO HUMANO"},"content":{"rendered":"<p><strong><span style=\"vertical-align: inherit;\"><span style=\"vertical-align: inherit;\">Nuestra posici\u00f3n sobre el proyecto de Ley sobre Salud e Higiene Menstrual presentado por la bancada de la Izquierda Democr\u00e1tica<\/span><\/span><\/strong><\/p>\n<p>&nbsp;<\/p>\n<p><span style=\"vertical-align: inherit;\"><span style=\"vertical-align: inherit;\">Parte de los objetivos de desarrollo sostenible planteado por las Naciones Unidas es impulsar la igualdad de g\u00e9nero a trav\u00e9s de la garant\u00eda de los derechos humanos de todas las ni\u00f1as, adolescentes y mujeres reconociendo los sesgos discriminatorios que los sistemas tributarios ejercen sobre el acceso a la salud sexual y reproductiva.<\/span><\/span><\/p>\n<p><span style=\"vertical-align: inherit;\"><span style=\"vertical-align: inherit;\">Desde muy peque\u00f1as las ni\u00f1as y adolescentes en el Ecuador crecen estigmatizando sus cuerpos y los ritmos naturales de su desarrollo corporal resultado de la falta de educaci\u00f3n sexual y de pol\u00edticas eficientes que garanticen el acceso a salud e higiene menstrual para las ni\u00f1as, mujeres y cuerpos menstruantes. <\/span><span style=\"vertical-align: inherit;\">La desigualdad de g\u00e9nero se explicita ah\u00ed d\u00f3nde las mujeres carecen de autonom\u00eda f\u00edsica que significa la capacidad de poder tomar decisiones soberanas sobre nuestros cuerpos, incluidos los pertinentes a nuestra salud integral.<\/span><\/span><\/p>\n<p><span style=\"vertical-align: inherit;\"><span style=\"vertical-align: inherit;\">Esta desigualdad en el ejercicio de los derechos humanos se refuerza en varias dimensiones: por un lado el no reconocimiento de los trabajos de cuidado que realizan las mujeres les impide gozar tiempo suficiente de cuidado personal y la participaci\u00f3n en el mercado laboral. <\/span><span style=\"vertical-align: inherit;\">En el Ecuador el 37,7% de varones tienen empleo adecuado respecto al 27,1% de mujeres (INEC, 2021), la brecha salarial persiste: las mujeres ganan 18 centavos menos por cada d\u00f3lar que recibe un hombre; <\/span><span style=\"vertical-align: inherit;\">y el 68,5% de la poblaci\u00f3n econ\u00f3micamente inactiva lo conforman mujeres, muchas de ellas sin ingresos propios. <\/span><span style=\"vertical-align: inherit;\">(ENEMDU, 2019). <\/span><span style=\"vertical-align: inherit;\">A pesar de estas condiciones las mujeres ganan menos, las emplean menos y gastan m\u00e1s.<\/span><\/span><\/p>\n<p><span style=\"vertical-align: inherit;\"><span style=\"vertical-align: inherit;\">El actual sistema econ\u00f3mico encuentra un nicho perfecto de mercado en los cuerpos de las mujeres y sus necesidades de cuidado. <\/span><span style=\"vertical-align: inherit;\">Los productos dirigidos a mujeres para el cuidado de personas a cargo de mujeres tienen un valor extra discriminatorio por el simple hecho de ser para ellas, que se manifiesta a trav\u00e9s de empaques y presentaciones que refuerzan los estereotipos y los estigmas de g\u00e9nero vulnerando sus derechos. <\/span><span style=\"vertical-align: inherit;\">Este es el conocido \u201cimpuesto rosa\u201d.<\/span><\/span><\/p>\n<p><span style=\"vertical-align: inherit;\"><span style=\"vertical-align: inherit;\">Este fen\u00f3meno encuentra su lugar m\u00e1s preocupante en los productos dirigidos a la salud sexual y gesti\u00f3n de la menstruaci\u00f3n. <\/span><span style=\"vertical-align: inherit;\">En el Ecuador estos productos son catalogados como \u201cespeciales o de lujo\u201d y por tanto se gravan con el 12% del Impuesto al Valor Agregado a pesar de que menstruar no es ni lujo ni especial: es natural, y por tanto ineludible para todas las mujeres y cuerpos menstruantes por lo menos 40 a\u00f1os de sus vidas.<\/span><\/span><\/p>\n<p><span style=\"vertical-align: inherit;\"><span style=\"vertical-align: inherit;\">En un momento de crisis sin precedentes como la actual provocada por el covid-19 con el duro golpe que represent en las econom\u00edas de los hogares m\u00e1s pobres y vulnerables es extremadamente dif\u00edcil para las mujeres en situaci\u00f3n de calle y precarizadas designar de sus escasos recursos a cubrir necesidades fundamentales como toallas sanitarias, analg\u00e9sicos y productos de higiene personal. <\/span><span style=\"vertical-align: inherit;\">En el 2018 el Estado ecuatoriano recaud\u00f3 en impuesto al valor agregado para productos como toallas sanitarias alrededor de 22 millones de d\u00f3lares, representando el 0,33% del total de recaudaci\u00f3n del IVA. <\/span><span style=\"vertical-align: inherit;\">(FES, 2018) Pero deber\u00edamos preguntarnos cu\u00e1nto le cuesta al Estado el no invertir en prevenci\u00f3n y atenci\u00f3n de enfermedades relacionadas a la salud sexual de las mujeres. <\/span><span style=\"vertical-align: inherit;\">Cu\u00e1nto le cuestan a las ni\u00f1as,<\/span><\/span><\/p>\n<p><span style=\"vertical-align: inherit;\"><span style=\"vertical-align: inherit;\">La eliminaci\u00f3n del impuesto al valor agregado de todos los productos relacionados no s\u00f3lo a la higiene \u00edntima sino a la salud sexual y reproductiva de forma integral para las mujeres adem\u00e1s de ser necesario y urgente para garantizar su salud, es una cuesti\u00f3n de justicia econ\u00f3mica. <\/span><span style=\"vertical-align: inherit;\">En el Ecuador las mujeres gastan alrededor de $ 1600 d\u00f3lares durante todas sus vidas en toallas sanitarias. <\/span><span style=\"vertical-align: inherit;\">(FES, 2018) Este gasto es m\u00e1s asfixiante si se desciende en los quintiles de ingreso, por ello no solo es imprescindible incluir estos productos dentro de productos de primera necesidad, sino proporcionar el acceso a instalaciones sanitarias limpias y recursos para la higiene menstrual en espacios p\u00fablicos dignos para las mujeres de escasos recursos y m\u00e1s vulnerables.<\/span><\/span><\/p>\n<p><span style=\"vertical-align: inherit;\"><span style=\"vertical-align: inherit;\">El acceso al derecho humano m\u00e1s b\u00e1sico como el de disfrutar salud sexual con dignidad es fundamental para la implementaci\u00f3n de muchos otros derechos humanos, como el derecho a la educaci\u00f3n, al trabajo, y al de participaci\u00f3n. <\/span><span style=\"vertical-align: inherit;\">Reconocer estos sesgos discriminatorios de g\u00e9nero en los impuestos es el primer paso para empezar una redistribuci\u00f3n de los recursos y reparaci\u00f3n en los derechos vulnerados de las ni\u00f1as, adolescentes y madres que han sido castigadas con impuestos discriminatorios sobre sus \u00fateros y sus cuerpos.<\/span><\/span><\/p>\n<p><span style=\"vertical-align: inherit;\"><span style=\"vertical-align: inherit;\">La Asamblea Nacional del Ecuador tiene la oportunidad de demostrar una unidad por un objetivo urgente: restituir la dignidad sobre la vida y los cuerpos de las mujeres garantizando el acceso y ejercicio al derecho de la salud de las ni\u00f1as, adolescentes y cuerpos menstruantes. <\/span><span style=\"vertical-align: inherit;\">El movimiento feminista est\u00e1 demostrando su capacidad de embanderar luchas que puedan movilizar y aglutinar amplios sectores y fuerzas pol\u00edticas dentro de la Asamblea Nacional.<\/span><\/span><\/p>\n<p><span style=\"vertical-align: inherit;\"><span style=\"vertical-align: inherit;\">Desde el Centro de Derechos Econ\u00f3micos y Sociales llamamos a los asamble\u00edstas del Ecuador y las organizaciones sociales a impulsar la aprobaci\u00f3n de una ley que en lo social garantice el derecho a la salud e higiene menstrual, y en lo econ\u00f3mico que deje un precedente para avanzar hacia una justicia econ\u00f3mica y fiscal progresiva y feminista.<\/span><\/span><\/p>\n<p>&nbsp;<\/p>\n<p><span style=\"vertical-align: inherit;\"><span style=\"vertical-align: inherit;\">Andrea Guillem.<\/span><\/span><\/p>\n<p><span style=\"vertical-align: inherit;\"><span style=\"vertical-align: inherit;\">Centro de Derechos Econ\u00f3micos y Sociales.<\/span><\/span><\/p>\n<p>&nbsp;<\/p>\n<p>&nbsp;<\/p>\n","protected":false},"excerpt":{"rendered":"<p>Nuestra posici\u00f3n sobre el proyecto de Ley sobre Salud e [&hellip;]<\/p>\n","protected":false},"author":1,"featured_media":8006,"comment_status":"open","ping_status":"open","sticky":false,"template":"","format":"standard","meta":{"_siteseo_robots_primary_cat":"","_joinchat":[],"footnotes":""},"categories":[9,16],"tags":[],"class_list":["post-8005","post","type-post","status-publish","format-standard","has-post-thumbnail","hentry","category-justiciafiscal","category-mujeres-indigenas"],"_links":{"self":[{"href":"https:\/\/cdes.org.ec\/webantigua\/wp-json\/wp\/v2\/posts\/8005","targetHints":{"allow":["GET"]}}],"collection":[{"href":"https:\/\/cdes.org.ec\/webantigua\/wp-json\/wp\/v2\/posts"}],"about":[{"href":"https:\/\/cdes.org.ec\/webantigua\/wp-json\/wp\/v2\/types\/post"}],"author":[{"embeddable":true,"href":"https:\/\/cdes.org.ec\/webantigua\/wp-json\/wp\/v2\/users\/1"}],"replies":[{"embeddable":true,"href":"https:\/\/cdes.org.ec\/webantigua\/wp-json\/wp\/v2\/comments?post=8005"}],"version-history":[{"count":7,"href":"https:\/\/cdes.org.ec\/webantigua\/wp-json\/wp\/v2\/posts\/8005\/revisions"}],"predecessor-version":[{"id":8013,"href":"https:\/\/cdes.org.ec\/webantigua\/wp-json\/wp\/v2\/posts\/8005\/revisions\/8013"}],"wp:featuredmedia":[{"embeddable":true,"href":"https:\/\/cdes.org.ec\/webantigua\/wp-json\/wp\/v2\/media\/8006"}],"wp:attachment":[{"href":"https:\/\/cdes.org.ec\/webantigua\/wp-json\/wp\/v2\/media?parent=8005"}],"wp:term":[{"taxonomy":"category","embeddable":true,"href":"https:\/\/cdes.org.ec\/webantigua\/wp-json\/wp\/v2\/categories?post=8005"},{"taxonomy":"post_tag","embeddable":true,"href":"https:\/\/cdes.org.ec\/webantigua\/wp-json\/wp\/v2\/tags?post=8005"}],"curies":[{"name":"wp","href":"https:\/\/api.w.org\/{rel}","templated":true}]}}