{"id":8074,"date":"2021-07-01T17:38:57","date_gmt":"2021-07-01T17:38:57","guid":{"rendered":"https:\/\/cdes.org.ec\/webantigua\/?p=8074"},"modified":"2021-07-01T17:38:57","modified_gmt":"2021-07-01T17:38:57","slug":"desafios-en-la-voceria-de-las-mujeres-indigenas-defensoras","status":"publish","type":"post","link":"https:\/\/cdes.org.ec\/webantigua\/desafios-en-la-voceria-de-las-mujeres-indigenas-defensoras\/","title":{"rendered":"Desaf\u00edos en la vocer\u00eda de las mujeres ind\u00edgenas defensoras"},"content":{"rendered":"<p><strong>Elementos a considerar para fortalecer la vocer\u00eda de mujeres ind\u00edgenas que inciden en diversos espacios p\u00fablicos y medios de comunicaci\u00f3n.<\/strong><\/p>\n<p>Las mujeres defensoras de los derechos humanos, colectivos y de la naturaleza -que de manera emp\u00edrica ejercen vocer\u00eda de sus organizaciones- reflexionan sobre algunos elementos a considerar en esta actividad.<\/p>\n<p>La Decimoprimera sesi\u00f3n del proceso de formaci\u00f3n virtual de la Red de Mujeres Amaz\u00f3nicas por la Vida de la UDAPT\/RMAV-UDAPT, tuvo lugar el pasado 24 de junio. En esta reuni\u00f3n se dio efecto el quinto m\u00f3dulo de formaci\u00f3n pol\u00edtica para tratar el tema de las herramientas para la vocer\u00eda de las mujeres defensoras.<\/p>\n<p>La sesi\u00f3n de formaci\u00f3n cont\u00f3 con la participaci\u00f3n de Ver\u00f3nica Vera, Comunicadora\u00a0 Feminista de amplia experiencia en tecnolog\u00edas de la informaci\u00f3n y comunicaci\u00f3n. Activista por los derechos sexuales y derechos reproductivos por m\u00e1s de 12 a\u00f1os, con \u00e9nfasis en el acceso al aborto libre, seguro y feminista. Adem\u00e1s trabaja por el acceso a la justicia sexual y reproductiva.<\/p>\n<p>El hacer vocer\u00eda tiene algunas implicaciones. El punto de partida para explorar dichas implicaciones se abre con la pregunta: \u00bfc\u00f3mo tenemos que decir nuestros mensajes para que nos escuchen? Responder esta pregunta requiere de tiempo y consideraciones como: a qui\u00e9n va dirigido nuestro mensaje y expresar de manera adecuada lo que deseamos transmitir para que el mensaje llegue con claridad.<\/p>\n<p>A trav\u00e9s de la experiencia de cada participante se desarrollan los elementos a considerar al momento de dar un mensaje. Afirmar que no existen mayores expertas en el tema que cada una de las participantes debido a su experiencia, conocimiento de la realidad y apuesta organizativa motiva su empoderamiento como voceras de sus organizaciones.<\/p>\n<p>&nbsp;<\/p>\n<p>30 de junio de 2021<\/p>\n","protected":false},"excerpt":{"rendered":"<p>Elementos a considerar para fortalecer la vocer\u00eda de mujeres ind\u00edgenas [&hellip;]<\/p>\n","protected":false},"author":1,"featured_media":8075,"comment_status":"open","ping_status":"open","sticky":false,"template":"","format":"standard","meta":{"_siteseo_robots_primary_cat":"","_joinchat":[],"footnotes":""},"categories":[16,38],"tags":[],"class_list":["post-8074","post","type-post","status-publish","format-standard","has-post-thumbnail","hentry","category-mujeres-indigenas","category-pueblos-indigenas"],"_links":{"self":[{"href":"https:\/\/cdes.org.ec\/webantigua\/wp-json\/wp\/v2\/posts\/8074","targetHints":{"allow":["GET"]}}],"collection":[{"href":"https:\/\/cdes.org.ec\/webantigua\/wp-json\/wp\/v2\/posts"}],"about":[{"href":"https:\/\/cdes.org.ec\/webantigua\/wp-json\/wp\/v2\/types\/post"}],"author":[{"embeddable":true,"href":"https:\/\/cdes.org.ec\/webantigua\/wp-json\/wp\/v2\/users\/1"}],"replies":[{"embeddable":true,"href":"https:\/\/cdes.org.ec\/webantigua\/wp-json\/wp\/v2\/comments?post=8074"}],"version-history":[{"count":1,"href":"https:\/\/cdes.org.ec\/webantigua\/wp-json\/wp\/v2\/posts\/8074\/revisions"}],"predecessor-version":[{"id":8076,"href":"https:\/\/cdes.org.ec\/webantigua\/wp-json\/wp\/v2\/posts\/8074\/revisions\/8076"}],"wp:featuredmedia":[{"embeddable":true,"href":"https:\/\/cdes.org.ec\/webantigua\/wp-json\/wp\/v2\/media\/8075"}],"wp:attachment":[{"href":"https:\/\/cdes.org.ec\/webantigua\/wp-json\/wp\/v2\/media?parent=8074"}],"wp:term":[{"taxonomy":"category","embeddable":true,"href":"https:\/\/cdes.org.ec\/webantigua\/wp-json\/wp\/v2\/categories?post=8074"},{"taxonomy":"post_tag","embeddable":true,"href":"https:\/\/cdes.org.ec\/webantigua\/wp-json\/wp\/v2\/tags?post=8074"}],"curies":[{"name":"wp","href":"https:\/\/api.w.org\/{rel}","templated":true}]}}