{"id":8113,"date":"2021-07-06T17:59:08","date_gmt":"2021-07-06T17:59:08","guid":{"rendered":"https:\/\/cdes.org.ec\/webantigua\/?p=8113"},"modified":"2021-07-06T18:11:36","modified_gmt":"2021-07-06T18:11:36","slug":"mas-de-70-mujeres-ofrecen-acompanamiento-y-asesoramiento-legal-a-victimas-de-violencia-en-pichincha","status":"publish","type":"post","link":"https:\/\/cdes.org.ec\/webantigua\/mas-de-70-mujeres-ofrecen-acompanamiento-y-asesoramiento-legal-a-victimas-de-violencia-en-pichincha\/","title":{"rendered":"Promotoras luchan contra la violencia de g\u00e9nero"},"content":{"rendered":"<p>Son 73 mujeres que no solo recorren Quito, sino la provincia de Pichincha. Ofrecen acompa\u00f1amientos y ense\u00f1an a las v\u00edctimas sobre sus derechos. <\/p>\n<p>Por las parroquias de Quito hay mujeres con chalecos morados que se dedican a recorrer los barrios para combatir la violencia de g\u00e9nero. Pertenecen a la iniciativa Warmi Pichincha, que lleva adelante la Prefectura. <\/p>\n<p>Son 73 promotoras por el derecho a una vida sin violencia para las mujeres, quienes de acuerdo con Lorena Herrera, directora de Igualdad de G\u00e9nero para la Prefectura de Pichincha, reciben capacitaci\u00f3n constante para atacar el c\u00edrculo de la violencia hacia la mujer.<br \/>\nEntre sus herramientas est\u00e1 ense\u00f1ar sobre la Ordenanza de pol\u00edticas p\u00fablicas para la igualdad y la prevenci\u00f3n y erradicaci\u00f3n de la violencia de g\u00e9nero en la provincia de Pichincha, aprobada en noviembre de 2019; adem\u00e1s de acompa\u00f1ar a las mujeres que hayan sido agredidas f\u00edsica, verbal o psicol\u00f3gicamente por sus parejas u otros familiares, para que hagan las denuncias correspondientes. <\/p>\n<p>\u201cEn agosto abriremos un nuevo taller de capacitaci\u00f3n para sumar m\u00e1s promotoras. Nuestra idea es que todas las mujeres sean independientes econ\u00f3micamente, tengan acceso a la educaci\u00f3n y conozcan sus derechos\u201d, manifiesta Herrera.<br \/>\nEn lo que va del a\u00f1o, seg\u00fan datos que present\u00f3 ayer la prefecta de Pichincha, Paola Pab\u00f3n, durante un evento en el que la organizaci\u00f3n internacional CARE entreg\u00f3, con apoyo de la empresa privada, una unidad m\u00f3vil para que las promotoras puedan desplazarse a parroquias rurales, se han cometido 91 feminicidios en el pa\u00eds, de los cuales 11 fueron en la provincia. Pab\u00f3n dijo que \u201c6,5 de cada 10 mujeres en Ecuador sufren de violencia de g\u00e9nero, y en Pichincha son 8 de cada 10. Es vital que proyectos como Warmi y el trabajo que hacen las promotoras sigan creciendo y cuenten con apoyo de todos\u201d.<\/p>\n<p>Es en el trabajo barrio por barrio, casa por casa, que las promotoras de Warmi Pichincha basan sus acciones. Adem\u00e1s, cuentan con cuatro espacios de trabajo distribuidos por Quito: en Calder\u00f3n, Conocoto, Plaza de la Rep\u00fablica (en el centro) y en el pueblo de Alangas\u00ed. <\/p>\n<p>\u201cEs necesario que las mujeres conozcan sus derechos. Cuando conocen sus derechos, pueden denunciar y salir de c\u00edrculos de violencia que son peligrosos\u201d, sostiene Blanca Pesantes, promotora del barrio La Ecuatoriana, al sur de Quito.<\/p>\n<p>\u201cNosotros vamos a las casas, conversamos con las mujeres, escuchamos sus problemas, las educamos con las leyes que las protegen y siempre hacemos encuentros comunales para que los barrios est\u00e9n informados sobre c\u00f3mo prevenir y denunciar la violencia hacia la mujer\u201d, dice Nancy Guamanquispe, quien trabaja como promotora en varios barrios al sur de Quito.<br \/>\nSeg\u00fan datos de la Fiscal\u00eda General de Ecuador, en lo que va de 2021 se han registrado 554 casos de abusos sexuales a menores. Y de esos casos, 101 ocurrieron en la provincia de Pichincha. Los sectores m\u00e1s propensos a la violencia de g\u00e9nero en Quito son el Valle de los Chillos, Tumbaco y el sur de la ciudad.<\/p>\n<p>L\u00ednea de atenci\u00f3n telef\u00f3nica.<br \/>\nLa Prefectura de Pichincha habilit\u00f3 los n\u00fameros 166 y 0987427448 para que las mujeres que han sufrido violencia de g\u00e9nero puedan hacer denuncias las 24 horas del d\u00eda, los 365 d\u00edas del a\u00f1o. En lo que va de 2021, estos n\u00fameros han registrado mil llamadas de mujeres pidiendo ayuda. Desde la iniciativa Warmi, no solo cuentan con el respaldo de las promotoras, sino que tambi\u00e9n reciben acompa\u00f1amiento judicial cuando formalizan sus denuncias ante la Fiscal\u00eda.<\/p>\n<p>Fuente: Expreso<\/p>\n","protected":false},"excerpt":{"rendered":"<p>Son 73 mujeres que no solo recorren Quito, sino la [&hellip;]<\/p>\n","protected":false},"author":1,"featured_media":8114,"comment_status":"open","ping_status":"open","sticky":false,"template":"","format":"standard","meta":{"_siteseo_robots_primary_cat":"","_joinchat":[],"footnotes":""},"categories":[16],"tags":[],"class_list":["post-8113","post","type-post","status-publish","format-standard","has-post-thumbnail","hentry","category-mujeres-indigenas"],"_links":{"self":[{"href":"https:\/\/cdes.org.ec\/webantigua\/wp-json\/wp\/v2\/posts\/8113","targetHints":{"allow":["GET"]}}],"collection":[{"href":"https:\/\/cdes.org.ec\/webantigua\/wp-json\/wp\/v2\/posts"}],"about":[{"href":"https:\/\/cdes.org.ec\/webantigua\/wp-json\/wp\/v2\/types\/post"}],"author":[{"embeddable":true,"href":"https:\/\/cdes.org.ec\/webantigua\/wp-json\/wp\/v2\/users\/1"}],"replies":[{"embeddable":true,"href":"https:\/\/cdes.org.ec\/webantigua\/wp-json\/wp\/v2\/comments?post=8113"}],"version-history":[{"count":5,"href":"https:\/\/cdes.org.ec\/webantigua\/wp-json\/wp\/v2\/posts\/8113\/revisions"}],"predecessor-version":[{"id":8119,"href":"https:\/\/cdes.org.ec\/webantigua\/wp-json\/wp\/v2\/posts\/8113\/revisions\/8119"}],"wp:featuredmedia":[{"embeddable":true,"href":"https:\/\/cdes.org.ec\/webantigua\/wp-json\/wp\/v2\/media\/8114"}],"wp:attachment":[{"href":"https:\/\/cdes.org.ec\/webantigua\/wp-json\/wp\/v2\/media?parent=8113"}],"wp:term":[{"taxonomy":"category","embeddable":true,"href":"https:\/\/cdes.org.ec\/webantigua\/wp-json\/wp\/v2\/categories?post=8113"},{"taxonomy":"post_tag","embeddable":true,"href":"https:\/\/cdes.org.ec\/webantigua\/wp-json\/wp\/v2\/tags?post=8113"}],"curies":[{"name":"wp","href":"https:\/\/api.w.org\/{rel}","templated":true}]}}