{"id":8232,"date":"2021-07-23T19:44:40","date_gmt":"2021-07-23T19:44:40","guid":{"rendered":"https:\/\/cdes.org.ec\/webantigua\/?p=8232"},"modified":"2021-10-06T16:25:28","modified_gmt":"2021-10-06T16:25:28","slug":"graduacion-de-la-mujeres-de-la-escuela-de-la-udapt","status":"publish","type":"post","link":"https:\/\/cdes.org.ec\/webantigua\/graduacion-de-la-mujeres-de-la-escuela-de-la-udapt\/","title":{"rendered":"Graduaci\u00f3n de las Mujeres de la Escuela de la UDAPT"},"content":{"rendered":"<p><span style=\"vertical-align: inherit;\"><span style=\"vertical-align: inherit;\"><span style=\"vertical-align: inherit;\"><span style=\"vertical-align: inherit;\"><span style=\"vertical-align: inherit;\"><span style=\"vertical-align: inherit;\">Moradoras de las provincias de Sucumb\u00edos y Orellana que conforman la Red de Mujeres Amaz\u00f3nicas por la Vida de la UDAPT \/ RMAV-UDAPT, despu\u00e9s de haber asistido a 13 sesiones han culminado el Curso virtual de Formaci\u00f3n Pol\u00edtica para mujeres Ind\u00edgenas de la regi\u00f3n amaz\u00f3nica.<\/span><\/span><\/span><\/span><\/span><\/span><\/p>\n<p><span style=\"vertical-align: inherit;\"><span style=\"vertical-align: inherit;\"><span style=\"vertical-align: inherit;\"><span style=\"vertical-align: inherit;\"><span style=\"vertical-align: inherit;\"><span style=\"vertical-align: inherit;\">El pasado 21 de julio del 2021 tuvo lugar la ceremonia de clausura del curso virtual en la sede de la Federaci\u00f3n de Mujeres de Sucumb\u00edos. <\/span><\/span><\/span><\/span><\/span><span style=\"vertical-align: inherit;\"><span style=\"vertical-align: inherit;\"><span style=\"vertical-align: inherit;\"><span style=\"vertical-align: inherit;\"><span style=\"vertical-align: inherit;\">En horas de la ma\u00f1ana se concentraron las participantes, autoridades comunitarias de la UDAPT y una delegaci\u00f3n del Centro de Derecho Econ\u00f3micos y Sociales (CDES) para respaldar el proceso de formaci\u00f3n realizado.<\/span><\/span><\/span><\/span><\/span><\/span><\/p>\n<p><a href=\"https:\/\/cdes.org.ec\/webantigua\/wp-content\/uploads\/2021\/07\/GradoTalleresvirtualUDAPT-OTRAFOTOPABLOS_2.png\"><img decoding=\"async\" class=\"alignnone wp-image-8233\" src=\"https:\/\/cdes.org.ec\/webantigua\/wp-content\/uploads\/2021\/07\/GradoTalleresvirtualUDAPT-OTRAFOTOPABLOS_2-300x165.png\" alt=\"\" width=\"436\" height=\"240\" srcset=\"https:\/\/cdes.org.ec\/webantigua\/wp-content\/uploads\/2021\/07\/GradoTalleresvirtualUDAPT-OTRAFOTOPABLOS_2-200x110.png 200w, https:\/\/cdes.org.ec\/webantigua\/wp-content\/uploads\/2021\/07\/GradoTalleresvirtualUDAPT-OTRAFOTOPABLOS_2-300x165.png 300w, https:\/\/cdes.org.ec\/webantigua\/wp-content\/uploads\/2021\/07\/GradoTalleresvirtualUDAPT-OTRAFOTOPABLOS_2-400x220.png 400w, https:\/\/cdes.org.ec\/webantigua\/wp-content\/uploads\/2021\/07\/GradoTalleresvirtualUDAPT-OTRAFOTOPABLOS_2-600x330.png 600w, https:\/\/cdes.org.ec\/webantigua\/wp-content\/uploads\/2021\/07\/GradoTalleresvirtualUDAPT-OTRAFOTOPABLOS_2-768x423.png 768w, https:\/\/cdes.org.ec\/webantigua\/wp-content\/uploads\/2021\/07\/GradoTalleresvirtualUDAPT-OTRAFOTOPABLOS_2-800x441.png 800w, https:\/\/cdes.org.ec\/webantigua\/wp-content\/uploads\/2021\/07\/GradoTalleresvirtualUDAPT-OTRAFOTOPABLOS_2.png 966w\" sizes=\"(max-width: 436px) 100vw, 436px\" \/><\/a><\/p>\n<p><span style=\"vertical-align: inherit;\"><span style=\"vertical-align: inherit;\"><span style=\"vertical-align: inherit;\"><span style=\"vertical-align: inherit;\"><span style=\"vertical-align: inherit;\"><span style=\"vertical-align: inherit;\">\u201cNos ha fortalecido mucho este proceso de formaci\u00f3n para representar a nuestra organizaci\u00f3n a nivel nacional e internacional\u201d mencion\u00f3 Ivonne Mac\u00edas miembro de la RMAV-UDAPT.<\/span><\/span><\/span><\/span><\/span><\/span><\/p>\n<p><span style=\"vertical-align: inherit;\"><span style=\"vertical-align: inherit;\"><span style=\"vertical-align: inherit;\"><span style=\"vertical-align: inherit;\"><span style=\"vertical-align: inherit;\"><span style=\"vertical-align: inherit;\">Aunque con limitaciones, las participantes han hecho uso de las tecnolog\u00edas y del acceso al internet para el desarrollo de habilidades y capacidades mediante la formaci\u00f3n virtual en temas de derechos humanos, colectivos con enfoque de g\u00e9nero y desde la econom\u00eda del Sumak Kawsay, guiadas por el principio constitucional de la plurinacionalidad e interculturalidad.<\/span><\/span><\/span><\/span><\/span><\/span><\/p>\n","protected":false},"excerpt":{"rendered":"<p>Moradoras de las provincias de Sucumb\u00edos y Orellana que conforman [&hellip;]<\/p>\n","protected":false},"author":1,"featured_media":8234,"comment_status":"open","ping_status":"open","sticky":false,"template":"","format":"standard","meta":{"_siteseo_robots_primary_cat":"","_joinchat":[],"footnotes":""},"categories":[16,38],"tags":[],"class_list":["post-8232","post","type-post","status-publish","format-standard","has-post-thumbnail","hentry","category-mujeres-indigenas","category-pueblos-indigenas"],"_links":{"self":[{"href":"https:\/\/cdes.org.ec\/webantigua\/wp-json\/wp\/v2\/posts\/8232","targetHints":{"allow":["GET"]}}],"collection":[{"href":"https:\/\/cdes.org.ec\/webantigua\/wp-json\/wp\/v2\/posts"}],"about":[{"href":"https:\/\/cdes.org.ec\/webantigua\/wp-json\/wp\/v2\/types\/post"}],"author":[{"embeddable":true,"href":"https:\/\/cdes.org.ec\/webantigua\/wp-json\/wp\/v2\/users\/1"}],"replies":[{"embeddable":true,"href":"https:\/\/cdes.org.ec\/webantigua\/wp-json\/wp\/v2\/comments?post=8232"}],"version-history":[{"count":4,"href":"https:\/\/cdes.org.ec\/webantigua\/wp-json\/wp\/v2\/posts\/8232\/revisions"}],"predecessor-version":[{"id":8253,"href":"https:\/\/cdes.org.ec\/webantigua\/wp-json\/wp\/v2\/posts\/8232\/revisions\/8253"}],"wp:featuredmedia":[{"embeddable":true,"href":"https:\/\/cdes.org.ec\/webantigua\/wp-json\/wp\/v2\/media\/8234"}],"wp:attachment":[{"href":"https:\/\/cdes.org.ec\/webantigua\/wp-json\/wp\/v2\/media?parent=8232"}],"wp:term":[{"taxonomy":"category","embeddable":true,"href":"https:\/\/cdes.org.ec\/webantigua\/wp-json\/wp\/v2\/categories?post=8232"},{"taxonomy":"post_tag","embeddable":true,"href":"https:\/\/cdes.org.ec\/webantigua\/wp-json\/wp\/v2\/tags?post=8232"}],"curies":[{"name":"wp","href":"https:\/\/api.w.org\/{rel}","templated":true}]}}