{"id":8274,"date":"2021-07-28T19:06:36","date_gmt":"2021-07-28T19:06:36","guid":{"rendered":"https:\/\/cdes.org.ec\/webantigua\/?p=8274"},"modified":"2021-10-06T16:24:15","modified_gmt":"2021-10-06T16:24:15","slug":"reconocimiento-de-tierras-ancestrales-en-pastaza","status":"publish","type":"post","link":"https:\/\/cdes.org.ec\/webantigua\/reconocimiento-de-tierras-ancestrales-en-pastaza\/","title":{"rendered":"RECONOCIMIENTO DE TIERRAS ANCESTRALES EN PASTAZA"},"content":{"rendered":"<p><span style=\"vertical-align: inherit;\"><span style=\"vertical-align: inherit;\">Este 27 de julio en la sede del Pueblo Originario Kichwa de Santa Clara &#8211; PONAKCISC tuvo lugar el taller participativo con las comunidades Kichwas que tienen conflictos territoriales.<\/span><\/span><\/p>\n<p><span style=\"vertical-align: inherit;\"><span style=\"vertical-align: inherit;\">El factor com\u00fan de todas las comunidades que se dieron cita a esta actividad es su lucha hist\u00f3rica por la recuperaci\u00f3n de sus territorios ancestrales.<\/span><\/span><\/p>\n<p><span style=\"vertical-align: inherit;\"><span style=\"vertical-align: inherit;\">Dicha actividad cont\u00f3 con la participaci\u00f3n de 10 comunidades de la zona que expusieron su problem\u00e1tica y se reafirmaron en la defensa de los derechos colectivos. <\/span><span style=\"vertical-align: inherit;\">Se realiza una reflexi\u00f3n profunda sobre las implicaciones del Art. <\/span><span style=\"vertical-align: inherit;\">57 literal 5 que se\u00f1ala: \u00abMantener la posesi\u00f3n de las tierras y territorios ancestrales y obtener su adjudicaci\u00f3n gratuita\u00bb.<\/span><\/span><\/p>\n<p><span style=\"vertical-align: inherit;\"><span style=\"vertical-align: inherit;\">La CONFENIAE lidera este proceso de sistematizaci\u00f3n de conflictos territoriales en la Amazon\u00eda con el objetivo de dar soluci\u00f3n a este tipo de conflictos. <\/span><span style=\"vertical-align: inherit;\">Con la contribuci\u00f3n de SIPAE y CDES se proyecta la construcci\u00f3n de una Propuesta de Reforma a la Ley de Tierras y Territorios y al C\u00f3digo Org\u00e1nico Ambiental vigente.<\/span><\/span><\/p>\n<p>&nbsp;<\/p>\n","protected":false},"excerpt":{"rendered":"<p>Este 27 de julio en la sede del Pueblo Originario [&hellip;]<\/p>\n","protected":false},"author":1,"featured_media":8275,"comment_status":"open","ping_status":"open","sticky":false,"template":"","format":"standard","meta":{"_siteseo_robots_primary_cat":"","_joinchat":[],"footnotes":""},"categories":[16,38],"tags":[],"class_list":["post-8274","post","type-post","status-publish","format-standard","has-post-thumbnail","hentry","category-mujeres-indigenas","category-pueblos-indigenas"],"_links":{"self":[{"href":"https:\/\/cdes.org.ec\/webantigua\/wp-json\/wp\/v2\/posts\/8274","targetHints":{"allow":["GET"]}}],"collection":[{"href":"https:\/\/cdes.org.ec\/webantigua\/wp-json\/wp\/v2\/posts"}],"about":[{"href":"https:\/\/cdes.org.ec\/webantigua\/wp-json\/wp\/v2\/types\/post"}],"author":[{"embeddable":true,"href":"https:\/\/cdes.org.ec\/webantigua\/wp-json\/wp\/v2\/users\/1"}],"replies":[{"embeddable":true,"href":"https:\/\/cdes.org.ec\/webantigua\/wp-json\/wp\/v2\/comments?post=8274"}],"version-history":[{"count":4,"href":"https:\/\/cdes.org.ec\/webantigua\/wp-json\/wp\/v2\/posts\/8274\/revisions"}],"predecessor-version":[{"id":8279,"href":"https:\/\/cdes.org.ec\/webantigua\/wp-json\/wp\/v2\/posts\/8274\/revisions\/8279"}],"wp:featuredmedia":[{"embeddable":true,"href":"https:\/\/cdes.org.ec\/webantigua\/wp-json\/wp\/v2\/media\/8275"}],"wp:attachment":[{"href":"https:\/\/cdes.org.ec\/webantigua\/wp-json\/wp\/v2\/media?parent=8274"}],"wp:term":[{"taxonomy":"category","embeddable":true,"href":"https:\/\/cdes.org.ec\/webantigua\/wp-json\/wp\/v2\/categories?post=8274"},{"taxonomy":"post_tag","embeddable":true,"href":"https:\/\/cdes.org.ec\/webantigua\/wp-json\/wp\/v2\/tags?post=8274"}],"curies":[{"name":"wp","href":"https:\/\/api.w.org\/{rel}","templated":true}]}}