{"id":8420,"date":"2021-10-19T18:01:21","date_gmt":"2021-10-19T18:01:21","guid":{"rendered":"https:\/\/cdes.org.ec\/webantigua\/?p=8420"},"modified":"2021-10-19T18:06:28","modified_gmt":"2021-10-19T18:06:28","slug":"alto-a-la-intimidacion-politica-en-ecuador-contra-las-personas-que-investigan-los-pandora-papers","status":"publish","type":"post","link":"https:\/\/cdes.org.ec\/webantigua\/alto-a-la-intimidacion-politica-en-ecuador-contra-las-personas-que-investigan-los-pandora-papers\/","title":{"rendered":"ALTO A LA INTIMIDACI\u00d3N POL\u00cdTICA EN ECUADOR CONTRA LAS PERSONAS QUE INVESTIGAN LOS PANDORA PAPERS"},"content":{"rendered":"<p><strong>(Read in English below)<\/strong><\/p>\n<p>Las organizaciones, acad\u00e9micos y personas comprometidas con los Derechos Humanos abajo suscritas, hacemos un llamado a los Estados para precautelar la seguridad de los periodistas, funcionarios p\u00fablicos de veedur\u00eda, actores pol\u00edticos y ciudadanos comprometidos con acciones de control popular y fiscalizaci\u00f3n institucional a Gobernantes y l\u00edderes pol\u00edticos relacionados con el esc\u00e1ndalo Global de los \u201cPandora Papers\u201d.<\/p>\n<p>Los Pandora Papers han revelado pr\u00e1cticas de evasi\u00f3n de impuestos de ocultamiento nacional o internacional de activos y rentas financieras, por parte de numerosas personalidades, incluyendo a pol\u00edticos en activo como el Presidente de la Rep\u00fablica del Ecuador, Guillermo Lasso. Desde el a\u00f1o 2017 la legislaci\u00f3n de Ecuador proh\u00edbe que las personas que desempe\u00f1en cargos de elecci\u00f3n popular o sean servidores p\u00fablicos puedan poseer bienes o capitales, de cualquier naturaleza, en territorios considerados para\u00edsos fiscales.<\/p>\n<p>Los Gobiernos deber\u00edan asegurar un marco de libertad de expresi\u00f3n, seguridad personal, y acceso transparente a la informaci\u00f3n p\u00fablica que permita determinar responsabilidades y aplicar sanciones en el marco del debido proceso a aquellas personas vinculadas con pr\u00e1cticas de evasi\u00f3n fiscal, lavado de activos, y otros actos delictivos vinculado con el uso de para\u00edsos fiscales. Lo que debe incluir la abstenci\u00f3n de parte de los Estados u actores pol\u00edticas de usar mecanismos de intimidaci\u00f3n institucional a trav\u00e9s del abuso de acciones como investigaciones penales o administrativas intempestivas.<\/p>\n<p>Diversos periodistas, activistas y pol\u00edticos de la oposici\u00f3n ecuatorianos han se\u00f1alado que la aparici\u00f3n de Guillermo Lasso en los Pandora Papers debe investigarse por las instituciones pertinentes y ofrecer a la ciudadan\u00eda la informaci\u00f3n necesaria respecto de la situaci\u00f3n financiera del Presidente. Esta exigencia leg\u00edtima se ha intentado acallar con amenazas e incluso con la apertura de procesos judiciales en contra de investigadores, acad\u00e9micos y l\u00edderes progresistas. Nos preocupa especialmente el hostigamiento, las amenazas y las pr\u00e1cticas de Lawfare que se han iniciado contra diversas personas y muy particularmente contra el excandidato presidencial e investigador de fugas de capitales, el economista Andr\u00e9s Arauz.<\/p>\n<p>Nos preocupa igualmente que, mientras se investiga a quienes denuncian las pr\u00e1cticas ilegales de evasi\u00f3n fiscal, las autoridades siguen sin pronunciarse o abrir las investigaciones pertinentes contra quienes realmente existen indicios de haber cometido il\u00edcitos relacionados con los para\u00edsos fiscales, como el Presidente Guillermo Lasso.<\/p>\n<p>&nbsp;<\/p>\n<p>M\u00e1s informaci\u00f3n: <a href=\"mailto:cdes@cdes.org.ec\">cdes@cdes.org.ec<\/a> .<\/p>\n<p>Si todav\u00eda no has firmado, puedes hacerlo en el siguiente link: <a href=\"https:\/\/forms.gle\/sZp8VACPcKvTu64RA\">https:\/\/forms.gle\/sZp8VACPcKvTu64RA<\/a><\/p>\n<p>&nbsp;<\/p>\n<p><strong>STOP POLITICAL INTIMIDATION AGAINST PEOPLE WHO INVESTIGATE PANDORA PAPERS IN ECUADOR<\/strong><\/p>\n<p>The organizations, academics and people committed to Human Rights signers of this letter, make a call on States to safeguard the safety of journalists, public officials of control, political actors and citizens committed to actions of democratic control and institutional oversight of the Presidents and political leaders related to the Global scandal of the \u00abPandora Papers\u00bb.<\/p>\n<p>The Pandora Papers have revealed massive tax evasion practices of national and international concealment of assets and financial income, by numerous personalities, including active politicians such as the President of the Republic of Ecuador, Guillermo Lasso. Since 2017, Ecuadorian legislation prohibits people who hold popular election positions or are public servants from owning property or capital, of any nature, in territories considered tax havens.<\/p>\n<p>Governments must secure a framework of freedom of expression, personal security, and transparent access to public information that allows them to determine responsibilities and apply due process sanctions to those involved in tax evasion, money laundering, and other criminal acts linked to the use of tax havens. This must include the abstention of States or political actors from using institutional intimidation mechanisms through the abuse of actions such as untimely criminal or administrative investigations.<\/p>\n<p>Several Ecuadorian journalists, activists and opposition politicians have pointed out that the appearance of Guillermo Lasso in the Pandora Papers should be investigated by the relevant institutions and offer citizens the necessary information regarding the financial situation of the President. This legitimate demand has been tried to silence with threats and even with the opening of judicial processes against researchers, academics and progressive leaders. We are particularly concerned about the harassment, threats and practices of Lawfare that have been initiated against various individuals and particularly against the former presidential candidate and researcher of capital flight, the economist Andr\u00e9s Arauz.<\/p>\n<p>We are also concerned that, while those who denounce illegal tax evasion practices are being investigated, the competent authorities remains silent or do not open the relevant investigations against those who actually have indications of having committed crimes related to tax havens, such as President Guillermo Lasso<\/p>\n<p>&nbsp;<\/p>\n<p>Calling to sign:<\/p>\n<p><a href=\"https:\/\/www.latindadd.org\/\">Red Latinoamericana por Justicia Econ\u00f3mica y Social &#8211; LATINDADD (Latin American Network for Economic and Social Justice &#8211; LATINDADD)<\/a><\/p>\n<p><a href=\"https:\/\/justiciafiscal.net\/\">Red de Justicia Fiscal de Am\u00e9rica Latina y El Caribe (Latin America and the Caribbean Tax Justice Network)<\/a><\/p>\n<p><a href=\"https:\/\/cdes.org.ec\/webantigua\/\">Centro de Derechos Econ\u00f3micos y Sociales de Ecuador &#8211; CDES (Ecuador Center for Economic and Social Rights)<\/a><\/p>\n<p>&nbsp;<\/p>\n<p>More information: cdes@cdes.org.ec<\/p>\n<p><a href=\"https:\/\/forms.gle\/sZp8VACPcKvTu64RA\">Sing here<\/a><\/p>\n<p><strong>Organizaciones internacionales que firman<\/strong><\/p>\n<ol>\n<li>Christian Aid<\/li>\n<li>European Network on Debt and Development \u2013 Eurodad<\/li>\n<li>Financial Transparency Coalition<\/li>\n<li>Global Alliance for Tax Justice \u2013 GATJ<\/li>\n<li>Progressive International<\/li>\n<li>Red de Justicia Fiscal de Am\u00e9rica Latina y El Caribe<\/li>\n<li>Red Latinoamericana por Justicia Econ\u00f3mica y Social \u2013 LATINDADD<\/li>\n<li>Tax Justice Network<\/li>\n<li>Tax Justice Network Africa<\/li>\n<\/ol>\n<p>&nbsp;<\/p>\n<p><strong>PERSONAS QUE FIRMAN<\/strong><\/p>\n<ol start=\"12\">\n<li>Abelardo Bedoya \u2013 Venezuela<\/li>\n<li>Adoraci\u00f3n Guam\u00e1n \u2013 Espa\u00f1a<\/li>\n<li>Adri\u00e1n Molina \u2013 Ecuador<\/li>\n<li>Agnes Kharshiing \u2013 India<\/li>\n<li>Alberto Clary \u2013 Estados Unidos<\/li>\n<li>Alejandra Toasa \u2013 Ecuador<\/li>\n<li>Alejandro Cusme \u2013 Ecuador<\/li>\n<li>Alex Cueva \u2013 Ecuador<\/li>\n<li>Alex Flores Alvarez \u2013 Ecuador<\/li>\n<li>Alex Guam\u00e1n \u2013 Ecuador<\/li>\n<li>Alex Serrano \u2013 Ecuador<\/li>\n<li>Alexandra Acosta Cobos \u2013 Ecuador<\/li>\n<li>Alexandra Garc\u00eda \u2013 Ecuador<\/li>\n<li>Alfonso Aparicio \u2013 Ecuador<\/li>\n<li>Alfonso Pesantes \u2013 Ecuador<\/li>\n<li>Alfredo Hern\u00e1ndez \u2013 Ecuador<\/li>\n<li>Alfredo Pincay Tomal\u00e1 \u2013 Ecuador<\/li>\n<li>Alicia Hidalgo Barrera \u2013 Ecuador<\/li>\n<li>Alonso Guevara \u2013 Ecuador<\/li>\n<li>Amada Garc\u00e9s \u2013 Holanda<\/li>\n<li>Amparito Torres Le\u00f3n \u2013 Ecuador<\/li>\n<li>Ana Levstein \u2013 Argentina<\/li>\n<li>Anastasia Maldonado \u2013 Ecuador<\/li>\n<li>Andrea Guillem \u2013 Ecuador<\/li>\n<li>Andr\u00e9s Chiriboga \u2013 Ecuador<\/li>\n<li>Andres Franco \u2013 Ecuador<\/li>\n<li>Angel Checa \u2013 Ecuador<\/li>\n<li>Angel Correa \u2013 Ecuador<\/li>\n<li>Angel Daniel Astudillo Hurtado \u2013 Ecuador<\/li>\n<li>\u00c1ngel Guapulema \u2013 Ecuador<\/li>\n<li>Angela Pazmi\u00f1o \u2013 Ecuador<\/li>\n<li>Ang\u00e9lica O\u00f1ate Robalino \u2013 Alemania<\/li>\n<li>Anita Arg\u00fcello \u2013 Ecuador<\/li>\n<li>Antonio Malo Larrea \u2013 Ecuador<\/li>\n<li>Anyeline Torres \u2013 Ecuador<\/li>\n<li>Armando Castro \u2013 Ecuador<\/li>\n<li>Atenea Castillo \u2013 Uruguay<\/li>\n<li>Augusto Malpartida \u2013 Per\u00fa<\/li>\n<li>Aura Cotacachi \u2013 Ecuador<\/li>\n<li>Avelina Rogel \u2013 Ecuador<\/li>\n<li>Benito Loaysa \u2013 Ecuador<\/li>\n<li>Bethy Gonzaga \u2013 Ecuador<\/li>\n<li>Blanca Haro \u2013 Ecuador<\/li>\n<li>Blanca L\u00f3pez Torres \u2013 Ecuador<\/li>\n<li>Blanchy Zambrano \u2013 Quito<\/li>\n<li>Byron Pinchupa \u2013 Ecuador<\/li>\n<li>Camilo Duque \u2013 Italia<\/li>\n<li>Camilo Ramirez Dominguez \u2013 Ecuador<\/li>\n<li>Carla Cevallos \u2013 Ecuador<\/li>\n<li>Carlos Arturo Corella \u2013 Ecuador<\/li>\n<li>Carlos Cornejo \u2013 Ecuador<\/li>\n<li>Carlos Gonz\u00e1lez \u2013 Ecuador<\/li>\n<li>Carlos M\u00e9ndez \u2013 Ecuador<\/li>\n<li>Carlos Olives \u2013 Ecuador<\/li>\n<li>Carlos Ra\u00fal Ortiz Pati\u00f1o \u2013 Ecuador<\/li>\n<li>Carlos Urquizo \u2013 Ecuador<\/li>\n<li>Carme Ibarra \u2013 Ecuador<\/li>\n<li>Carolina Graterol \u2013 United Kingdom<\/li>\n<li>Catalina V\u00e1sconez \u2013 Ecuador<\/li>\n<li>Cecilia Israel \u2013 Per\u00fa<\/li>\n<li>Cecilia Molina \u2013 Ecuador<\/li>\n<li>C\u00e9sar Augusto Correa \u2013 Ecuador.<\/li>\n<li>C\u00e9sar Daniel Velasquez Mendoza \u2013 Ecuador<\/li>\n<li>Cesar Medina \u2013 EE.UU<\/li>\n<li>C\u00e9sar Mu\u00f1oz Iturralde \u2013 Ecuador<\/li>\n<li>Cesar Stalin Perez \u2013 Ecuador<\/li>\n<li>Chenai Mukumba \u2013 Kenya<\/li>\n<li>Chiara Mariotti \u2013 Belgium<\/li>\n<li>Ciro Gutierrez \u2013 USA<\/li>\n<li>Claudina Ortiz \u2013 Ecuador<\/li>\n<li>Conchi Garcia Simon \u2013 Espa\u00f1a<\/li>\n<li>Consuelo Castellanos \u2013 Ecuador<\/li>\n<li>Consuelo fernandez \u2013 Ecuador<\/li>\n<li>Cristian Bacuilima \u2013 Ecuador<\/li>\n<li>Cristina Macas \u2013 Ecuador<\/li>\n<li>Cristina Arraga \u2013 Argentina<\/li>\n<li>Cristina Burbano \u2013 Ecuador<\/li>\n<li>Cristina Morocho \u2013 Ecuador<\/li>\n<li>Cruz De Janon Rivadeneira \u2013 Ecuador<\/li>\n<li>Damian Vasquez \u2013 Ecuador<\/li>\n<li>Daniel El\u00edas Monta\u00f1o Tello \u2013 Ecuador<\/li>\n<li>Daniel Vicu\u00f1a Regalado \u2013 Ecuador<\/li>\n<li>Danny Jim\u00e9nez \u2013 Ecuador<\/li>\n<li>Danny Pardo \u2013 Ecuador<\/li>\n<li>Danny Rodolfo Ochoa Ruiz \u2013 Ecuador<\/li>\n<li>David Alomoto \u2013 Ecuador<\/li>\n<li>David Ch\u00e1vez \u2013 Ecuador<\/li>\n<li>David Lainez Checa \u2013 Ecuador<\/li>\n<li>Delfa Mantilla Pacheco \u2013 Ecuador<\/li>\n<li>Denisse Araya Castelli \u2013 Chile<\/li>\n<li>Diego Bosquez \u2013 Ecuador<\/li>\n<li>Diego Tapia \u2013 Ecuador<\/li>\n<li>Dirce Conrado Veiga \u2013 It\u00e1lia<\/li>\n<li>Dolores Bola\u00f1os \u2013 Ecuador<\/li>\n<li>Eddy Antonio Pacheco \u2013 Ecuador<\/li>\n<li>Edgar Ch\u00e1vez \u2013 Ecuador<\/li>\n<li>Edgar Ortiz Ramos \u2013 Ecuador<\/li>\n<li>Edison Chasi \u2013 Ecuador<\/li>\n<li>Edison Montalv\u00e1n Escobar \u2013 Ecuador<\/li>\n<li>Edith Kiara Manzano Estrella \u2013 Ecuador<\/li>\n<li>Edmundo Albornoz \u2013 Suecia<\/li>\n<li>Edmundo Paredes \u2013 Ecuador<\/li>\n<li>Eduardo Argudo \u2013 Ecuador<\/li>\n<li>Eduardo Arturo \u2013 Ecuador<\/li>\n<li>Eduardo Bravo \u2013 Ecuador<\/li>\n<li>Elena Altieri \u2013 Chile<\/li>\n<li>Elena Lavanda \u2013 B\u00e9lgica<\/li>\n<li>Elizabeth Fernandez \u2013 Ecuador<\/li>\n<li>Elizabeth Palacios O \u2013 Ecuador<\/li>\n<li>Elizabeth Verdesoto \u2013 Ecuador<\/li>\n<li>Embajador Horacio Sevilla Borja \u2013 Ecuador<\/li>\n<li>Emiliano Montoya \u2013 Ecuador<\/li>\n<li>Emma Burgisser \u2013 United Kingdom<\/li>\n<li>Enma Virginia Macas Collaguazo \u2013 Ecuador<\/li>\n<li>Enrique Fabi\u00e1n S\u00e1nchez de la Vega \u2013 Ecuador<\/li>\n<li>Enrique Navarrete \u2013 Ecuador<\/li>\n<li>Erik Roberto Novillo Zambrano \u2013 Ecuador<\/li>\n<li>Erika Sylva Charvet \u2013 Ecuador<\/li>\n<li>Ernesto Agurto \u2013 Ecuador<\/li>\n<li>Ernesto Ca\u00f1izares Aguilar \u2013 Ecuador<\/li>\n<li>Ernesto Delgado \u2013 Ecuador<\/li>\n<li>Ernesto Toledo Ar\u00e9valo \u2013 Ecuador<\/li>\n<li>Esmeralda G\u00f3mez \u2013 Ecuador<\/li>\n<li>Esmeralda S\u00e1nchez \u2013 Ecuador<\/li>\n<li>Esmildt Pinchupa \u2013 Ecuador<\/li>\n<li>Estela C\u00e1ceres \u2013 Ecuador<\/li>\n<li>Esther Garz\u00f3n \u2013 Escuador<\/li>\n<li>Eulalia Freire Solano \u2013 Ecuador<\/li>\n<li>Fab\u00edola Schwob \u2013 France<\/li>\n<li>Fausto Paspuel Revelo \u2013 Ecuador<\/li>\n<li>Felipe Arauz \u2013 Canad\u00e1<\/li>\n<li>F\u00e9lix Paz. \u2013 Ecuador<\/li>\n<li>Fernando Caravajo \u2013 Ecuador<\/li>\n<li>Fernando Haro \u2013 Ecuador<\/li>\n<li>Fernando Mora \u2013 Ecuador<\/li>\n<li>Fernando Zambrano \u2013 Ecuador<\/li>\n<li>Flor Cabrera \u2013 EEUU<\/li>\n<li>Francesca Emanuele \u2013 EEUU<\/li>\n<li>Francis S\u00e1nchez \u2013 Ecuador<\/li>\n<li>Francisco Verdesoto \u2013 Ecuador<\/li>\n<li>Franklin Fernando S\u00e1nchez Mena \u2013 Ecuador<\/li>\n<li>Franklin Ruiz \u2013 Ecuador<\/li>\n<li>Franklin S\u00e1nchez Mensa \u2013 Ecuador<\/li>\n<li>Freddy S\u00e1nchez \u2013 Quito<\/li>\n<li>Gaby Micaela Costa Ullauri \u2013 Ecuador<\/li>\n<li>Galo Huatatoca \u2013 Ecuador<\/li>\n<li>Gayne Villagomez \u2013 Ecuador<\/li>\n<li>Genoveva Almeida \u2013 Ecuador<\/li>\n<li>Geoff Goodwin \u2013 United Kingdom<\/li>\n<li>Geovanni Augusto Jaramillo Barros \u2013 Ecuador<\/li>\n<li>Germ\u00e1n Castillo Mena \u2013 Ecuador<\/li>\n<li>Germ\u00e1n Ni\u00f1o \u2013 Colombia<\/li>\n<li>Gina Chavez Vallejo \u2013 Ecuador<\/li>\n<li>Giovanna Tassi \u2013 Ecuador<\/li>\n<li>Gissela Guilcamaigua \u2013 Ecuador<\/li>\n<li>Gladis Velez \u2013 Ecuador<\/li>\n<li>Gregorio Morales \u2013 Ecuador<\/li>\n<li>Guadalupe \u2013 Ecuador<\/li>\n<li>Guadalupe Zambrano \u2013 Ecuador<\/li>\n<li>Guillermo iparaguirre \u2013 Argentina<\/li>\n<li>Gustavo Bulla \u2013 Argentina<\/li>\n<li>H\u00e9ctor Garz\u00f3n Gonz\u00e1lez \u2013 Ecuador<\/li>\n<li>Hector Valladarez \u2013 Ecuador<\/li>\n<li>Heidy Lara \u2013 Ecuador<\/li>\n<li>Henrry Ulloa \u2013 Ecuador<\/li>\n<li>Heraldo Orrego \u2013 Ecuador<\/li>\n<li>Heras Zambrano Andrea \u2013 Ecuador<\/li>\n<li>Hugo Alfredo Lescano \u2013 Argentina<\/li>\n<li>Hugo Arias \u2013 Ecuador<\/li>\n<li>Hugo Mena \u2013 Ecuador<\/li>\n<li>Humberto Campos Cuadrao \u2013 Per\u00fa<\/li>\n<li>Ian V\u00e9lez \u2013 Ecuador<\/li>\n<li>Iliana Chiriboga \u2013 Ecuador<\/li>\n<li>Inti andy \u2013 Ecuador<\/li>\n<li>Iris Barahona \u2013 Ecuador<\/li>\n<li>Isabel Cando V. \u2013 Ecuador<\/li>\n<li>Isabel Ramos \u2013 Ecuador<\/li>\n<li>Isabel Ubillos \u2013 Ecuador<\/li>\n<li>Italo Fermin Pincay Franco \u2013 Ecuador<\/li>\n<li>Iva Dimitrova \u2013 Bulgaria<\/li>\n<li>Ivan Salazar Tello \u2013 Ecuador<\/li>\n<li>Jackelin Mariasol Verdezoto Salazar \u2013 Ecuador<\/li>\n<li>Jacqueline Fuentes \u2013 Ecuador<\/li>\n<li>Jahiren Noriega Donoso \u2013 Ecuador<\/li>\n<li>Jaime Fernando Maggi Silva \u2013 Ecuador<\/li>\n<li>Jaime Machoa \u2013 Ecuador<\/li>\n<li>Jaime V\u00e1sconez \u2013 Ecuador<\/li>\n<li>Jair Mejia Guerrero \u2013 Per\u00fa<\/li>\n<li>Jairo abad \u2013 Ecuador<\/li>\n<li>Javier Hurtares \u2013 Ecuador<\/li>\n<li>Jean Saldanha \u2013 Belgium<\/li>\n<li>Jenniffer Candela \u2013 Ecuador<\/li>\n<li>Jenny Diaz \u2013 Ecuador<\/li>\n<li>Jes\u00fas Jara \u2013 Ecuador<\/li>\n<li>Jesus Tambo \u2013 Ecuador<\/li>\n<li>Jhaqueline Ortega \u2013 Ecuador<\/li>\n<li>Jimmy Pes\u00e1ntez Encalada \u2013 Alemania<\/li>\n<li>Joel Ponce \u2013 Ecuador<\/li>\n<li>Johnatan Patricio Najera Collantes \u2013 Ecuador<\/li>\n<li>Jonathan Contreras \u2013 Ecuador<\/li>\n<li>Jorge Bonilla Macas \u2013 Ecuador<\/li>\n<li>Jorge C\u00e1ceres E \u2013 Ecuador<\/li>\n<li>Jorge Campozano \u2013 EE.UU<\/li>\n<li>Jorge Coronado Marroquin \u2013 Costa Rica<\/li>\n<li>Jorge D\u00edaz \u2013 Ecuador<\/li>\n<li>Jorge Eduardo Encarnaci\u00f3n Ram\u00edrez \u2013 Ecuador<\/li>\n<li>Jorge Guzm\u00e1n \u2013 Ecuador<\/li>\n<li>Jorge L\u00f3pez \u2013 Ecuador<\/li>\n<li>Jorge Luis Ren V\u00e9lez \u2013 Ecuador<\/li>\n<li>Jorge Noboa \u2013 Ecuador<\/li>\n<li>Jorge Pazo \u2013 Ecuador<\/li>\n<li>Jorge Romero \u2013 Ecuador<\/li>\n<li>Jorge Washington villacis \u2013 Guayaquil Ecuador<\/li>\n<li>Jos\u00e9 Antonio Heredia L\u00f3pez \u2013 coordinador pol\u00edtico<\/li>\n<li>Jose Cardenas \u2013 Ecuador<\/li>\n<li>Jose Cowue \u2013 Ecuador<\/li>\n<li>Jos\u00e9 Fernando Castillo Brice\u00f1o \u2013 Per\u00fa<\/li>\n<li>Jos\u00e9 Luis Aguiar S\u00e1nchez \u2013 Ecuador<\/li>\n<li>Jos\u00e9 Manuel Chaglla \u2013 Fuera laso fuera<\/li>\n<li>Jose Miguel Acosta \u2013 Ecuador<\/li>\n<li>Jos\u00e9 Naranjo \u2013 Ecuador<\/li>\n<li>Jos\u00e9 Valladarez \u2013 Ecuador<\/li>\n<li>Jos\u00e9 Villareal \u2013 Ecuador<\/li>\n<li>Juan Arias \u00c1vila \u2013 Per\u00fa<\/li>\n<li>Juan Carlos Ca\u00f1ar Cuenca \u2013 Ecuador<\/li>\n<li>Juan Carlos Egas Ram\u00edrez \u2013 Ecuador<\/li>\n<li>Juan Carlos Llumipanta \u2013 United States<\/li>\n<li>Juan Carlos Perrone Coronel \u2013 Ecuador<\/li>\n<li>Juan Carlos Ram\u00edrez \u2013 Ecuador<\/li>\n<li>Juan Dom\u00ednguez \u2013 Ecuador<\/li>\n<li>Juan Gualotu\u00f1a Saavedra \u2013 Ecuador<\/li>\n<li>Juan Haro \u2013 Ecuador<\/li>\n<li>Juan Tenezaca \u2013 Ecuador<\/li>\n<li>Juan Vergara \u2013 Ecuador<\/li>\n<li>Juan Virgilio Nazareno Qui\u00f1onez \u2013 Ecuador<\/li>\n<li>Juan Zerna Asencio \u2013 Ecuador<\/li>\n<li>Julio Haro M \u2013 Ecuador<\/li>\n<li>Katheriny Nicolt Rodriguez Oswaldo \u2013 Peru<\/li>\n<li>Kelber Antonio Berm\u00fadez Berm\u00fadez \u2013 Ecuador<\/li>\n<li>Kintto Lucas \u2013 Ecuador \u2013 Uruguay<\/li>\n<li>Klever Chanaluisa \u2013 Ecuador<\/li>\n<li>Larry L\u00f3pez \u2013 Ecuador<\/li>\n<li>Lauro Gualan \u2013 Ecuador<\/li>\n<li>Lays Ushirobira \u2013 Brasil<\/li>\n<li>Lenin Fabricio Rojas Oviedo \u2013 Ecuador<\/li>\n<li>Lenny Cecibel Chancay Reyes \u2013 Ecuador<\/li>\n<li>Leonor Ampudia Carrera \u2013 Ecuador.<\/li>\n<li>Leslie Salgado \u2013 United States<\/li>\n<li>Lidy Nacpil \u2013 Philippines<\/li>\n<li>Ligia Valdivieso \u2013 Ecuador<\/li>\n<li>Lorena Katiushka Soria Ord\u00f3\u00f1ez \u2013 Ecuador<\/li>\n<li>Lorena Loja \u2013 Ecuador<\/li>\n<li>Lourdes Chamaidan Romo \u2013 Ecuador<\/li>\n<li>Lucrecia Maldonado \u2013 Ecuador<\/li>\n<li>Luis Alberto Parrales Marcillo \u2013 Ecuador<\/li>\n<li>Luis Arturo Mendieta \u2013 Ecuador<\/li>\n<li>Luis Caiza \u2013 Ecuador<\/li>\n<li>Luis Campoverde \u2013 Ecuador<\/li>\n<li>Luis Cubillos \u2013 Ecuador<\/li>\n<li>Luis Ernesto Guerra \u2013 Ecuador<\/li>\n<li>Luis Gasloli \u2013 Argentina<\/li>\n<li>Luis Jaramillo \u2013 Ecuador<\/li>\n<li>Luis Jimbo \u2013 Ecuador<\/li>\n<li>Luis Moreno \u2013 Per\u00fa<\/li>\n<li>Luis Napole\u00f3n Urresta Rosero \u2013 Ecuador<\/li>\n<li>Luis Perugachi \u2013 Ecuador<\/li>\n<li>Luis Quishpe \u2013 Ecuador<\/li>\n<li>Luis Ricardo Arauz M. \u2013 Ecuador<\/li>\n<li>Luis Supliguicha \u2013 Ecuador<\/li>\n<li>Luis Tinoco \u2013 USA<\/li>\n<li>Luke Holland \u2013 France<\/li>\n<li>Luz Mar\u00eda Aguirre \u2013 Ecuador<\/li>\n<li>Luz Marina Quintana Aguirre \u2013 Ecuador<\/li>\n<li>Lydia Magdalena Medina \u2013 Ecuador<\/li>\n<li>Manuel Antonio Zhigui Loja \u2013 Ecuador<\/li>\n<li>Manuel Mendoza \u2013 Ecuador<\/li>\n<li>Manuel Nieto \u2013 Ecuador<\/li>\n<li>Manuel Tob\u00edas \u2013 Ecuador<\/li>\n<li>Mao Bol\u00edvar Moreno Lara \u2013 Ecuador<\/li>\n<li>Marco Cevallos \u2013 Ecuador<\/li>\n<li>Marco Freire \u2013 Ecuador<\/li>\n<li>Marco Pilataxi \u2013 Ecuador<\/li>\n<li>Marco Vintimilla \u2013 Ecuador<\/li>\n<li>Margarita Rojas \u2013 Ecuador\u00a0 Quito<\/li>\n<li>Margot Alomia \u2013 Ecuador<\/li>\n<li>Mar\u00eda Augusta Mu\u00f1oz Zhunio \u2013 Ecuador<\/li>\n<li>Maria Bermeo \u2013 Ecuador<\/li>\n<li>Mar\u00eda Cabezas \u2013 Ecuador<\/li>\n<li>Maria Caguana Villalta \u2013 Ecuador<\/li>\n<li>Maria Canacuan \u2013 Ecuador<\/li>\n<li>Mar\u00eda de los \u00c1ngeles P\u00e1ez Salvador \u2013 Ecuador<\/li>\n<li>Mar\u00eda Duarte \u2013 Ecuador<\/li>\n<li>Maria Elena M\u00e1rquez Paredes \u2013 Ecuador<\/li>\n<li>Mar\u00eda Elena. Salazar Alavac \u2013 Ecuador Quito<\/li>\n<li>Maria Eugenia Villarreal \u2013 Guatemala<\/li>\n<li>Maria Landazuri \u2013 Ecuador<\/li>\n<li>Maria Lourdes Silva \u2013 Ecuador<\/li>\n<li>Maria Maldonado \u2013 Ecuador<\/li>\n<li>Maria Morales \u2013 Ecuador<\/li>\n<li>Mar\u00eda Quichimbo \u2013 Ecuador<\/li>\n<li>Mar\u00eda Quiroz \u2013 Ecuador<\/li>\n<li>Mariana Ramirez \u2013 Ecuador<\/li>\n<li>Mariela Parisi \u2013 Argentina<\/li>\n<li>Mariela Perez Moncayo \u2013 Ecuador<\/li>\n<li>Mariella Rodriguez \u2013 Ecuador<\/li>\n<li>Marisol Falcones \u2013 Ecuador<\/li>\n<li>Marlon Heredia \u2013 Ecuador<\/li>\n<li>Matti Kohonen \u2013 United Kingdom<\/li>\n<li>M\u00e1ximo Valverde \u2013 Ecuador<\/li>\n<li>Mayra Crean \u2013 Inglaterra<\/li>\n<li>Mercedes De La Torre \u2013 Canad\u00e1<\/li>\n<li>Mercy Justina Garc\u00eda Reto \u2013 Ecuador<\/li>\n<li>Mery G. Herrera \u2013 Ecuador<\/li>\n<li>Miguel \u00c1ngel Carlosama \u2013 Ecuador<\/li>\n<li>Miguel Ramirez \u2013 Ecuador<\/li>\n<li>Miguel Vera Rivera \u2013 Ecuador<\/li>\n<li>Milton \u00c1lvarez \u2013 Ecuador<\/li>\n<li>Miriam Blanca Rodr\u00edguez Rodr\u00edguez \u2013 Ecuador<\/li>\n<li>Mirian Rosado \u2013 Ecuador<\/li>\n<li>Miryan Buitron \u2013 Ecuador<\/li>\n<li>Monica Feijoo \u2013 Ecuador<\/li>\n<li>M\u00f3nica Pacheco \u2013 Ecuador<\/li>\n<li>Nancy Carrillo \u2013 Ecuador<\/li>\n<li>Nancy Fiallo \u2013 EEUU<\/li>\n<li>Nancy Haro \u2013 Ecuador<\/li>\n<li>Nancy Tipan \u2013 Ecuador<\/li>\n<li>Napole\u00f3n Peralta \u2013 Ecuador<\/li>\n<li>Narcisa Quevedo Mora \u2013 Ecuador<\/li>\n<li>Nathaly Pinto \u2013 Ecuador-Finlandia<\/li>\n<li>Navin Costa \u2013 Ecuador<\/li>\n<li>Nelly Mi\u00f1o \u2013 Ecuador<\/li>\n<li>Nelson Ben\u00edtez \u2013 Estados Unidos<\/li>\n<li>Nelson Tamayo \u2013 Ecuador<\/li>\n<li>Nidia Solorzano \u2013 Canada<\/li>\n<li>Nilsa Ferrer \u2013 United States<\/li>\n<li>Ninfa Su\u00e1rez \u2013 Ecuador<\/li>\n<li>Nixon Bolivar Zapata Monar \u2013 Ecuador<\/li>\n<li>Nuevo Per\u00fa Estados Unidos \u2013 Estados Unidos<\/li>\n<li>Olga Salazar \u2013 Belgica<\/li>\n<li>Ordo\u00f1ez isabel \u2013 Ecuador<\/li>\n<li>Orlando P\u00e9rez \u2013 Ecuador<\/li>\n<li>Oscar L\u00f3pez. \u2013 Per\u00fa<\/li>\n<li>Oscar Paredes \u2013 Ecuador<\/li>\n<li>Oscar Ugarteche \u2013 M\u00e9xico<\/li>\n<li>Oswaldo Galarza \u2013 Ecuador<\/li>\n<li>Oswaldo Herrera Soto \u2013 Costa Rica<\/li>\n<li>Pablo Jos\u00e9 Iturralde \u2013 Ecuador<\/li>\n<li>Pablo Onofre \u2013 Ecuador<\/li>\n<li>Pablo Pazmi\u00f1o \u2013 Ecuador<\/li>\n<li>Pablo Pazmi\u00f1o Neyra \u2013 Ecuador<\/li>\n<li>Paolina Vercout\u00e8re \u2013 Ecuador<\/li>\n<li>Patricia Alvarado \u2013 Ecuador<\/li>\n<li>Patricia Cardenas \u2013 Ecuador<\/li>\n<li>Patricia Cervantes \u2013 Ecuador<\/li>\n<li>Patricia de la Torre \u2013 Ecuador<\/li>\n<li>Patricia Medina \u2013 Ecuador<\/li>\n<li>Patricio Ba\u00f1o \u2013 Ecuador<\/li>\n<li>Patricio Ramos \u2013 New York<\/li>\n<li>Pedro Bonilla \u2013 Ecuador<\/li>\n<li>Pedro Tomas Arevalo Torres \u2013 Noruega<\/li>\n<li>Pedro zapata \u2013 Ecuador<\/li>\n<li>Perla Adri\u00e1n \u2013 Guayaquil<\/li>\n<li>Pilar Ferreyra \u2013 Argentina<\/li>\n<li>Rafael Tana \u2013 Ecuador<\/li>\n<li>Ram\u00f3n Constante \u2013 Ecuador<\/li>\n<li>Raquel Rosero Bedoya \u2013 Ecuador<\/li>\n<li>Ra\u00fal Arias \u2013 Ecuador<\/li>\n<li>Ra\u00fal Minchala \u2013 Ecuador<\/li>\n<li>Reinaldo Roca \u2013 Ecuador<\/li>\n<li>Renato Erazo \u2013 Ecuador<\/li>\n<li>Renier Canales Medina \u2013 Costa Rica<\/li>\n<li>Renzo Troncoso \u2013 Ecuador<\/li>\n<li>Ricky Manzano \u2013 Ecuador<\/li>\n<li>Rita soto \u2013 Ecuador<\/li>\n<li>Roberto Arturo Sanchez \u2013 Ecuador<\/li>\n<li>Roberto Mora \u2013 Ecuador<\/li>\n<li>Roberto Perea \u2013 Ecuador<\/li>\n<li>Roc\u00edo Guevara \u2013 Ecuador<\/li>\n<li>Romel Jurado \u2013 Ecuador<\/li>\n<li>Romina Barrionuevo \u2013 Argentina<\/li>\n<li>Rosa Blanca Ponce \u2013 Ecuador<\/li>\n<li>Rosa Flor\u00edn \u2013 Ecuador<\/li>\n<li>Rosa Pacheco Guevara \u2013 Ecuador<\/li>\n<li>Rosa Soto \u2013 Ecuador<\/li>\n<li>Rosa Zambrano \u2013 Ecuador<\/li>\n<li>Rosamaria Calder\u00f3n Carranza \u2013 Ecuador<\/li>\n<li>Rosi Asimbaya \u2013 Ecuador<\/li>\n<li>Rosita Paladines \u2013 Ecuador<\/li>\n<li>Ruth Almeida \u2013 Ecuador<\/li>\n<li>Ruth Elvira Sanchez \u2013 Ecuador<\/li>\n<li>Ruth Herrera \u2013 Ecuador<\/li>\n<li>sadra cordova \u2013 B\u00e9lgica<\/li>\n<li>Sandra Guerrero \u2013 Ecuador<\/li>\n<li>Sascha Hennig \u2013 Germany<\/li>\n<li>Saul Quinto Miranda \u2013 Ecuador<\/li>\n<li>Sebasti\u00e1n Racines \u2013 Ecuador<\/li>\n<li>Segundo Calahorrano \u2013 Ecuador<\/li>\n<li>Segundo Javier Taipe Toasa \u2013 Espa\u00f1a<\/li>\n<li>Segundo Quito \u2013 Ecuador<\/li>\n<li>Segundo Vallejo Gellibert \u2013 Ecuador<\/li>\n<li>Silvia Baho \u2013 Ecuador<\/li>\n<li>Silvia Jara \u2013 Ecuador<\/li>\n<li>Silvia Mariela Mendez Pado \u2013 Ecuador<\/li>\n<li>Silvia Vera \u2013 Ecuador<\/li>\n<li>Sofia Aguirre \u2013 Ecuador<\/li>\n<li>Sof\u00eda Romero Y\u00e1nez \u2013 Ecuador<\/li>\n<li>Soledad Cadena \u2013 Ecuador<\/li>\n<li>Sonia Esilda Coronel \u2013 Ecuador<\/li>\n<li>Susana Sel \u2013 Argentina<\/li>\n<li>Tania Tapia Ledesma \u2013 Ecuador<\/li>\n<li>Tania Tapia Ledesma \u2013 Ecuador<\/li>\n<li>Tania T\u00faqueres \u2013 Ecuador<\/li>\n<li>Teresa Caiza \u2013 Ecuador<\/li>\n<li>Teresa Escandon Solis \u2013 Ecuador<\/li>\n<li>Teresa Jumbo \u2013 Ecuador<\/li>\n<li>Vanessa Elizabeth Freire Villamarin \u2013 Ecuador<\/li>\n<li>Ver\u00f3nica Herrera \u2013 Ecuador<\/li>\n<li>Ver\u00f3nica Icaza \u2013 Ecuador<\/li>\n<li>Vicente Angulo \u2013 Ecuador<\/li>\n<li>Vicente Velastegui \u2013 Ecuador<\/li>\n<li>Vicente Vuele \u2013 Provincia de Loja<\/li>\n<li>Victor Chipantisa \u2013 Ecuador<\/li>\n<li>Victor Hugo Rojas \u2013 Ecuador<\/li>\n<li>V\u00edctor Tobar \u2013 Ecuador<\/li>\n<li>V\u00edctor Zambrano \u2013 Ecuador<\/li>\n<li>Vidya Dinker \u2013 India<\/li>\n<li>Vi\u00f1achi Chicaiza Zeida Esperanza \u2013 Ecuador<\/li>\n<li>Virginia Valencia \u2013 Italia<\/li>\n<li>Walter Guachichulca \u2013 Ecuador<\/li>\n<li>Walter Qui\u00f1\u00f3nez \u2013 Ecuador<\/li>\n<li>Walter Villeda \u2013 Canada<\/li>\n<li>Washington Aigaje \u2013 Ecuador<\/li>\n<li>Wilfrido Gonzalez \u2013 Ecuador<\/li>\n<li>William Adelmo Garrido Correa \u2013 Ecuador<\/li>\n<li>William Hermel batallas. \u2013 Ecuador<\/li>\n<li>Wilma C\u00f3rdova \u2013 EEUU<\/li>\n<li>Wilson Lucero \u2013 Ecuador<\/li>\n<li>Wilson Ramiro Garc\u00eda Avil\u00e9s \u2013 Ecuador<\/li>\n<li>Wuilmer Quintana \u2013 Ecuador<\/li>\n<li>Xiomara Alay \u2013 Venezuela<\/li>\n<li>Yanira C. Ferrer \u2013 Puerto Rico<\/li>\n<li>Yoni Maria Carri\u00f3n Torres \u2013 Ecuador<\/li>\n<li>Zita Cabrera Paredes \u2013 Ecuadir<\/li>\n<li>Zoila Calder\u00f3n Imbaquingo \u2013 Ecuador<\/li>\n<li>Zoila M Ram\u00edrez L \u2013 Ecuador<\/li>\n<li>Zulema Contreras Mu\u00f1oz \u2013 Chile<\/li>\n<\/ol>\n","protected":false},"excerpt":{"rendered":"<p>(Read in English below) Las organizaciones, acad\u00e9micos y personas comprometidas [&hellip;]<\/p>\n","protected":false},"author":1,"featured_media":8428,"comment_status":"open","ping_status":"open","sticky":false,"template":"","format":"standard","meta":{"_siteseo_robots_primary_cat":"","_joinchat":[],"footnotes":""},"categories":[79,87,9],"tags":[],"class_list":["post-8420","post","type-post","status-publish","format-standard","has-post-thumbnail","hentry","category-derechos-politicos-y-civiles","category-home-slider","category-justiciafiscal"],"_links":{"self":[{"href":"https:\/\/cdes.org.ec\/webantigua\/wp-json\/wp\/v2\/posts\/8420","targetHints":{"allow":["GET"]}}],"collection":[{"href":"https:\/\/cdes.org.ec\/webantigua\/wp-json\/wp\/v2\/posts"}],"about":[{"href":"https:\/\/cdes.org.ec\/webantigua\/wp-json\/wp\/v2\/types\/post"}],"author":[{"embeddable":true,"href":"https:\/\/cdes.org.ec\/webantigua\/wp-json\/wp\/v2\/users\/1"}],"replies":[{"embeddable":true,"href":"https:\/\/cdes.org.ec\/webantigua\/wp-json\/wp\/v2\/comments?post=8420"}],"version-history":[{"count":9,"href":"https:\/\/cdes.org.ec\/webantigua\/wp-json\/wp\/v2\/posts\/8420\/revisions"}],"predecessor-version":[{"id":8431,"href":"https:\/\/cdes.org.ec\/webantigua\/wp-json\/wp\/v2\/posts\/8420\/revisions\/8431"}],"wp:featuredmedia":[{"embeddable":true,"href":"https:\/\/cdes.org.ec\/webantigua\/wp-json\/wp\/v2\/media\/8428"}],"wp:attachment":[{"href":"https:\/\/cdes.org.ec\/webantigua\/wp-json\/wp\/v2\/media?parent=8420"}],"wp:term":[{"taxonomy":"category","embeddable":true,"href":"https:\/\/cdes.org.ec\/webantigua\/wp-json\/wp\/v2\/categories?post=8420"},{"taxonomy":"post_tag","embeddable":true,"href":"https:\/\/cdes.org.ec\/webantigua\/wp-json\/wp\/v2\/tags?post=8420"}],"curies":[{"name":"wp","href":"https:\/\/api.w.org\/{rel}","templated":true}]}}