{"id":8452,"date":"2021-11-09T21:01:39","date_gmt":"2021-11-09T21:01:39","guid":{"rendered":"https:\/\/cdes.org.ec\/webantigua\/?p=8452"},"modified":"2022-01-10T21:43:53","modified_gmt":"2022-01-10T21:43:53","slug":"consideran-grave-nexo-de-presidente-de-ecuador-con-pandora-papers","status":"publish","type":"post","link":"https:\/\/cdes.org.ec\/webantigua\/consideran-grave-nexo-de-presidente-de-ecuador-con-pandora-papers\/","title":{"rendered":"CONSIDERAN GRAVE NEXO DE PRESIDENTE DE ECUADOR CON PANDORA PAPERS"},"content":{"rendered":"<p>Quito, 7 nov (Prensa Latina) Los presuntos v\u00ednculos del presidente de Ecuador, Guillermo Lasso, con la investigaci\u00f3n Pandora Papers son hoy tildados de grave por grupos sociales como la Confederaci\u00f3n de Nacionalidades Ind\u00edgenas (Conaie).<\/p>\n<p>En un comunicado oficial, la instancia que aglutina a la mayor\u00eda de los pueblos ancestrales de este pa\u00eds sudamericano, hizo referencia a un informe reciente de la Comisi\u00f3n de Garant\u00edas Constitucionales de la Asamblea Nacional, en el cual los legisladores estiman que el mandatario falt\u00f3 a la observaci\u00f3n del Pacto Etico aprobado en consulta popular en 2017.<\/p>\n<p>De acuerdo con lo dispuesto por la poblaci\u00f3n, para los aspirantes a dignidades o funcionarios con cargos p\u00fablicos est\u00e1 prohibido tener bienes o capitales en pa\u00edses considerados para\u00edsos fiscales, pues promueven la evasi\u00f3n tributaria.<\/p>\n<p>\u00abEl v\u00ednculo de Guillermo Lasso con los Pandora Papers solamente se suma a una ya existente situaci\u00f3n de crisis y conmoci\u00f3n social que atraviesa el Ecuador por m\u00faltiples crisis: falta de empleo, regresi\u00f3n en derechos laborales, inseguridad hist\u00f3rica, surgimiento de una nueva ola migratoria, crisis carcelaria, agresiones al sector agropecuario\u00bb, asegur\u00f3 la Conaie.<\/p>\n<p>Sobre ese particular, agreg\u00f3 que es un deber moral de todos los ciudadanos y las autoridades aplicar las sanciones necesarias en ese caso, lo cual ayudar\u00eda a empezar transformaciones en las actuales condiciones financieras y fiscales responsables de la enorme e inhumana injusticia social de los pueblos.<\/p>\n<p>\u00abA los voceros del Gobierno que defienden la \u00ablegitimidad de evadir impuestos\u00bb, les recordamos que esos recursos escondidos en para\u00edsos fiscales es un robo al conjunto de la sociedad y es un robo al contribuyente com\u00fan que s\u00ed paga la parte que le corresponde\u00bb, enfatiz\u00f3 la Confederaci\u00f3n.<\/p>\n<p>Seg\u00fan sentenci\u00f3, los para\u00edsos fiscales implican fraude tributario, hurto, despojo, pobreza, concentraci\u00f3n obscena de la riqueza y desigualdad social.<\/p>\n<p>\u00abAhora mismo, es una verg\u00fcenza que mientras el ejecutivo intenta justificar la evasi\u00f3n tributaria de uno de los presidentes m\u00e1s adinerados de la historia, al mismo tiempo anuncia la falta de recursos para la Proforma Presupuestaria, que le quita 291 millones de d\u00f3lares a la salud y 278 millones a la educaci\u00f3n\u00bb, sentenci\u00f3.<\/p>\n<p>En su criterio, esos recursos faltan porque los grupos financieros y econ\u00f3micos evaden impuestos.<\/p>\n<p>Para la Conaie, si Solamente Guillermo Lasso y los grupos econ\u00f3micos pagaran un gravamen m\u00ednimo del dos por ciento de sus ingresos, como ocurr\u00eda con los microempresarios, el estado lograra una recaudaci\u00f3n de al menos mil 306 millones de d\u00f3lares adicionales, monto suficiente para evitar la reducci\u00f3n de fondos en sectores importantes.<\/p>\n<p>Las estimaciones de la instancia contrastan con el pago de alrededor del uno por ciento de los ingresos de los m\u00e1s acaudalados, muchos de ellos con empresas offshore y cuentas en para\u00edsos fiscales, donde sus riquezas quedan ocultas, facilitando menores declaraciones del impuesto a la renta.<\/p>\n<p>El informe de la Comisi\u00f3n de Garant\u00edas Constitucionales, aprobado el pasado 5 de noviembre, concluy\u00f3 que el jefe de estado tiene \u201cvinculaci\u00f3n directa\u201d con para\u00edsos fiscales.<\/p>\n<p>La informaci\u00f3n para el an\u00e1lisis en el equipo parlamentario parti\u00f3 de datos entregados por la legisladora M\u00f3nica Palacios, probatorios de que el traspaso de acciones de sus compa\u00f1\u00edas offshore, realizado por Lasso, qued\u00f3 oficializado despu\u00e9s de su inscripci\u00f3n como candidato a la presidencia.<\/p>\n<p>La evaluaci\u00f3n parti\u00f3 de pruebas que indican un posible delito de defraudaci\u00f3n tributaria, a partir de disparidades en el pago de impuestos en las distintas empresas del Grupo Banco de Guayaquil y de Lasso.<\/p>\n<p>De manera general el tema despierta pol\u00e9mica, porque el abogado del dignatario, Eduardo Carmigniani sostiene que la Superintendencia de Bancos de Panam\u00e1 da cuenta de la transferencia de acciones el 15 de septiembre de 2020, d\u00edas antes del ingreso de la nominaci\u00f3n.<\/p>\n<p>No obstante, analistas pol\u00edticos sostienen que la situaci\u00f3n actual genera un escenario de crisis de gobernabilidad, por la disminuci\u00f3n del apoyo y la credibilidad al mandatario, quien adem\u00e1s no tendr\u00eda margen de maniobra para llevar adelante el Plan Nacional de Desarrollo.<\/p>\n<p>Fuente: Prensa Latina<\/p>\n","protected":false},"excerpt":{"rendered":"<p>Quito, 7 nov (Prensa Latina) Los presuntos v\u00ednculos del presidente [&hellip;]<\/p>\n","protected":false},"author":1,"featured_media":8455,"comment_status":"open","ping_status":"open","sticky":false,"template":"","format":"standard","meta":{"_siteseo_robots_primary_cat":"","_joinchat":[],"footnotes":""},"categories":[9],"tags":[],"class_list":["post-8452","post","type-post","status-publish","format-standard","has-post-thumbnail","hentry","category-justiciafiscal"],"_links":{"self":[{"href":"https:\/\/cdes.org.ec\/webantigua\/wp-json\/wp\/v2\/posts\/8452","targetHints":{"allow":["GET"]}}],"collection":[{"href":"https:\/\/cdes.org.ec\/webantigua\/wp-json\/wp\/v2\/posts"}],"about":[{"href":"https:\/\/cdes.org.ec\/webantigua\/wp-json\/wp\/v2\/types\/post"}],"author":[{"embeddable":true,"href":"https:\/\/cdes.org.ec\/webantigua\/wp-json\/wp\/v2\/users\/1"}],"replies":[{"embeddable":true,"href":"https:\/\/cdes.org.ec\/webantigua\/wp-json\/wp\/v2\/comments?post=8452"}],"version-history":[{"count":3,"href":"https:\/\/cdes.org.ec\/webantigua\/wp-json\/wp\/v2\/posts\/8452\/revisions"}],"predecessor-version":[{"id":8457,"href":"https:\/\/cdes.org.ec\/webantigua\/wp-json\/wp\/v2\/posts\/8452\/revisions\/8457"}],"wp:featuredmedia":[{"embeddable":true,"href":"https:\/\/cdes.org.ec\/webantigua\/wp-json\/wp\/v2\/media\/8455"}],"wp:attachment":[{"href":"https:\/\/cdes.org.ec\/webantigua\/wp-json\/wp\/v2\/media?parent=8452"}],"wp:term":[{"taxonomy":"category","embeddable":true,"href":"https:\/\/cdes.org.ec\/webantigua\/wp-json\/wp\/v2\/categories?post=8452"},{"taxonomy":"post_tag","embeddable":true,"href":"https:\/\/cdes.org.ec\/webantigua\/wp-json\/wp\/v2\/tags?post=8452"}],"curies":[{"name":"wp","href":"https:\/\/api.w.org\/{rel}","templated":true}]}}