{"id":8486,"date":"2021-11-27T01:19:07","date_gmt":"2021-11-27T01:19:07","guid":{"rendered":"https:\/\/cdes.org.ec\/webantigua\/?p=8486"},"modified":"2021-11-27T01:19:07","modified_gmt":"2021-11-27T01:19:07","slug":"en-ocasion-al-25n-el-gobierno-de-pichincha-premia-a-promotoras-por-una-vida-sin-violencia-de-genero","status":"publish","type":"post","link":"https:\/\/cdes.org.ec\/webantigua\/en-ocasion-al-25n-el-gobierno-de-pichincha-premia-a-promotoras-por-una-vida-sin-violencia-de-genero\/","title":{"rendered":"EN OCASI\u00d3N AL 25N EL GOBIERNO DE PICHINCHA PREMIA A PROMOTORAS POR UNA VIDA SIN VIOLENCIA DE G\u00c9NERO"},"content":{"rendered":"<p>Trece Promotoras por el Derecho a una Vida Libre de Violencia para las Mujeres, recibieron de la Prefectura de Pichincha la Condecoraci\u00f3n al M\u00e9rito, en el grado \u201cDolores Cacuango\u201d por su ardua lucha en la construcci\u00f3n de una sociedad libre de violencia.<\/p>\n<p>El evento cont\u00f3 con la participaci\u00f3n de mujeres y organizaciones de la sociedad civil que se han destacado en acciones para la prevenci\u00f3n y erradicaci\u00f3n de la violencia contra las mujeres.<\/p>\n<p><a href=\"https:\/\/cdes.org.ec\/webantigua\/wp-content\/uploads\/2021\/11\/conme1080.png\"><img decoding=\"async\" class=\"alignnone size-medium wp-image-8495\" src=\"https:\/\/cdes.org.ec\/webantigua\/wp-content\/uploads\/2021\/11\/conme1080-300x196.png\" alt=\"\" width=\"300\" height=\"196\" srcset=\"https:\/\/cdes.org.ec\/webantigua\/wp-content\/uploads\/2021\/11\/conme1080-200x130.png 200w, https:\/\/cdes.org.ec\/webantigua\/wp-content\/uploads\/2021\/11\/conme1080-300x196.png 300w, https:\/\/cdes.org.ec\/webantigua\/wp-content\/uploads\/2021\/11\/conme1080-400x261.png 400w, https:\/\/cdes.org.ec\/webantigua\/wp-content\/uploads\/2021\/11\/conme1080-600x391.png 600w, https:\/\/cdes.org.ec\/webantigua\/wp-content\/uploads\/2021\/11\/conme1080-768x501.png 768w, https:\/\/cdes.org.ec\/webantigua\/wp-content\/uploads\/2021\/11\/conme1080-800x521.png 800w, https:\/\/cdes.org.ec\/webantigua\/wp-content\/uploads\/2021\/11\/conme1080-1024x667.png 1024w, https:\/\/cdes.org.ec\/webantigua\/wp-content\/uploads\/2021\/11\/conme1080.png 1080w\" sizes=\"(max-width: 300px) 100vw, 300px\" \/><\/a>\u00a0 \u00a0 \u00a0 \u00a0 \u00a0 \u00a0 \u00a0 \u00a0 <a href=\"https:\/\/cdes.org.ec\/webantigua\/wp-content\/uploads\/2021\/11\/juego1080.png\"><img decoding=\"async\" class=\"alignnone  wp-image-8492\" src=\"https:\/\/cdes.org.ec\/webantigua\/wp-content\/uploads\/2021\/11\/juego1080-300x213.png\" alt=\"\" width=\"280\" height=\"199\" srcset=\"https:\/\/cdes.org.ec\/webantigua\/wp-content\/uploads\/2021\/11\/juego1080-200x142.png 200w, https:\/\/cdes.org.ec\/webantigua\/wp-content\/uploads\/2021\/11\/juego1080-300x214.png 300w, https:\/\/cdes.org.ec\/webantigua\/wp-content\/uploads\/2021\/11\/juego1080-400x284.png 400w, https:\/\/cdes.org.ec\/webantigua\/wp-content\/uploads\/2021\/11\/juego1080-600x427.png 600w, https:\/\/cdes.org.ec\/webantigua\/wp-content\/uploads\/2021\/11\/juego1080-768x546.png 768w, https:\/\/cdes.org.ec\/webantigua\/wp-content\/uploads\/2021\/11\/juego1080-800x569.png 800w, https:\/\/cdes.org.ec\/webantigua\/wp-content\/uploads\/2021\/11\/juego1080-1024x728.png 1024w, https:\/\/cdes.org.ec\/webantigua\/wp-content\/uploads\/2021\/11\/juego1080.png 1080w\" sizes=\"(max-width: 280px) 100vw, 280px\" \/><\/a><\/p>\n<p>Dentro del programa se desarroll\u00f3 una feria con productos de mujeres emprendedoras de toda la provincia de Pichincha, en donde las Promotoras demostraron sus conocimientos sobre violencia de g\u00e9nero, compartieron con el p\u00fablico y mostraron sus destrezas con los originales productos de sus emprendimientos.<\/p>\n<p>Las Promotoras seguir\u00e1n luchando por una sociedad libre de violencia de g\u00e9nero y tienen previstos var\u00edas acciones para desarrollar ese en los pr\u00f3ximos 16 d\u00edas de activismo que empezaron con la conmemoraci\u00f3n del 25N.<\/p>\n","protected":false},"excerpt":{"rendered":"<p>Trece Promotoras por el Derecho a una Vida Libre de [&hellip;]<\/p>\n","protected":false},"author":1,"featured_media":8490,"comment_status":"open","ping_status":"open","sticky":false,"template":"","format":"standard","meta":{"_siteseo_robots_primary_cat":"","_joinchat":[],"footnotes":""},"categories":[87,16],"tags":[],"class_list":["post-8486","post","type-post","status-publish","format-standard","has-post-thumbnail","hentry","category-home-slider","category-mujeres-indigenas"],"_links":{"self":[{"href":"https:\/\/cdes.org.ec\/webantigua\/wp-json\/wp\/v2\/posts\/8486","targetHints":{"allow":["GET"]}}],"collection":[{"href":"https:\/\/cdes.org.ec\/webantigua\/wp-json\/wp\/v2\/posts"}],"about":[{"href":"https:\/\/cdes.org.ec\/webantigua\/wp-json\/wp\/v2\/types\/post"}],"author":[{"embeddable":true,"href":"https:\/\/cdes.org.ec\/webantigua\/wp-json\/wp\/v2\/users\/1"}],"replies":[{"embeddable":true,"href":"https:\/\/cdes.org.ec\/webantigua\/wp-json\/wp\/v2\/comments?post=8486"}],"version-history":[{"count":1,"href":"https:\/\/cdes.org.ec\/webantigua\/wp-json\/wp\/v2\/posts\/8486\/revisions"}],"predecessor-version":[{"id":8496,"href":"https:\/\/cdes.org.ec\/webantigua\/wp-json\/wp\/v2\/posts\/8486\/revisions\/8496"}],"wp:featuredmedia":[{"embeddable":true,"href":"https:\/\/cdes.org.ec\/webantigua\/wp-json\/wp\/v2\/media\/8490"}],"wp:attachment":[{"href":"https:\/\/cdes.org.ec\/webantigua\/wp-json\/wp\/v2\/media?parent=8486"}],"wp:term":[{"taxonomy":"category","embeddable":true,"href":"https:\/\/cdes.org.ec\/webantigua\/wp-json\/wp\/v2\/categories?post=8486"},{"taxonomy":"post_tag","embeddable":true,"href":"https:\/\/cdes.org.ec\/webantigua\/wp-json\/wp\/v2\/tags?post=8486"}],"curies":[{"name":"wp","href":"https:\/\/api.w.org\/{rel}","templated":true}]}}