{"id":8500,"date":"2021-12-02T14:59:40","date_gmt":"2021-12-02T14:59:40","guid":{"rendered":"https:\/\/cdes.org.ec\/webantigua\/?p=8500"},"modified":"2021-12-03T12:36:17","modified_gmt":"2021-12-03T12:36:17","slug":"visita-de-cidh-para-verificar-la-violacion-de-derechos-humanos-en-las-carceles","status":"publish","type":"post","link":"https:\/\/cdes.org.ec\/webantigua\/visita-de-cidh-para-verificar-la-violacion-de-derechos-humanos-en-las-carceles\/","title":{"rendered":"VISITA DE CIDH PARA VERIFICAR LA VIOLACI\u00d3N DE DERECHOS HUMANOS EN LAS C\u00c1RCELES DEL PA\u00cdS"},"content":{"rendered":"<p>El Centro de Derechos Econ\u00f3micos y Sociales (CDES) saluda la visita de la Comisi\u00f3n Interamericana de Derechos Humanos (CIDH) al Ecuador del 1 al 3 de diciembre que estar\u00e1 encabezada por Stuardo Ral\u00f3n, relator para los Derechos de las Personas Privadas de Libertad, y estar\u00e1 compuesta por la Secretaria Ejecutiva y la Secretaria Ejecutiva Adjunta.\u00a0 La visita de la CIDH tiene como objetivo verificar y generar acciones urgentes frente a la grave situaci\u00f3n del sistema carcelario nacional y la situaci\u00f3n de \u00a0las personas privadas de su libertad<strong>, <\/strong>\u00a0despu\u00e9s de los asesinatos registrados, que ya suman 320 muertos, solo en este 2021 y que han recibido la en\u00e9rgica condena de este \u00f3rgano del Sistema Interamericano de Derechos Humanos<\/p>\n<p>Se debe se\u00f1alar que a pesar que la CIDH ha instado de manera insistente al Estado ecuatoriano a adoptar medidas inmediatas y efectivas para garantizar los derechos a la vida e integridad personal de quienes est\u00e1n bajo su custodia, as\u00ed como para prevenir la repetici\u00f3n de estos hechos.\u00a0Las muertes y hechos de violencia en las c\u00e1rceles del pa\u00eds se siguen produciendo.<\/p>\n<p>En este marco, se debe resaltar que el permanente desmantelamiento del Estado es responsable de estas y otras violaciones a los derechos humanos que ocurren en Ecuador. El Sistema carcelario nacional se encuentra en completo abandono y muchas de las personas que se encuentran privadas de su libertad, pagan condenas por delitos que encuentran su origen en las inmensas desigualdades estructurales, la violencia institucionalizada, un d\u00e9bil sistema de justicia, la permanente desinstitucionalizaci\u00f3n del pa\u00eds, y la persecuci\u00f3n pol\u00edtica que es utilizada para callar todas las voces disidentes, como ocurri\u00f3 con muchas de las voces de octubre de 2019 que se pronunciaron contra las medidas neoliberales del FMI.<\/p>\n<p>Es motivo de preocupaci\u00f3n que, ante estas situaciones, el Gobierno ha respondido \u00fanicamente con un discurso belicista, generando una narrativa de un pa\u00eds en guerra en el que las muertes en las c\u00e1rceles son naturalizadas y busca posicionarse un discurso que niega derechos a las personas privadas de la libertad.<\/p>\n<p>Por otra parte, el Gobierno de Ecuador ha se\u00f1alado que buscar\u00e1 asesor\u00eda internacional del Gobierno de Colombia. Esto debe ser rechazado con firmeza, puesto que ya se conocen los resultados desastrosos en materia de derechos humanos que ha tenido la aplicaci\u00f3n de una visi\u00f3n securitista y punitivista que han sido probadas y fracasadas en otros pa\u00edses de la regi\u00f3n.<\/p>\n<p>En este contexto, el CDES hace un llamado a la CIDH a analizar la situaci\u00f3n que vive el pa\u00eds en el marco de la integralidad e interdependencia de los Derechos Humanos. Exhortamos a la Misi\u00f3n de la CIDH a que considere el efecto sobre la gesti\u00f3n de las c\u00e1rceles que ha tenido la austeridad fiscal y la reducci\u00f3n del presupuesto p\u00fablico que permite sostener los est\u00e1ndares de servicios para garantizar los derechos de las personas privadas de su libertad y ahondar en problemas estructurales como la criminalizaci\u00f3n de la pobreza y la protesta social.<\/p>\n<p>Hacemos un llamado urgente para que la Misi\u00f3n de la CIDH pueda obtener la informaci\u00f3n necesaria y resaltar las voces de la sociedad civil para que se puedan generar propuestas desde un enfoque de seguridad humana y derechos humanos y que den cuenta del actual sistema caduco que ahonda a\u00fan m\u00e1s las desigualdades y pobreza por las que atraviesa el pa\u00eds.<\/p>\n<p>Nos mantendremos atentos al informe y recomendaciones que resulten de esta visita.<\/p>\n","protected":false},"excerpt":{"rendered":"<p>El Centro de Derechos Econ\u00f3micos y Sociales (CDES) saluda la [&hellip;]<\/p>\n","protected":false},"author":1,"featured_media":8501,"comment_status":"open","ping_status":"open","sticky":false,"template":"","format":"standard","meta":{"_siteseo_robots_primary_cat":"","_joinchat":[],"footnotes":""},"categories":[79,87],"tags":[],"class_list":["post-8500","post","type-post","status-publish","format-standard","has-post-thumbnail","hentry","category-derechos-politicos-y-civiles","category-home-slider"],"_links":{"self":[{"href":"https:\/\/cdes.org.ec\/webantigua\/wp-json\/wp\/v2\/posts\/8500","targetHints":{"allow":["GET"]}}],"collection":[{"href":"https:\/\/cdes.org.ec\/webantigua\/wp-json\/wp\/v2\/posts"}],"about":[{"href":"https:\/\/cdes.org.ec\/webantigua\/wp-json\/wp\/v2\/types\/post"}],"author":[{"embeddable":true,"href":"https:\/\/cdes.org.ec\/webantigua\/wp-json\/wp\/v2\/users\/1"}],"replies":[{"embeddable":true,"href":"https:\/\/cdes.org.ec\/webantigua\/wp-json\/wp\/v2\/comments?post=8500"}],"version-history":[{"count":3,"href":"https:\/\/cdes.org.ec\/webantigua\/wp-json\/wp\/v2\/posts\/8500\/revisions"}],"predecessor-version":[{"id":8504,"href":"https:\/\/cdes.org.ec\/webantigua\/wp-json\/wp\/v2\/posts\/8500\/revisions\/8504"}],"wp:featuredmedia":[{"embeddable":true,"href":"https:\/\/cdes.org.ec\/webantigua\/wp-json\/wp\/v2\/media\/8501"}],"wp:attachment":[{"href":"https:\/\/cdes.org.ec\/webantigua\/wp-json\/wp\/v2\/media?parent=8500"}],"wp:term":[{"taxonomy":"category","embeddable":true,"href":"https:\/\/cdes.org.ec\/webantigua\/wp-json\/wp\/v2\/categories?post=8500"},{"taxonomy":"post_tag","embeddable":true,"href":"https:\/\/cdes.org.ec\/webantigua\/wp-json\/wp\/v2\/tags?post=8500"}],"curies":[{"name":"wp","href":"https:\/\/api.w.org\/{rel}","templated":true}]}}