{"id":8505,"date":"2021-12-10T14:09:07","date_gmt":"2021-12-10T14:09:07","guid":{"rendered":"https:\/\/cdes.org.ec\/webantigua\/?p=8505"},"modified":"2022-02-11T14:17:33","modified_gmt":"2022-02-11T14:17:33","slug":"comunicado-por-dia-internacional-de-los-derechos-humanos-las-politicas-de-austeridad-fiscal-y-flexibilizacion-laboral-violan-los-derechos-humanos","status":"publish","type":"post","link":"https:\/\/cdes.org.ec\/webantigua\/comunicado-por-dia-internacional-de-los-derechos-humanos-las-politicas-de-austeridad-fiscal-y-flexibilizacion-laboral-violan-los-derechos-humanos\/","title":{"rendered":"COMUNICADO POR D\u00cdA INTERNACIONAL DE DDHH: LAS POL\u00cdTICAS DE AUSTERIDAD FISCAL Y FLEXIBILIZACI\u00d3N LABORAL VIOLAN LOS DERECHOS HUMANOS"},"content":{"rendered":"<p style=\"text-align: right;\"><span style=\"font-weight: 400;\">Quito, 10 de diciembre del 2021<br \/>\n<\/span><\/p>\n<p>Las decisiones de la pol\u00edtica fiscal y laboral son una funci\u00f3n del gobierno, sin embargo, estas siempre deben respetar las obligaciones de proteger y hacer efectivos los derechos humanos, incluso en momentos de crisis o recesi\u00f3n econ\u00f3mica. <strong>La obligaci\u00f3n de cumplir con los derechos humanos no es una opci\u00f3n pol\u00edtica<\/strong>. Por eso la austeridad fiscal, la flexibilizaci\u00f3n laboral, la liberalizaci\u00f3n de los flujos financieros y comerciales o cualquier otra pol\u00edtica con impacto sobre las condiciones de vida, tendr\u00edan que ser evaluadas en el marco de los instrumentos internacionales de derechos humanos incluyendo, en particular, el Pacto Internacional de Derechos Econ\u00f3micos Sociales y Culturales y el Pacto Internacional de Derechos Civiles y Pol\u00edticos.<\/p>\n<p>As\u00ed mismo, el Consejo de Derechos Humanos de Naciones Unidas, adopt\u00f3 los Principios Rectores Relativos a las Evaluaciones de los Efectos de las Reformas Econ\u00f3micas en los Derechos Humanos, que tienen como objetivo contribuir a que los estados y las instituciones financieras internacionales no puedan eludir sus obligaciones en materia de derechos humanos cuando formulan la pol\u00edtica econ\u00f3mica. Este marco de evaluaci\u00f3n implica que las<strong> instituciones financieras internacionales, como el Fondo Monetario Internacional (FMI) y el Banco Mundial, tienen la obligaci\u00f3n de garantizar que las condiciones de sus pr\u00e9stamos, el asesoramiento y las propuestas de reformas econ\u00f3micas no socaven las obligaciones del Estado prestatario en materia de derechos. humanos<\/strong>\u201d, como lo se\u00f1al\u00f3 Juan Bohoslavsky, como experto de ONU sobre deuda y derechos humanos.<a href=\"#_ftn1\" name=\"_ftnref1\"><sup>[1]<\/sup><\/a><\/p>\n<p>Las consideraciones sobre el efecto de la pol\u00edtica econ\u00f3mica en los derechos humanos, son particularmente relevantes en situaciones que implican la adopci\u00f3n de medidas de austeridad, ajuste estructural y reformas laborales ligadas a acuerdos con acreedores internacionales, <strong>como las que se lleva actualmente en Ecuador en el marco del acuerdo con el FMI<\/strong>. Para ello el Estado debe abstenerse de adoptar medidas regresivas; si estas medidas fueran inevitables, tales medidas deber\u00edan ser proporcionales y deber\u00edan mantenerse solamente por el tiempo necesario; tampoco deber\u00edan dar lugar a discriminaci\u00f3n; deben mitigar las desigualdades que pueden aumentar en tiempos de crisis y garantizar que los derechos de las personas y grupos desfavorecidos y marginados no se vean afectados de manera desproporcionada; y no deber\u00edan afectar el contenido b\u00e1sico m\u00ednimo de los derechos protegidos por el Pacto de Derechos Econ\u00f3micos Sociales y Culturales<a href=\"#_ftn2\" name=\"_ftnref2\"><sup>[2]<\/sup><\/a>.<\/p>\n<p>Lo anterior incluye la implicaci\u00f3n de que <strong>las medidas econ\u00f3micas para enfrentar la crisis no deben incrementar la desigualdad social, poniendo la carga de la crisis sobre los grupos de personas m\u00e1s vulnerables, no es correcto implementar austeridad fiscal para los pobres, mientras se mantienen privilegios del sistema tributario para los beneficiarios de para\u00edsos fiscales y de grandes exoneraciones de impuestos<\/strong>; <strong>as\u00ed como tampoco se debe implementar medidas laborales con impacto negativo desproporcionado sobre los hogares pobres, mientras se permiten retornos financieros extraordinarios de inversionistas.<\/strong><\/p>\n<p>Sin embargo, en Ecuador desde el estallido social de octubre de 2019, diversas organizaciones internacionales de derechos humanos han realizado observaciones al Estado sobre el incumplimiento de sus obligaciones en la protecci\u00f3n de derechos como resultado de la pol\u00edtica econ\u00f3mica y la desigualdad social. Algunas de las observaciones sobre <strong>la pol\u00edtica fiscal fueron realizadas durante el gobierno de Lenin Moreno, pero la continuaci\u00f3n del modelo econ\u00f3mico se ha mantenido y profundizado en el gobierno de Guillermo Lasso generando un patr\u00f3n sistem\u00e1tico de violaciones a los derechos humanos<\/strong>.<\/p>\n<p>As\u00ed, en 2019, el Comit\u00e9 de Derechos Econ\u00f3micos Sociales y Culturales de Naciones Unidas<a href=\"#_ftn3\" name=\"_ftnref3\"><sup>[3]<\/sup><\/a> concentr\u00f3 sus observaciones sobre Ecuador en las medidas de austeridad y la gesti\u00f3n de las protestas sociales de octubre y se refiri\u00f3 a las obligaciones de Ecuador, conminando al Estado a evaluar previamente los efectos sobre estos derechos de cualquier medida para responder al deterioro econ\u00f3mico, a fin de <strong>evitar que tenga impactos desproporcionados en los grupos desfavorecidos<\/strong>; a <strong>no rebajar el gasto social en las \u00e1reas de educaci\u00f3n y salud<\/strong>; a asegurar las l\u00edneas presupuestarias relacionadas con la <strong>inversi\u00f3n social<\/strong> en los grupos m\u00e1s desfavorecidos y facilitar una implementaci\u00f3n efectiva y sostenible de las pol\u00edticas p\u00fablicas. El Comit\u00e9 tambi\u00e9n record\u00f3 que las medidas regresivas solo son compatibles con el Pacto si son necesarias y proporcionadas. <a href=\"#_ftn4\" name=\"_ftnref4\"><sup>[4]<\/sup><\/a><\/p>\n<p>El Comit\u00e9 le solicit\u00f3 a Ecuador que <strong>garantice el derecho de asociaci\u00f3n y de manifestaci\u00f3n pac\u00edfica en relaci\u00f3n a pol\u00edticas relevantes para los derechos econ\u00f3micos, sociales y culturales<\/strong> y que promueva procesos de consulta sobre las medidas de austeridad especialmente con las poblaciones <strong>en situaciones de vulnerabilidad que podr\u00edan verse especialmente afectadas por los recortes<\/strong>.<\/p>\n<p>En cambio, el 29 de noviembre de 2019, la Alta Comisionada de las Naciones Unidas para los Derechos Humanos, Michelle Bachelet, hizo p\u00fablica una nota amplia sobre la violencia en octubre donde tambi\u00e9n se refiri\u00f3 a las medidas econ\u00f3micas, <strong>pidiendo que se lleven a cabo investigaciones independientes, transparentes sobre las denuncias de violaciones a los derechos humanos y abusos en Ecuador, entre las que se incluyen muertes, violaciones de las normas internacionales sobre el uso de la fuerza, y detenciones arbitrarias<\/strong>. Tambi\u00e9n expres\u00f3 que \u201cen cuanto a las causas de la crisis (de la protesta social), la Oficina de la Alta Comisionada recomienda al Gobierno que promueva una estrategia de participaci\u00f3n de todos los ecuatorianos en los asuntos p\u00fablicos y vele porque \u00e9sta sea implementada. Dicha <strong>estrategia de participaci\u00f3n deber\u00eda extenderse a las propuestas sobre medidas econ\u00f3micas y fiscales -incluidas las medidas de austeridad-<\/strong>\u00a0y especialmente en relaci\u00f3n con los grupos de poblaci\u00f3n que puedan verse m\u00e1s afectados. Tambi\u00e9n le solicit\u00f3 al Gobierno coherencia con la opini\u00f3n del Comit\u00e9 de Derechos Econ\u00f3micos, Sociales y Culturales de las Naciones Unidas.<a href=\"#_ftn5\" name=\"_ftnref5\"><sup>[5]<\/sup><\/a><\/p>\n<p>Las protestas protagonizadas por comunidades ind\u00edgenas est\u00e1n asociadas a condiciones materiales de vida discriminatorias, al respecto la Alta Comisionada dijo que \u201c<strong>la hist\u00f3rica y persistente discriminaci\u00f3n contra los pueblos ind\u00edgenas<\/strong> tambi\u00e9n deber\u00eda ser objeto de preocupaci\u00f3n y prioridad para el Gobierno. La Comisionada tambi\u00e9n inst\u00f3 a las autoridades a que \u201cse esfuercen en definir medidas eficaces que aborden este problema, y reconozcan que constituye una barrera que dificulta la <strong>eliminaci\u00f3n de las desigualdades econ\u00f3micas estructurales (\u2026)<\/strong> <strong>La desigualdad social y econ\u00f3mica sigue siendo un obst\u00e1culo estructural al desarrollo de amplios sectores de la sociedad, que durante generaciones se han sentido excluidos y que no ven perspectivas de futuro<\/strong>\u201d.<\/p>\n<p>Finalmente, el 14 de enero del 2019, la CIDH publica las observaciones del Informe sobre su Visita a Ecuador para constatar los hechos de violencia surgidos durante el paro nacional de octubre. La CIDH menciona que \u201c<strong>pudo notar que (las medidas fiscales) carecieron de un proceso previo de consulta ciudadana, transparente y participativo; as\u00ed como de una evaluaci\u00f3n de impacto en t\u00e9rminos de progresividad.<\/strong>\u201d<a href=\"#_ftn6\" name=\"_ftnref6\"><sup>[6]<\/sup><\/a> En ese sentido, la CIDH y su Relator\u00eda sobre los Derechos Econ\u00f3micos Sociales Culturales y Ambientales hicieron \u201cun llamado a Ecuador, a fin de que, <strong>en toda adopci\u00f3n de posibles medidas de austeridad, como de reformas econ\u00f3micas o fiscales que puedan afectar el acceso y disfrute a DESCA<\/strong>, asegure que la ciudadan\u00eda y en especial los grupos que se encuentran en mayor vulnerabilidad sean adecuadamente informados y consultados, formando parte de los procesos de toma de decisiones y participando de las pol\u00edticas de implementaci\u00f3n y evaluaci\u00f3n del impacto de las medidas avanzadas.\u201d<\/p>\n<p>El resultado de la visita de la CIDH fue la conclusi\u00f3n sobre la<strong> responsabilidad del Estado ecuatoriano en la violaci\u00f3n del derecho a la vida y la integridad f\u00edsica de los defensores de derechos humanos que se manifestaron en octubre de 2019, en unas protestas sociales que habr\u00edan tenido como fuente el incumplimiento de est\u00e1ndares y garant\u00edas internacionales de derechos humanos<\/strong> en la elaboraci\u00f3n de la pol\u00edtica econ\u00f3mica, implementadas en un contexto de acelerado empobrecimiento.<\/p>\n<p><strong>No obstante, la gravedad de la violaci\u00f3n de los derechos humanos en Ecuador, las pol\u00edticas de austeridad y la flexibilizaci\u00f3n laboral se profundizaron en las acciones del nuevo per\u00edodo de gobierno de Guillermo Lasso. As\u00ed mismo, existe un ambiente hostil para las expresiones de la protesta social que buscan proteger derechos econ\u00f3micos y sociales. <\/strong><\/p>\n<p>&nbsp;<\/p>\n<h2><strong><u>Acciones urgentes<\/u><\/strong><\/h2>\n<p>En tal sentido, el CDES considera que antes de adoptar <strong>medidas de austeridad, precarizaci\u00f3n laboral o desregularizaci\u00f3n financiera y comercial<\/strong>, se debe poner en pr\u00e1ctica los est\u00e1ndares internacionales de derechos humanos sobre consulta, transparencia y participaci\u00f3n social. Es necesario que los procesos de evaluaci\u00f3n cuenten con estudios de impacto sobre la progresividad de los derechos econ\u00f3micos, sociales y culturales. Adem\u00e1s, el Estado deber\u00eda seguir las directrices de Naciones Unidas establecidas en los Principios Rectores Relativos a las Evaluaciones de los Efectos de las Reformas Econ\u00f3micas en los Derechos Humanos.<\/p>\n<p>En especial, se exige que las medidas <strong>no sean discriminatorias con grupos en situaci\u00f3n de vulnerabilidad como pueblos ind\u00edgenas, afrodescendientes, montubios, mujeres, j\u00f3venes, migrantes o adultos mayores<\/strong>. Las medidas deber\u00edan garantizar proporcionalidad para reducir la desigualdad social que suele aumentar en tiempos de recesi\u00f3n econ\u00f3mica.<\/p>\n<p><strong>Buscar la mitigaci\u00f3n de la desigualdad social implica extraer los efectos desproporcionados y discriminatorios de las medidas de austeridad entre los grupos sociales, privilegiando los intereses de las personas estructuralmente menos favorecidas. Se recomienda identificar y visibilizar a las comunidades m\u00e1s negativamente afectadas con el objetivo de reequilibrar los costos del ajuste hacia los que tienen m\u00e1s responsabilidad o son m\u00e1s capaces de soportarlo<\/strong>.<\/p>\n<p>Adem\u00e1s, el Estado debe tomar acciones puntuales para mejorar el disfrute de los derechos contenidos en el Pacto de Derechos Econ\u00f3micos Sociales y Culturales, tales como:<\/p>\n<ul>\n<li><strong>Revertir las medidas de reducci\u00f3n de la institucionalidad p\u00fablica <\/strong>y contracci\u00f3n de la inversi\u00f3n p\u00fablica, en particular aquellos sectores que implican la reducci\u00f3n de trabajadores y trabajadoras vinculados a las \u00e1reas de salud, educaci\u00f3n y servicios sociales.<\/li>\n<li><strong>Tomar medidas de protecci\u00f3n laboral para reducir el desempleo e impedir el incremento del subempleo y el empleo inadecuado<\/strong>; enfoc\u00e1ndose especialmente en las personas ind\u00edgenas, afrodescendientes, montubios, las mujeres, j\u00f3venes y personas en situaci\u00f3n de movilidad humana. Deben ser derogados los art\u00edculos laborales de la Ley de Apoyo Humanitario que facilitaron la reducci\u00f3n de los salarios, los despidos intempestivos sin indemnizaci\u00f3n, la inseguridad laboral, el debilitamiento sindical y la p\u00e9rdida de otros beneficios laborales.<\/li>\n<li>Orientar la pol\u00edtica econ\u00f3mica al cumplimiento de metas para <strong>garantizar el derecho al trabajo, demostrando que el nivel de inversi\u00f3n p\u00fablica en tiempos de crisis, tiene un impacto en los niveles y calidad de empleo, en la conflictividad laboral y la libertad sindical<\/strong>.<\/li>\n<li>Adoptar, con especial empe\u00f1o, <strong>medidas urgentes para eliminar el trabajo infantil y otras formas de trabajo forzoso<\/strong>, considerando que estas condiciones extremas de explotaci\u00f3n laboral se suelen incrementar en contextos econ\u00f3micos de crecimiento de la pobreza. <strong>Es muy importante desplegar todos los esfuerzos estatales para hacer cumplir la sentencia judicial y reparar los derechos de las familias de trabajadores esclavizados por la transnacional Plantaciones Furukawa C.A. del Ecuador. <\/strong><\/li>\n<li><strong>Rechazar la utilizaci\u00f3n de las v\u00edas de contrataci\u00f3n temporales y tiempo parcial para fomentar la inserci\u00f3n de las mujeres y j\u00f3venes<\/strong> en formas laborales m\u00e1s precarias, porque esto supone una actuaci\u00f3n discriminatoria; e implementando pol\u00edticas para buscar la igualdad de g\u00e9nero en la paridad laboral y remuneraci\u00f3n.<\/li>\n<li>Asumir <strong>medidas para<\/strong><strong> reducir la pobreza y pobreza extrema<\/strong>, con medidas espec\u00edficas para mejorar especialmente la situaci\u00f3n de las poblaciones rurales, los pueblos ind\u00edgenas, afrodescendientes y montubios.<\/li>\n<li>Garantizar la <strong>justicia fiscal<\/strong> con esquemas tributarios que privilegien los impuestos directos, progresivos y <strong>luchando contra operaciones asociadas a para\u00edsos fiscales y la evasi\u00f3n tributaria<\/strong> con el objetivo de garantizar los recursos para financiar el desarrollo y el acceso a los servicios p\u00fablicos que garantizan derechos.<\/li>\n<li><strong>Garantizar la continuidad de la investigaci\u00f3n de la Comisi\u00f3n de la Verdad conformada por la Defensor\u00eda del Pueblo del Ecuador para promover verdad, justicia y reparaci\u00f3n<\/strong> a las v\u00edctimas de la violencia de octubre de 2019, que habr\u00eda sido el resultado de un conflicto que tuvo como fuente la desigualdad social estructural.<\/li>\n<\/ul>\n<p>Llamamos a considerar que aunque la aplicaci\u00f3n del Pacto de Derechos Econ\u00f3micos Sociales y Culturales no tiene sesgo por ning\u00fan orden econ\u00f3mico en tanto \u00abes neutral y sus principios no pueden describirse con precisi\u00f3n como basados exclusivamente en la necesidad o la conveniencia de un sistema socialista o capitalista, o una econom\u00eda mixta, de planificaci\u00f3n centralizada o de<em> laisser faire<\/em>, o sobre cualquier otra enfoque particular\u201d<a href=\"#_ftn7\" name=\"_ftnref7\"><sup>[7]<\/sup><\/a>; en cambio, s\u00ed <strong>implica la <u>obligaci\u00f3n de los Estados de movilizar todos los recursos disponibles<\/u> mediante la lucha contra la evasi\u00f3n y la elusi\u00f3n fiscal; asegurar un sistema tributario progresivo, incluso mediante mayor tributaci\u00f3n de las transnacionales y los m\u00e1s ricos; mejorar la eficacia de la recaudaci\u00f3n de impuestos; o movilizar reservas financieras p\u00fablicas que puedan ser priorizadas para garantizar, entre otras cosas, una financiaci\u00f3n adecuada de los servicios p\u00fablicos fundamentales<\/strong><a href=\"#_ftn8\" name=\"_ftnref8\"><sup>[8]<\/sup><\/a>.<\/p>\n<p>Finalmente, subrayamos que <strong>la CIDH le expres\u00f3 al gobierno ecuatoriano<\/strong> que \u201cest\u00e1 vedado al Estado adoptar pol\u00edticas, medidas y sancionar normas jur\u00eddicas que, sin una justificaci\u00f3n adecuada y convincente, empeoren la situaci\u00f3n de los derechos econ\u00f3micos, sociales y culturales de la poblaci\u00f3n. El Estado tiene el deber de rendir cuentas sobre c\u00f3mo se han movilizado, hasta el m\u00e1ximo, los recursos disponibles para lograr progresivamente la plena efectividad de esos derechos\u00bb.<\/p>\n<p>&nbsp;<\/p>\n<p><strong>CENTRO DE DERECHOS ECON\u00d3MICOS Y SOCIALES &#8211; CDES.<\/strong><\/p>\n<p>Referencias de documentos:<\/p>\n<table width=\"671\">\n<tbody>\n<tr>\n<td width=\"671\">\u00abA\/HRC\/40\/57. Principios rectores relativos a las evaluaciones de los efectos de las reformas econ\u00f3micas en los derechos humanos\u00bb. Accedido 9 de febrero de 2020. <a href=\"https:\/\/documents-dds-ny.un.org\/doc\/UNDOC\/GEN\/G18\/443\/55\/PDF\/G1844355.pdf?OpenElement\">https:\/\/documents-dds-ny.un.org\/doc\/UNDOC\/GEN\/G18\/443\/55\/PDF\/G1844355.pdf?OpenElement<\/a>.<\/td>\n<\/tr>\n<tr>\n<td width=\"671\">\u00abBrazil Factsheet Portuguese Final.pdf\u00bb. Accedido 6 de diciembre de 2019. <a href=\"https:\/\/www.cesr.org\/sites\/default\/files\/Brazil%20Factsheet%20Portuguese%20Final.pdf\">https:\/\/www.cesr.org\/sites\/default\/files\/Brazil%20Factsheet%20Portuguese%20Final.pdf<\/a>.<\/td>\n<\/tr>\n<tr>\n<td width=\"671\">\u00abColectivo demanda en Corte Constitucional acuerdo con FMI | Pol\u00edtica | Noticias | El Universo\u00bb. Accedido 9 de febrero de 2020. <a href=\"https:\/\/www.eluniverso.com\/noticias\/2019\/07\/04\/nota\/7409118\/colectivo-demanda-corte-constitucional-acuerdo-fmi\">https:\/\/www.eluniverso.com\/noticias\/2019\/07\/04\/nota\/7409118\/colectivo-demanda-corte-constitucional-acuerdo-fmi<\/a>.<\/td>\n<\/tr>\n<tr>\n<td width=\"671\">\u00abComit\u00e9 ONU examin\u00f3 la situaci\u00f3n de los derechos econ\u00f3micos, sociales y culturales de Argentina \u2013 ACNUDH\u00bb. Accedido 14 de diciembre de 2019. <a href=\"https:\/\/acnudh.org\/comite-onu-examino-a-situacion-de-los-derechos-economicos-sociales-y-culturales-de-argentina\/\">https:\/\/acnudh.org\/comite-onu-examino-a-situacion-de-los-derechos-economicos-sociales-y-culturales-de-argentina\/<\/a>.<\/td>\n<\/tr>\n<tr>\n<td width=\"671\">\u00abd_883_20190902121437.pdf\u00bb. Accedido 10 de febrero de 2020. <a href=\"https:\/\/www.eltelegrafo.com.ec\/images\/Fotos_ElTelegrafo\/Banners\/2019\/d_883_20190902121437.pdf\">https:\/\/www.eltelegrafo.com.ec\/images\/Fotos_ElTelegrafo\/Banners\/2019\/d_883_20190902121437.pdf<\/a>.<\/td>\n<\/tr>\n<tr>\n<td width=\"671\">\u00abDeclaraci\u00f3n del FMI sobre Ecuador\u00bb. Accedido 10 de febrero de 2020. <a href=\"https:\/\/www.imf.org\/es\/News\/Articles\/2019\/10\/02\/pr19362-ecuador-imf-statement-on-ecuador\">https:\/\/www.imf.org\/es\/News\/Articles\/2019\/10\/02\/pr19362-ecuador-imf-statement-on-ecuador<\/a>.<\/td>\n<\/tr>\n<tr>\n<td width=\"671\">\u00abDecreto 883 establece que el alza de las gasolinas extra y ecopa\u00eds y del di\u00e9sel regir\u00e1 desde el 3 de octubre del 2019 | El Comercio\u00bb. Accedido 25 de enero de 2020. <a href=\"https:\/\/www.elcomercio.com\/actualidad\/decreto-alza-gasolinas-diesel-subsidios.html\">https:\/\/www.elcomercio.com\/actualidad\/decreto-alza-gasolinas-diesel-subsidios.html<\/a>.<\/td>\n<\/tr>\n<tr>\n<td width=\"671\">\u00abDemanda-de-inconstitucionalidad-del-Acuerdo-entre-el-Gobierno-y-el-FMI.docx.pdf\u00bb. Accedido 9 de febrero de 2020. <a href=\"https:\/\/cdes.org.ec\/webantigua\/wp-content\/uploads\/2019\/08\/Demanda-de-inconstitucionalidad-del-Acuerdo-entre-el-Gobierno-y-el-FMI.docx.pdf\">https:\/\/cdes.org.ec\/webantigua\/wp-content\/uploads\/2019\/08\/Demanda-de-inconstitucionalidad-del-Acuerdo-entre-el-Gobierno-y-el-FMI.docx.pdf<\/a>.<\/td>\n<\/tr>\n<tr>\n<td width=\"671\">\u00abDemandamos el acuerdo entre el Gobierno y el FMI\u00bb. Accedido 9 de febrero de 2020. <a href=\"https:\/\/cdes.org.ec\/webantigua\/demandamos-el-acuerdo-entre-el-gobierno-y-el-fmi\/\">https:\/\/cdes.org.ec\/webantigua\/demandamos-el-acuerdo-entre-el-gobierno-y-el-fmi\/<\/a>.<\/td>\n<\/tr>\n<tr>\n<td width=\"671\">\u00abDerechos econ\u00f3micos: una aproximaci\u00f3n conceptual\u00bb, s.\u00a0f., 202.<\/td>\n<\/tr>\n<tr>\n<td width=\"671\">\u00abdirectrices-de-maastricht-sobre-violaciones-a-los-derechos-economicos-sociales-y-culturales.pdf\u00bb. Accedido 14 de diciembre de 2019. <a href=\"http:\/\/www.derechoshumanos.unlp.edu.ar\/assets\/files\/documentos\/directrices-de-maastricht-sobre-violaciones-a-los-derechos-economicos-sociales-y-culturales.pdf\">http:\/\/www.derechoshumanos.unlp.edu.ar\/assets\/files\/documentos\/directrices-de-maastricht-sobre-violaciones-a-los-derechos-economicos-sociales-y-culturales.pdf<\/a>.<\/td>\n<\/tr>\n<tr>\n<td width=\"671\">\u00abDiscursoEIDeudaSaoPaulo9Aug2018.pdf\u00bb, s.\u00a0f.<\/td>\n<\/tr>\n<tr>\n<td width=\"671\">\u00abEPU_CDESC.pdf\u00bb, s.\u00a0f.<\/td>\n<\/tr>\n<tr>\n<td width=\"671\">\u00abFACTSHEET-Espa\u00f1a(SP)-Print-Final.pdf\u00bb. Accedido 6 de diciembre de 2019. <a href=\"https:\/\/www.cesr.org\/sites\/default\/files\/FACTSHEET-Espa%C3%B1a(SP)-Print-Final.pdf\">https:\/\/www.cesr.org\/sites\/default\/files\/FACTSHEET-Espa%C3%B1a(SP)-Print-Final.pdf<\/a>.<\/td>\n<\/tr>\n<tr>\n<td width=\"671\">\u00abLa econom\u00eda ecuatoriana decreci\u00f3 -0,1% en el tercer trimestre de 2019\u00bb. Accedido 12 de enero de 2020. <a href=\"https:\/\/www.bce.fin.ec\/index.php\/boletines-de-prensa-archivo\/item\/1339-la-econom%C3%ADa-ecuatoriana-decreci%C3%B3-01-en-el-tercer-trimestre-de-2019\">https:\/\/www.bce.fin.ec\/index.php\/boletines-de-prensa-archivo\/item\/1339-la-econom%C3%ADa-ecuatoriana-decreci%C3%B3-01-en-el-tercer-trimestre-de-2019<\/a>.<\/td>\n<\/tr>\n<tr>\n<td width=\"671\">\u00abLOI-MEFP-Espa\u00f1ol.pdf\u00bb. Accedido 10 de febrero de 2020. <a href=\"https:\/\/www.finanzas.gob.ec\/wp-content\/uploads\/downloads\/2019\/03\/LOI-MEFP-Espa%C3%B1ol.pdf\">https:\/\/www.finanzas.gob.ec\/wp-content\/uploads\/downloads\/2019\/03\/LOI-MEFP-Espa%C3%B1ol.pdf<\/a>.<\/td>\n<\/tr>\n<tr>\n<td width=\"671\">\u00abOpen_Letter_IMF_21Dec2017.pdf\u00bb. Accedido 6 de febrero de 2020. <a href=\"https:\/\/www.ohchr.org\/Documents\/Issues\/Development\/IEDebt\/Open_Letter_IMF_21Dec2017.pdf\">https:\/\/www.ohchr.org\/Documents\/Issues\/Development\/IEDebt\/Open_Letter_IMF_21Dec2017.pdf<\/a>.<\/td>\n<\/tr>\n<tr>\n<td width=\"671\">\u00abReforma tributaria en Ecuador: en tiempo y forma para cumplir con el FMI\u00bb. Accedido 4 de diciembre de 2019. <a href=\"https:\/\/mundo.sputniknews.com\/radio_contante_y_sonante\/201911301089488583-reforma-tributaria-en-ecuador-en-tiempo-y-forma-para-cumplir-con-el-fmi\/\">https:\/\/mundo.sputniknews.com\/radio_contante_y_sonante\/201911301089488583-reforma-tributaria-en-ecuador-en-tiempo-y-forma-para-cumplir-con-el-fmi\/<\/a>.<\/td>\n<\/tr>\n<tr>\n<td width=\"671\">\u00abUna ley laboral m\u00e1s flexible para Ecuador se afina en el Gobierno | Pol\u00edtica | Noticias | El Universo\u00bb. Accedido 10 de febrero de 2020. <a href=\"https:\/\/www.eluniverso.com\/noticias\/2019\/03\/31\/nota\/7260212\/ley-laboral-mas-flexible-se-afina-gobierno\">https:\/\/www.eluniverso.com\/noticias\/2019\/03\/31\/nota\/7260212\/ley-laboral-mas-flexible-se-afina-gobierno<\/a>.<\/td>\n<\/tr>\n<tr>\n<td width=\"671\">Accedido 6 de diciembre de 2019. <a href=\"http:\/\/docstore.ohchr.org\/SelfServices\/FilesHandler.ashx?enc=4slQ6QSmlBEDzFEovLCuW20%2bcOfdvJEUdqkza02UbxazKNyMi%2fruleeTZAtZO5G2lYiDPlwFndzCBj%2fKdd2EaUK2XCGFmyouVStuepKYPoc6Wf2euCQ%2bR79OtcigapfA\">http:\/\/docstore.ohchr.org\/SelfServices\/FilesHandler.ashx?enc=4slQ6QSmlBEDzFEovLCuW20%2bcOfdvJEUdqkza02UbxazKNyMi%2fruleeTZAtZO5G2lYiDPlwFndzCBj%2fKdd2EaUK2XCGFmyouVStuepKYPoc6Wf2euCQ%2bR79OtcigapfA<\/a>.<\/td>\n<\/tr>\n<tr>\n<td width=\"671\">Ecuador, Metro. \u00ab42.000 funcionarios dejaron la funci\u00f3n p\u00fablica hasta mayo del 2018\u00bb. Metro Ecuador. Accedido 8 de diciembre de 2019. <a href=\"https:\/\/www.metroecuador.com.ec\/ec\/noticias\/2018\/08\/22\/42-000-funcionarios-dejaron-la-funcion-publica-hasta-mayo-del-2018.html\">https:\/\/www.metroecuador.com.ec\/ec\/noticias\/2018\/08\/22\/42-000-funcionarios-dejaron-la-funcion-publica-hasta-mayo-del-2018.html<\/a>.<\/td>\n<\/tr>\n<tr>\n<td width=\"671\">El Comercio. \u00abDefensor\u00eda del Pueblo se\u00f1ala que Asamblea debe aprobar el acuerdo con el FMI\u00bb. Accedido 14 de diciembre de 2019. <a href=\"https:\/\/www.elcomercio.com\/actualidad\/defensoria-pueblo-fmi-acuerdo-asamblea.html\">https:\/\/www.elcomercio.com\/actualidad\/defensoria-pueblo-fmi-acuerdo-asamblea.html<\/a>.<\/td>\n<\/tr>\n<tr>\n<td width=\"671\">Flores, Meza, y Jorge Humberto. \u00abLa protecci\u00f3n de los derechos econ\u00f3micos, sociales y culturales en el sistema interamericano de protecci\u00f3n a los derechos humanos\u00bb. <em>Bolet\u00edn mexicano de derecho comparado<\/em> 44, n.<sup>o<\/sup> 132 (diciembre de 2011): 1127-70.<\/td>\n<\/tr>\n<tr>\n<td width=\"671\">Instituto Centroamericano de Estudios Fiscales, ed. <em>La eficiencia de la captaci\u00f3n fiscal por la v\u00eda judicial<\/em>. Guatemala: ICEFI, 2008.<\/td>\n<\/tr>\n<tr>\n<td width=\"671\">NWWashington, CIDH \/ IACHRSede \/ Headquarters1889 F. Street, y D. C. 20006Add us to your address book. \u00abCIDH Presenta observaciones de su visita a Ecuador\u00bb. Accedido 15 de enero de 2020. <a href=\"https:\/\/mailchi.mp\/dist\/cidh-presenta-observaciones-de-su-visita-a-ecuador?e=1655fee36f\">https:\/\/mailchi.mp\/dist\/cidh-presenta-observaciones-de-su-visita-a-ecuador?e=1655fee36f<\/a>.<\/td>\n<\/tr>\n<tr>\n<td width=\"671\">OEA. \u00abOEA &#8211; Organizaci\u00f3n de los Estados Americanos: Democracia para la paz, la seguridad y el desarrollo\u00bb. Text, 1 de agosto de 2009. <a href=\"https:\/\/www.oas.org\/es\/cidh\/prensa\/comunicados\/2020\/008.asp\">https:\/\/www.oas.org\/es\/cidh\/prensa\/comunicados\/2020\/008.asp<\/a>.<\/td>\n<\/tr>\n<tr>\n<td width=\"671\">ONU Noticias. \u00abUn comit\u00e9 de expertos independientes recomienda a Ecuador reexaminar las medidas de austeridad\u00bb. Noticias ONU, 22 de octubre de 2019. <a href=\"https:\/\/news.un.org\/es\/story\/2019\/10\/1464261\">https:\/\/news.un.org\/es\/story\/2019\/10\/1464261<\/a>.<\/td>\n<\/tr>\n<tr>\n<td width=\"671\">ONU. \u00abE\/C.12\/ECU\/CO\/4. Observaciones finales sobre el cuarto informe peri\u00f3dico del Ecuador\u00bb. Accedido 6 de diciembre de 2019. <a href=\"http:\/\/docstore.ohchr.org\/SelfServices\/FilesHandler.ashx?enc=4slQ6QSmlBEDzFEovLCuW20%2bcOfdvJEUdqkza02UbxazKNyMi%2fruleeTZAtZO5G2lYiDPlwFndzCBj%2fKdd2EaUK2XCGFmyouVStuepKYPoc6Wf2euCQ%2bR79OtcigapfA\">http:\/\/docstore.ohchr.org\/SelfServices\/FilesHandler.ashx?enc=4slQ6QSmlBEDzFEovLCuW20%2bcOfdvJEUdqkza02UbxazKNyMi%2fruleeTZAtZO5G2lYiDPlwFndzCBj%2fKdd2EaUK2XCGFmyouVStuepKYPoc6Wf2euCQ%2bR79OtcigapfA<\/a>.<\/td>\n<\/tr>\n<\/tbody>\n<\/table>\n<p>&nbsp;<\/p>\n<p><a href=\"#_ftnref1\" name=\"_ftn1\"><sup>[1]<\/sup><\/a> ONU, enero del 2020.<\/p>\n<p><a href=\"#_ftnref2\" name=\"_ftn2\"><sup>[2]<\/sup><\/a> Comisi\u00f3n de Derecho Internacional, art\u00edculos sobre la responsabilidad de las organizaciones internacionales, art. 61 (A \/ 66\/10, p\u00e1rr. 87), tomado nota de la Asamblea General en la resoluci\u00f3n 66\/100.<\/p>\n<p><a href=\"#_ftnref3\" name=\"_ftn3\"><sup>[3]<\/sup><\/a> \u00d3rgano creado por el ECOSOC para monitorear el cumplimiento del Pacto Internacional de Derechos Econ\u00f3micos, Sociales y Culturales.<\/p>\n<p><a href=\"#_ftnref4\" name=\"_ftn4\"><sup>[4]<\/sup><\/a> E\/C.12\/ECU\/CO\/4, pag. 1, num. 6.<\/p>\n<p><a href=\"#_ftnref5\" name=\"_ftn5\"><sup>[5]<\/sup><\/a> ACNUDH, noviembre del 2019.<\/p>\n<p><a href=\"#_ftnref6\" name=\"_ftn6\"><sup>[6]<\/sup><\/a> CIDH, enero del 2020.<\/p>\n<p><a href=\"#_ftnref7\" name=\"_ftn7\"><sup>[7]<\/sup><\/a> CESCR, General Comment 3, para8.<\/p>\n<p><a href=\"#_ftnref8\" name=\"_ftn8\"><sup>[8]<\/sup><\/a>\u00a0 A\/HRC\/40\/57, principio 9, comentario 3-<\/p>\n","protected":false},"excerpt":{"rendered":"<p>Quito, 10 de diciembre del 2021 Las decisiones de la [&hellip;]<\/p>\n","protected":false},"author":1,"featured_media":8507,"comment_status":"open","ping_status":"open","sticky":false,"template":"","format":"standard","meta":{"_siteseo_robots_primary_cat":"","_joinchat":[],"footnotes":""},"categories":[79,9],"tags":[],"class_list":["post-8505","post","type-post","status-publish","format-standard","has-post-thumbnail","hentry","category-derechos-politicos-y-civiles","category-justiciafiscal"],"_links":{"self":[{"href":"https:\/\/cdes.org.ec\/webantigua\/wp-json\/wp\/v2\/posts\/8505","targetHints":{"allow":["GET"]}}],"collection":[{"href":"https:\/\/cdes.org.ec\/webantigua\/wp-json\/wp\/v2\/posts"}],"about":[{"href":"https:\/\/cdes.org.ec\/webantigua\/wp-json\/wp\/v2\/types\/post"}],"author":[{"embeddable":true,"href":"https:\/\/cdes.org.ec\/webantigua\/wp-json\/wp\/v2\/users\/1"}],"replies":[{"embeddable":true,"href":"https:\/\/cdes.org.ec\/webantigua\/wp-json\/wp\/v2\/comments?post=8505"}],"version-history":[{"count":11,"href":"https:\/\/cdes.org.ec\/webantigua\/wp-json\/wp\/v2\/posts\/8505\/revisions"}],"predecessor-version":[{"id":8520,"href":"https:\/\/cdes.org.ec\/webantigua\/wp-json\/wp\/v2\/posts\/8505\/revisions\/8520"}],"wp:featuredmedia":[{"embeddable":true,"href":"https:\/\/cdes.org.ec\/webantigua\/wp-json\/wp\/v2\/media\/8507"}],"wp:attachment":[{"href":"https:\/\/cdes.org.ec\/webantigua\/wp-json\/wp\/v2\/media?parent=8505"}],"wp:term":[{"taxonomy":"category","embeddable":true,"href":"https:\/\/cdes.org.ec\/webantigua\/wp-json\/wp\/v2\/categories?post=8505"},{"taxonomy":"post_tag","embeddable":true,"href":"https:\/\/cdes.org.ec\/webantigua\/wp-json\/wp\/v2\/tags?post=8505"}],"curies":[{"name":"wp","href":"https:\/\/api.w.org\/{rel}","templated":true}]}}