{"id":8522,"date":"2022-01-06T14:29:21","date_gmt":"2022-01-06T14:29:21","guid":{"rendered":"https:\/\/cdes.org.ec\/webantigua\/?p=8522"},"modified":"2022-02-11T14:16:43","modified_gmt":"2022-02-11T14:16:43","slug":"amenazas-vulneran-los-derechos-de-leonidas-iza","status":"publish","type":"post","link":"https:\/\/cdes.org.ec\/webantigua\/amenazas-vulneran-los-derechos-de-leonidas-iza\/","title":{"rendered":"COMUNICADO: AMENAZAS VULNERAN LOS DERECHOS DE LEONIDAS IZA"},"content":{"rendered":"<p>Respecto de las reiteradas declaraciones del Presidente de la Rep\u00fablica, Guillermo Lasso Mendoza, que contienen expresiones de descr\u00e9dito en contra del Presidente de la Confederaci\u00f3n de Nacionalidades Ind\u00edgenas del Ecuador (CONAIE), el Centro de Derechos Econ\u00f3micos y Sociales (CDES), como organizaci\u00f3n promotora de los derechos humanos en el pa\u00eds, insta al Estado a cumplir su obligaci\u00f3n de proteger la libertad de expresi\u00f3n, asociaci\u00f3n y reuni\u00f3n que gozan todos los ecuatorianos, contemplada en tratados interna\u00adcionales de derechos humanos y la Constituci\u00f3n de la Rep\u00fablica.<\/p>\n<p>El CDES observa que la mencionada obligaci\u00f3n de garantizar los derechos civiles de la poblaci\u00f3n, corre el riesgo de ser vulnerada cuando los funcionarios que ejercen cargos de alta relevancia en las funciones del Gobierno profieren expresiones de amenaza, hostigamiento o descr\u00e9dito en contra de los ciudada\u00adnos que ejercen la representaci\u00f3n pol\u00edtica de organizaciones sociales, pol\u00edticas, ind\u00edgenas, de derechos humanos, entre otras.<\/p>\n<p>El CDES, hace un llamado al Gobierno Nacional para que restaure los mecanis\u00admos de gesti\u00f3n democr\u00e1tica para responder a la oposici\u00f3n social y pol\u00edtica, y que asegure la participaci\u00f3n ciudadana de todos los ecuatorianos en condiciones de libertad e igualdad.<\/p>\n<p>As\u00ed mismo, hace un llamado a las instituciones nacionales de derechos humanos, en particular la Defensor\u00eda del Pueblo, para que active los procedimiento s m\u00e1s conducentes a prevenir posibles vulneraciones de los derechos de l\u00edderes y lideresas sociales, por parte de instituciones p\u00fablicas y sus funcionarios.<\/p>\n","protected":false},"excerpt":{"rendered":"<p>Respecto de las reiteradas declaraciones del Presidente de la Rep\u00fablica, [&hellip;]<\/p>\n","protected":false},"author":1,"featured_media":8523,"comment_status":"open","ping_status":"open","sticky":false,"template":"","format":"standard","meta":{"_siteseo_robots_primary_cat":"","_joinchat":[],"footnotes":""},"categories":[79,38],"tags":[],"class_list":["post-8522","post","type-post","status-publish","format-standard","has-post-thumbnail","hentry","category-derechos-politicos-y-civiles","category-pueblos-indigenas"],"_links":{"self":[{"href":"https:\/\/cdes.org.ec\/webantigua\/wp-json\/wp\/v2\/posts\/8522","targetHints":{"allow":["GET"]}}],"collection":[{"href":"https:\/\/cdes.org.ec\/webantigua\/wp-json\/wp\/v2\/posts"}],"about":[{"href":"https:\/\/cdes.org.ec\/webantigua\/wp-json\/wp\/v2\/types\/post"}],"author":[{"embeddable":true,"href":"https:\/\/cdes.org.ec\/webantigua\/wp-json\/wp\/v2\/users\/1"}],"replies":[{"embeddable":true,"href":"https:\/\/cdes.org.ec\/webantigua\/wp-json\/wp\/v2\/comments?post=8522"}],"version-history":[{"count":2,"href":"https:\/\/cdes.org.ec\/webantigua\/wp-json\/wp\/v2\/posts\/8522\/revisions"}],"predecessor-version":[{"id":8525,"href":"https:\/\/cdes.org.ec\/webantigua\/wp-json\/wp\/v2\/posts\/8522\/revisions\/8525"}],"wp:featuredmedia":[{"embeddable":true,"href":"https:\/\/cdes.org.ec\/webantigua\/wp-json\/wp\/v2\/media\/8523"}],"wp:attachment":[{"href":"https:\/\/cdes.org.ec\/webantigua\/wp-json\/wp\/v2\/media?parent=8522"}],"wp:term":[{"taxonomy":"category","embeddable":true,"href":"https:\/\/cdes.org.ec\/webantigua\/wp-json\/wp\/v2\/categories?post=8522"},{"taxonomy":"post_tag","embeddable":true,"href":"https:\/\/cdes.org.ec\/webantigua\/wp-json\/wp\/v2\/tags?post=8522"}],"curies":[{"name":"wp","href":"https:\/\/api.w.org\/{rel}","templated":true}]}}