{"id":8526,"date":"2022-01-07T16:39:27","date_gmt":"2022-01-07T16:39:27","guid":{"rendered":"https:\/\/cdes.org.ec\/webantigua\/?p=8526"},"modified":"2022-02-11T14:13:39","modified_gmt":"2022-02-11T14:13:39","slug":"los-recursos-de-las-casas-de-acogida-deben-ser-permanentes-y-oportunos","status":"publish","type":"post","link":"https:\/\/cdes.org.ec\/webantigua\/los-recursos-de-las-casas-de-acogida-deben-ser-permanentes-y-oportunos\/","title":{"rendered":"LOS RECURSOS DE LAS CASAS DE ACOGIDA DEBEN SER PERMANENTES Y OPORTUNOS"},"content":{"rendered":"<p>El Centro de Derechos Econ\u00f3micos y Sociales manifiesta su preocupaci\u00f3n por el anunci\u00f3 de cierre de varias Casas de Acogida a mujeres v\u00edctimas de violencia de G\u00e9nero en el pa\u00eds. Las cifras alarmantes de aumento de la violencia femicida que se ha reportado desde el inicio de la pandemia del Covid-19, cerrando el 2021 como el a\u00f1o m\u00e1s violento contra las mujeres. Las Casas de Acogida son espacios de rescate inmediato de muchas sobrevivientes de violencia. Estas casas est\u00e1n siendo afectadas en su capacidad de atenci\u00f3n debido a la austeridad y los recortes en el gasto p\u00fablico.<\/p>\n<p>Recordamos que en defensa del Informe Pa\u00eds ante el Comit\u00e9 de la Cedaw, la Secretar\u00eda de Derechos Humanos, representada por Bernarda Ordo\u00f1ez mencion\u00f3 que el presupuesto de inversi\u00f3n para el periodo 2019-2021 fue de 1,7 millones de d\u00f3lares, y que para el periodo 2022-2025 ser\u00eda de 24 millones, asegurando ser un incremento significativo al presupuesto para superar la violencia basada en g\u00e9nero.<\/p>\n<p>Sin embargo, en di\u00e1logo realizado por la titular de la Secretar\u00eda, en relaci\u00f3n a la situaci\u00f3n de las Casas de Acogida se estableci\u00f3 la entrega de fondos hasta marzo del 2022. En este sentido, recordamos que los fondos a las Casas de Acogida de violencia de g\u00e9nero deben ser permanentes y oportunos. Este corto periodo de estabilidad pondr\u00e1 en una situaci\u00f3n de incertidumbre a los centros que salvan vidas de miles de mujeres con sus hijos e hijas.<\/p>\n<p>Conminamos al Estado a asumir sus compromisos en la garant\u00eda de los derechos de todas las ni\u00f1as, adolescentes y mujeres otorgando los recursos pertinentes a las Casas de Acogida y ampliar sus capacidades de atenci\u00f3n y protecci\u00f3n. Adem\u00e1s hacemos un llamado p\u00fablico a la Defesonr\u00eda del Pueblo a observar el cumplimiento en la entrega de estos recursos.<\/p>\n","protected":false},"excerpt":{"rendered":"<p>El Centro de Derechos Econ\u00f3micos y Sociales manifiesta su preocupaci\u00f3n [&hellip;]<\/p>\n","protected":false},"author":1,"featured_media":8531,"comment_status":"open","ping_status":"open","sticky":false,"template":"","format":"standard","meta":{"_siteseo_robots_primary_cat":"","_joinchat":[],"footnotes":""},"categories":[16],"tags":[],"class_list":["post-8526","post","type-post","status-publish","format-standard","has-post-thumbnail","hentry","category-mujeres-indigenas"],"_links":{"self":[{"href":"https:\/\/cdes.org.ec\/webantigua\/wp-json\/wp\/v2\/posts\/8526","targetHints":{"allow":["GET"]}}],"collection":[{"href":"https:\/\/cdes.org.ec\/webantigua\/wp-json\/wp\/v2\/posts"}],"about":[{"href":"https:\/\/cdes.org.ec\/webantigua\/wp-json\/wp\/v2\/types\/post"}],"author":[{"embeddable":true,"href":"https:\/\/cdes.org.ec\/webantigua\/wp-json\/wp\/v2\/users\/1"}],"replies":[{"embeddable":true,"href":"https:\/\/cdes.org.ec\/webantigua\/wp-json\/wp\/v2\/comments?post=8526"}],"version-history":[{"count":1,"href":"https:\/\/cdes.org.ec\/webantigua\/wp-json\/wp\/v2\/posts\/8526\/revisions"}],"predecessor-version":[{"id":8528,"href":"https:\/\/cdes.org.ec\/webantigua\/wp-json\/wp\/v2\/posts\/8526\/revisions\/8528"}],"wp:featuredmedia":[{"embeddable":true,"href":"https:\/\/cdes.org.ec\/webantigua\/wp-json\/wp\/v2\/media\/8531"}],"wp:attachment":[{"href":"https:\/\/cdes.org.ec\/webantigua\/wp-json\/wp\/v2\/media?parent=8526"}],"wp:term":[{"taxonomy":"category","embeddable":true,"href":"https:\/\/cdes.org.ec\/webantigua\/wp-json\/wp\/v2\/categories?post=8526"},{"taxonomy":"post_tag","embeddable":true,"href":"https:\/\/cdes.org.ec\/webantigua\/wp-json\/wp\/v2\/tags?post=8526"}],"curies":[{"name":"wp","href":"https:\/\/api.w.org\/{rel}","templated":true}]}}