{"id":8551,"date":"2022-01-21T17:44:31","date_gmt":"2022-01-21T17:44:31","guid":{"rendered":"https:\/\/cdes.org.ec\/webantigua\/?p=8551"},"modified":"2022-01-21T19:37:11","modified_gmt":"2022-01-21T19:37:11","slug":"mujeres-y-territorio","status":"publish","type":"post","link":"https:\/\/cdes.org.ec\/webantigua\/mujeres-y-territorio\/","title":{"rendered":"MUJERES Y TERRITORIO"},"content":{"rendered":"<p><em>Compartimos la\u00a0<\/em><em>investigaci\u00f3n \u00abMujeres y Territorio\u00bb elaborada por nuestra compa\u00f1era Katy Machoa.\u00a0<\/em><\/p>\n<p>\u201cA trav\u00e9s de la presente investigaci\u00f3n se han logrado conectar dos aspectos del ser mujer de las nacionalidades. Uno de ellos, desarrollado en la primera parte de este estudio, involucra la relaci\u00f3n existente entre la mujer y el lugar de cultivo que tienen las mujeres de la nacionalidad shuar de Pastaza y las mujeres del Pueblo Kichwa del R\u00edo Anzu. El otro aspecto tiene que ver con historias de vida que se encuentran atravesadas por la violencia como expresi\u00f3n m\u00e1xima de las condiciones de desigualdad e inequidad de g\u00e9nero existentes en sus territorios.\u201d<\/p>\n<p>Descargue el documento :\u00a0<a href=\"https:\/\/cdes.org.ec\/webantigua\/wp-content\/uploads\/2022\/01\/InformeEcuador-MujeresYTerritorio_2021-IMP-sin-guias-1.pdf\">InformeEcuador-MujeresYTerritorio_2021-IMP sin guias (1)<\/a><\/p>\n<p><a href=\"https:\/\/cdes.org.ec\/webantigua\/wp-content\/uploads\/2022\/01\/Captura3.png\"><img decoding=\"async\" class=\"alignnone  wp-image-8568\" src=\"https:\/\/cdes.org.ec\/webantigua\/wp-content\/uploads\/2022\/01\/Captura3-300x149.png\" alt=\"\" width=\"552\" height=\"274\" srcset=\"https:\/\/cdes.org.ec\/webantigua\/wp-content\/uploads\/2022\/01\/Captura3-200x99.png 200w, https:\/\/cdes.org.ec\/webantigua\/wp-content\/uploads\/2022\/01\/Captura3-300x149.png 300w, https:\/\/cdes.org.ec\/webantigua\/wp-content\/uploads\/2022\/01\/Captura3.png 382w\" sizes=\"(max-width: 552px) 100vw, 552px\" \/><\/a><\/p>\n","protected":false},"excerpt":{"rendered":"<p>Compartimos la\u00a0investigaci\u00f3n \u00abMujeres y Territorio\u00bb elaborada por nuestra compa\u00f1era Katy [&hellip;]<\/p>\n","protected":false},"author":1,"featured_media":8559,"comment_status":"open","ping_status":"open","sticky":false,"template":"","format":"standard","meta":{"_siteseo_robots_primary_cat":"","_joinchat":[],"footnotes":""},"categories":[16,38],"tags":[],"class_list":["post-8551","post","type-post","status-publish","format-standard","has-post-thumbnail","hentry","category-mujeres-indigenas","category-pueblos-indigenas"],"_links":{"self":[{"href":"https:\/\/cdes.org.ec\/webantigua\/wp-json\/wp\/v2\/posts\/8551","targetHints":{"allow":["GET"]}}],"collection":[{"href":"https:\/\/cdes.org.ec\/webantigua\/wp-json\/wp\/v2\/posts"}],"about":[{"href":"https:\/\/cdes.org.ec\/webantigua\/wp-json\/wp\/v2\/types\/post"}],"author":[{"embeddable":true,"href":"https:\/\/cdes.org.ec\/webantigua\/wp-json\/wp\/v2\/users\/1"}],"replies":[{"embeddable":true,"href":"https:\/\/cdes.org.ec\/webantigua\/wp-json\/wp\/v2\/comments?post=8551"}],"version-history":[{"count":10,"href":"https:\/\/cdes.org.ec\/webantigua\/wp-json\/wp\/v2\/posts\/8551\/revisions"}],"predecessor-version":[{"id":8569,"href":"https:\/\/cdes.org.ec\/webantigua\/wp-json\/wp\/v2\/posts\/8551\/revisions\/8569"}],"wp:featuredmedia":[{"embeddable":true,"href":"https:\/\/cdes.org.ec\/webantigua\/wp-json\/wp\/v2\/media\/8559"}],"wp:attachment":[{"href":"https:\/\/cdes.org.ec\/webantigua\/wp-json\/wp\/v2\/media?parent=8551"}],"wp:term":[{"taxonomy":"category","embeddable":true,"href":"https:\/\/cdes.org.ec\/webantigua\/wp-json\/wp\/v2\/categories?post=8551"},{"taxonomy":"post_tag","embeddable":true,"href":"https:\/\/cdes.org.ec\/webantigua\/wp-json\/wp\/v2\/tags?post=8551"}],"curies":[{"name":"wp","href":"https:\/\/api.w.org\/{rel}","templated":true}]}}