{"id":8596,"date":"2022-02-04T20:26:57","date_gmt":"2022-02-04T20:26:57","guid":{"rendered":"https:\/\/cdes.org.ec\/webantigua\/?p=8596"},"modified":"2022-02-20T18:05:29","modified_gmt":"2022-02-20T18:05:29","slug":"mujeres-de-pichincha-fortalecen-su-autonomia-economica-y-fisica","status":"publish","type":"post","link":"https:\/\/cdes.org.ec\/webantigua\/mujeres-de-pichincha-fortalecen-su-autonomia-economica-y-fisica\/","title":{"rendered":"MUJERES DE PICHINCHA FORTALECEN SU AUTONOM\u00cdA ECON\u00d3MICA Y F\u00cdSICA"},"content":{"rendered":"<p>La Direcci\u00f3n de Igualdad de G\u00e9nero del Gobierno Aut\u00f3nomo Descentralizado de la Provincia de Pichincha junto al Centro de Derechos Econ\u00f3micos y Sociales \u2013CDES-, en el marco de la implementaci\u00f3n de la Agenda Provincial para la Igualdad de G\u00e9nero, est\u00e1n trabajando en una escuela de capacitaci\u00f3n en empoderamiento econ\u00f3mico\u00a0 de mujeres de la econom\u00eda popular y solidaria. Especialmente con las mujeres de cajas de ahorro, fortaleciendo este espacio como una propuesta alternativa de desarrollo econ\u00f3mico y financiero justo, \u00e9tico y solidario.<\/p>\n<p>La semana del lunes 24 al viernes 28 de enero, iniciaron las capacitaciones con 60 mujeres lideresas de las Cajas de Ahorro de las parroquias rurales y urbanas de Quito; indicar (nombrarlas) de qu\u00e9 parroquias y sectores, \u00a0comenzaron un proceso de formaci\u00f3n que durar\u00e1 tres semanas y abordar\u00e1 temas como: autoconocimiento y autocuidado, el trabajo no remunerado del hogar, emprendimientos sostenibles, finanzas \u00e9ticas, y empoderamiento para la toma de decisiones.<\/p>\n<p>La econom\u00eda popular y solidaria tiene rostro de mujer: del total de las organizaciones y unidades que conforman la Econom\u00eda Popular y Solidaria el 53,55% est\u00e1 compuesto por mujeres, respecto al 40,24% de hombres. Las cajas de ahorro son organizaciones que pertenecen al sector de la Econom\u00eda Popular y Solidaria. Del total de cajas de ahorro que existen el provincia, el 60% est\u00e1n conformadas por mujeres. Esto les otorga a las mujeres un peso relevante sobre el impulso de la econom\u00eda local.<\/p>\n<div style=\"width: 1300px;\" class=\"wp-video\"><video class=\"wp-video-shortcode\" id=\"video-8596-1\" width=\"1300\" height=\"697\" preload=\"metadata\" controls=\"controls\"><source type=\"video\/mp4\" src=\"https:\/\/cdes.org.ec\/webantigua\/wp-content\/uploads\/2022\/02\/Video1-AhorradorasTestimonios-59S.mp4?_=1\" \/><a href=\"https:\/\/cdes.org.ec\/webantigua\/wp-content\/uploads\/2022\/02\/Video1-AhorradorasTestimonios-59S.mp4\">https:\/\/cdes.org.ec\/webantigua\/wp-content\/uploads\/2022\/02\/Video1-AhorradorasTestimonios-59S.mp4<\/a><\/video><\/div>\n<p>&nbsp;<\/p>\n<p>Este proyecto busca contribuir al empoderamiento econ\u00f3mico y pol\u00edtico de las mujeres, a trav\u00e9s del conocimiento las brechas de g\u00e9nero persistentes en el acceso a los derechos humanos, y el fortalecimiento de las capacidades de exigibilidad de los mismos. Adem\u00e1s de brindar conocimientos t\u00e9cnicos sobre la sostenibilidad de sus cajas de ahorro, y el despliegue de redes de solidaridad entre las mujeres participantes.<\/p>\n<p>El empoderamiento econ\u00f3mico y pol\u00edtico de las mujeres promueve su libertad y autonom\u00eda en acceder, decidir y utilizar todos los recursos disponibles, incluyendo su tiempo para su desarrollo personal y el de sus comunidades. Por su parte, el empoderamiento pol\u00edtico busca mejorar la participaci\u00f3n de las mujeres en espacios de representaci\u00f3n e incidencia pol\u00edtica que permita cambiar estas desigualdades a trav\u00e9s de pr\u00e1cticas democr\u00e1ticas. El resultado de estas capacitaciones ser\u00e1n mujeres que reconocen su valor en la econom\u00eda y est\u00e1n comprometidas con el cambio y la transformaci\u00f3n\u00a0 necesarias para lograr la igualdad de todas y todos.<\/p>\n<p>\u00a1Seguimos trabajando por la autonom\u00eda econ\u00f3mica de las mujeres de Pichincha!<\/p>\n","protected":false},"excerpt":{"rendered":"<p>La Direcci\u00f3n de Igualdad de G\u00e9nero del Gobierno Aut\u00f3nomo Descentralizado [&hellip;]<\/p>\n","protected":false},"author":1,"featured_media":8599,"comment_status":"open","ping_status":"open","sticky":false,"template":"","format":"standard","meta":{"_siteseo_robots_primary_cat":"","_joinchat":[],"footnotes":""},"categories":[16],"tags":[],"class_list":["post-8596","post","type-post","status-publish","format-standard","has-post-thumbnail","hentry","category-mujeres-indigenas"],"_links":{"self":[{"href":"https:\/\/cdes.org.ec\/webantigua\/wp-json\/wp\/v2\/posts\/8596","targetHints":{"allow":["GET"]}}],"collection":[{"href":"https:\/\/cdes.org.ec\/webantigua\/wp-json\/wp\/v2\/posts"}],"about":[{"href":"https:\/\/cdes.org.ec\/webantigua\/wp-json\/wp\/v2\/types\/post"}],"author":[{"embeddable":true,"href":"https:\/\/cdes.org.ec\/webantigua\/wp-json\/wp\/v2\/users\/1"}],"replies":[{"embeddable":true,"href":"https:\/\/cdes.org.ec\/webantigua\/wp-json\/wp\/v2\/comments?post=8596"}],"version-history":[{"count":4,"href":"https:\/\/cdes.org.ec\/webantigua\/wp-json\/wp\/v2\/posts\/8596\/revisions"}],"predecessor-version":[{"id":8602,"href":"https:\/\/cdes.org.ec\/webantigua\/wp-json\/wp\/v2\/posts\/8596\/revisions\/8602"}],"wp:featuredmedia":[{"embeddable":true,"href":"https:\/\/cdes.org.ec\/webantigua\/wp-json\/wp\/v2\/media\/8599"}],"wp:attachment":[{"href":"https:\/\/cdes.org.ec\/webantigua\/wp-json\/wp\/v2\/media?parent=8596"}],"wp:term":[{"taxonomy":"category","embeddable":true,"href":"https:\/\/cdes.org.ec\/webantigua\/wp-json\/wp\/v2\/categories?post=8596"},{"taxonomy":"post_tag","embeddable":true,"href":"https:\/\/cdes.org.ec\/webantigua\/wp-json\/wp\/v2\/tags?post=8596"}],"curies":[{"name":"wp","href":"https:\/\/api.w.org\/{rel}","templated":true}]}}