{"id":8615,"date":"2022-02-20T17:10:20","date_gmt":"2022-02-20T17:10:20","guid":{"rendered":"https:\/\/cdes.org.ec\/webantigua\/?p=8615"},"modified":"2022-12-09T20:09:12","modified_gmt":"2022-12-09T20:09:12","slug":"mujeres-ahorradoras-de-cayambe-y-pedro-moncayo-se-capacitan-en-empoderamiento-economico-y-empoderamiento-en-la-toma-de-decisiones","status":"publish","type":"post","link":"https:\/\/cdes.org.ec\/webantigua\/mujeres-ahorradoras-de-cayambe-y-pedro-moncayo-se-capacitan-en-empoderamiento-economico-y-empoderamiento-en-la-toma-de-decisiones\/","title":{"rendered":"AHORRADORAS DE CAYAMBE Y PEDRO MONCAYO SE CAPACITAN EN EMPODERAMIENTO ECON\u00d3MICO Y EMPODERAMIENTO EN LA TOMA DE DECISIONES"},"content":{"rendered":"<h2><strong><span style=\"vertical-align: inherit;\"><span style=\"vertical-align: inherit;\">NOTA DE PRENSA<\/span><\/span><\/strong><\/h2>\n<p><span style=\"vertical-align: inherit;\"><span style=\"vertical-align: inherit;\">Como resultado de la alianza estrat\u00e9gica entre la Prefectura de Pichincha y el Centro de Derechos Econ\u00f3micos y Sociales CDES, mujeres vinculadas a cajas de ahorro en los cantones de Cayambe y Pedro Moncayo recibieron una jornada intensa de capacitaci\u00f3n en g\u00e9nero, empoderamiento econ\u00f3mico y empoderamiento en la toma de decisiones.<\/span><\/span><\/p>\n<p><span style=\"vertical-align: inherit;\"><span style=\"vertical-align: inherit;\">Con esta capacitaci\u00f3n, son 155 mujeres graduadas que cuentan con herramientas t\u00e9cnicas para el sostenimiento de sus cajas de ahorro; <\/span><span style=\"vertical-align: inherit;\">este s\u00e1bado 19 de febrero, 15 mujeres asistieron de forma presencial al sal\u00f3n comunal del GAD Parroquial de Ayora y recibieron una jornada de 6 horas de capacitaci\u00f3n con din\u00e1micas participativas y l\u00fadicas que mejoraron su confianza y autoestima.<\/span><\/span><\/p>\n<p><span style=\"vertical-align: inherit;\"><span style=\"vertical-align: inherit;\">En esta jornada las mujeres ahorradoras tambi\u00e9n pudieron compartir sus experiencias de crecimiento con sus emprendimientos y c\u00f3mo han evolucionado sus cajas de ahorro gracias al compromiso y dedicaci\u00f3n de todas sus integrantes.<\/span><\/span><\/p>\n<p><span style=\"vertical-align: inherit;\"><span style=\"vertical-align: inherit;\">Para la capacitaci\u00f3n recibieron material did\u00e1ctico con la intenci\u00f3n de replicar sus nuevo conocimientos sobre econom\u00eda popular y solidaria. <\/span><span style=\"vertical-align: inherit;\">Cumplimos con el objetivo de fortalecer sus capacidades de liderazgo comunitario, reconociendo su aporte dentro de la econom\u00eda local y mejorando la exigibilidad de sus derechos. <\/span><span style=\"vertical-align: inherit;\">La jornada termin\u00f3 con las participantes asumiendo compromisos para mejorar sus cajas de ahorro, sus emprendimientos y su vida personal.<\/span><\/span><\/p>\n<h2>\u00a1Seguimos trabajando por la autonom\u00eda econ\u00f3mica de las mujeres de Pichincha!<\/h2>\n<div class=\"mceTemp\"><\/div>\n<div id=\"attachment_8617\" style=\"width: 310px\" class=\"wp-caption alignleft\"><a href=\"https:\/\/cdes.org.ec\/webantigua\/wp-content\/uploads\/2022\/02\/5.jpg\"><img decoding=\"async\" aria-describedby=\"caption-attachment-8617\" class=\"wp-image-8617 size-medium\" src=\"https:\/\/cdes.org.ec\/webantigua\/wp-content\/uploads\/2022\/02\/5-300x225.jpg\" alt=\"\" width=\"300\" height=\"225\" srcset=\"https:\/\/cdes.org.ec\/webantigua\/wp-content\/uploads\/2022\/02\/5-200x150.jpg 200w, https:\/\/cdes.org.ec\/webantigua\/wp-content\/uploads\/2022\/02\/5-300x225.jpg 300w, https:\/\/cdes.org.ec\/webantigua\/wp-content\/uploads\/2022\/02\/5-400x300.jpg 400w, https:\/\/cdes.org.ec\/webantigua\/wp-content\/uploads\/2022\/02\/5-600x450.jpg 600w, https:\/\/cdes.org.ec\/webantigua\/wp-content\/uploads\/2022\/02\/5-768x576.jpg 768w, https:\/\/cdes.org.ec\/webantigua\/wp-content\/uploads\/2022\/02\/5-800x600.jpg 800w, https:\/\/cdes.org.ec\/webantigua\/wp-content\/uploads\/2022\/02\/5-1024x768.jpg 1024w, https:\/\/cdes.org.ec\/webantigua\/wp-content\/uploads\/2022\/02\/5-1200x900.jpg 1200w, https:\/\/cdes.org.ec\/webantigua\/wp-content\/uploads\/2022\/02\/5.jpg 1299w\" sizes=\"(max-width: 300px) 100vw, 300px\" \/><\/a><p id=\"caption-attachment-8617\" class=\"wp-caption-text\"><span style=\"vertical-align: inherit;\">Lideresa comparte testimonio en taller de empoderamiento de mujeres. Foto: CDES.<\/span><\/p><\/div>\n<div id=\"attachment_8616\" style=\"width: 310px\" class=\"wp-caption alignleft\"><a href=\"https:\/\/cdes.org.ec\/webantigua\/wp-content\/uploads\/2022\/02\/3.jpg\"><img decoding=\"async\" aria-describedby=\"caption-attachment-8616\" class=\"wp-image-8616 size-medium\" src=\"https:\/\/cdes.org.ec\/webantigua\/wp-content\/uploads\/2022\/02\/3-300x225.jpg\" alt=\"Mujeres\" width=\"300\" height=\"225\" srcset=\"https:\/\/cdes.org.ec\/webantigua\/wp-content\/uploads\/2022\/02\/3-200x150.jpg 200w, https:\/\/cdes.org.ec\/webantigua\/wp-content\/uploads\/2022\/02\/3-300x225.jpg 300w, https:\/\/cdes.org.ec\/webantigua\/wp-content\/uploads\/2022\/02\/3-400x300.jpg 400w, https:\/\/cdes.org.ec\/webantigua\/wp-content\/uploads\/2022\/02\/3-600x450.jpg 600w, https:\/\/cdes.org.ec\/webantigua\/wp-content\/uploads\/2022\/02\/3-768x576.jpg 768w, https:\/\/cdes.org.ec\/webantigua\/wp-content\/uploads\/2022\/02\/3-800x600.jpg 800w, https:\/\/cdes.org.ec\/webantigua\/wp-content\/uploads\/2022\/02\/3-1024x768.jpg 1024w, https:\/\/cdes.org.ec\/webantigua\/wp-content\/uploads\/2022\/02\/3-1200x900.jpg 1200w, https:\/\/cdes.org.ec\/webantigua\/wp-content\/uploads\/2022\/02\/3.jpg 1299w\" sizes=\"(max-width: 300px) 100vw, 300px\" \/><\/a><p id=\"caption-attachment-8616\" class=\"wp-caption-text\"><span style=\"vertical-align: inherit;\">Mujeres realizan din\u00e1mica de grupos para identificar aprendizajes sobre cajas de ahorros. Foto: CDES.<\/span><\/p><\/div>\n<div id=\"attachment_8618\" style=\"width: 310px\" class=\"wp-caption alignleft\"><a href=\"https:\/\/cdes.org.ec\/webantigua\/wp-content\/uploads\/2022\/02\/1.jpg\"><img decoding=\"async\" aria-describedby=\"caption-attachment-8618\" class=\"wp-image-8618 size-medium aligncenter\" src=\"https:\/\/cdes.org.ec\/webantigua\/wp-content\/uploads\/2022\/02\/1-300x169.jpg\" alt=\"\" width=\"300\" height=\"169\" srcset=\"https:\/\/cdes.org.ec\/webantigua\/wp-content\/uploads\/2022\/02\/1-200x113.jpg 200w, https:\/\/cdes.org.ec\/webantigua\/wp-content\/uploads\/2022\/02\/1-300x169.jpg 300w, https:\/\/cdes.org.ec\/webantigua\/wp-content\/uploads\/2022\/02\/1-400x225.jpg 400w, https:\/\/cdes.org.ec\/webantigua\/wp-content\/uploads\/2022\/02\/1-600x338.jpg 600w, https:\/\/cdes.org.ec\/webantigua\/wp-content\/uploads\/2022\/02\/1-768x432.jpg 768w, https:\/\/cdes.org.ec\/webantigua\/wp-content\/uploads\/2022\/02\/1-800x450.jpg 800w, https:\/\/cdes.org.ec\/webantigua\/wp-content\/uploads\/2022\/02\/1-1024x576.jpg 1024w, https:\/\/cdes.org.ec\/webantigua\/wp-content\/uploads\/2022\/02\/1-1200x675.jpg 1200w, https:\/\/cdes.org.ec\/webantigua\/wp-content\/uploads\/2022\/02\/1-1536x864.jpg 1536w, https:\/\/cdes.org.ec\/webantigua\/wp-content\/uploads\/2022\/02\/1.jpg 1600w\" sizes=\"(max-width: 300px) 100vw, 300px\" \/><\/a><p id=\"caption-attachment-8618\" class=\"wp-caption-text\"><span style=\"vertical-align: inherit;\"><span style=\"vertical-align: inherit;\">Din\u00e1mica de grupos para compartir experiencias en taller de empoderamiento. <\/span><span style=\"vertical-align: inherit;\">Foto: CDES.<\/span><\/span><\/p><\/div>\n<div id=\"attachment_8619\" style=\"width: 310px\" class=\"wp-caption alignleft\"><a href=\"https:\/\/cdes.org.ec\/webantigua\/wp-content\/uploads\/2022\/02\/2.jpg\"><img decoding=\"async\" aria-describedby=\"caption-attachment-8619\" class=\"wp-image-8619 size-medium\" src=\"https:\/\/cdes.org.ec\/webantigua\/wp-content\/uploads\/2022\/02\/2-300x225.jpg\" alt=\"\" width=\"300\" height=\"225\" srcset=\"https:\/\/cdes.org.ec\/webantigua\/wp-content\/uploads\/2022\/02\/2-200x150.jpg 200w, https:\/\/cdes.org.ec\/webantigua\/wp-content\/uploads\/2022\/02\/2-300x225.jpg 300w, https:\/\/cdes.org.ec\/webantigua\/wp-content\/uploads\/2022\/02\/2-400x299.jpg 400w, https:\/\/cdes.org.ec\/webantigua\/wp-content\/uploads\/2022\/02\/2-600x449.jpg 600w, https:\/\/cdes.org.ec\/webantigua\/wp-content\/uploads\/2022\/02\/2-768x575.jpg 768w, https:\/\/cdes.org.ec\/webantigua\/wp-content\/uploads\/2022\/02\/2-800x599.jpg 800w, https:\/\/cdes.org.ec\/webantigua\/wp-content\/uploads\/2022\/02\/2-1024x766.jpg 1024w, https:\/\/cdes.org.ec\/webantigua\/wp-content\/uploads\/2022\/02\/2-1200x898.jpg 1200w, https:\/\/cdes.org.ec\/webantigua\/wp-content\/uploads\/2022\/02\/2.jpg 1280w\" sizes=\"(max-width: 300px) 100vw, 300px\" \/><\/a><p id=\"caption-attachment-8619\" class=\"wp-caption-text\"><span style=\"vertical-align: inherit;\"><span style=\"vertical-align: inherit;\">Andrea Guillem coordina una mesa de trabajo en el taller de empoderamiento. <\/span><span style=\"vertical-align: inherit;\">Foto: CDES.<\/span><\/span><\/p><\/div>\n","protected":false},"excerpt":{"rendered":"<p>NOTA DE PRENSA Como resultado de la alianza estrat\u00e9gica entre [&hellip;]<\/p>\n","protected":false},"author":1,"featured_media":8620,"comment_status":"open","ping_status":"open","sticky":false,"template":"","format":"standard","meta":{"_siteseo_robots_primary_cat":"","_joinchat":[],"footnotes":""},"categories":[16],"tags":[],"class_list":["post-8615","post","type-post","status-publish","format-standard","has-post-thumbnail","hentry","category-mujeres-indigenas"],"_links":{"self":[{"href":"https:\/\/cdes.org.ec\/webantigua\/wp-json\/wp\/v2\/posts\/8615","targetHints":{"allow":["GET"]}}],"collection":[{"href":"https:\/\/cdes.org.ec\/webantigua\/wp-json\/wp\/v2\/posts"}],"about":[{"href":"https:\/\/cdes.org.ec\/webantigua\/wp-json\/wp\/v2\/types\/post"}],"author":[{"embeddable":true,"href":"https:\/\/cdes.org.ec\/webantigua\/wp-json\/wp\/v2\/users\/1"}],"replies":[{"embeddable":true,"href":"https:\/\/cdes.org.ec\/webantigua\/wp-json\/wp\/v2\/comments?post=8615"}],"version-history":[{"count":11,"href":"https:\/\/cdes.org.ec\/webantigua\/wp-json\/wp\/v2\/posts\/8615\/revisions"}],"predecessor-version":[{"id":8631,"href":"https:\/\/cdes.org.ec\/webantigua\/wp-json\/wp\/v2\/posts\/8615\/revisions\/8631"}],"wp:featuredmedia":[{"embeddable":true,"href":"https:\/\/cdes.org.ec\/webantigua\/wp-json\/wp\/v2\/media\/8620"}],"wp:attachment":[{"href":"https:\/\/cdes.org.ec\/webantigua\/wp-json\/wp\/v2\/media?parent=8615"}],"wp:term":[{"taxonomy":"category","embeddable":true,"href":"https:\/\/cdes.org.ec\/webantigua\/wp-json\/wp\/v2\/categories?post=8615"},{"taxonomy":"post_tag","embeddable":true,"href":"https:\/\/cdes.org.ec\/webantigua\/wp-json\/wp\/v2\/tags?post=8615"}],"curies":[{"name":"wp","href":"https:\/\/api.w.org\/{rel}","templated":true}]}}