{"id":8697,"date":"2022-03-15T01:14:07","date_gmt":"2022-03-15T01:14:07","guid":{"rendered":"https:\/\/cdes.org.ec\/webantigua\/?p=8697"},"modified":"2022-03-15T15:42:32","modified_gmt":"2022-03-15T15:42:32","slug":"promotoras-de-derechos-de-genero-culminan-su-proceso-de-formacion-su-labor-en-la-provicincia-de-pichincha-continua-y-crece","status":"publish","type":"post","link":"https:\/\/cdes.org.ec\/webantigua\/promotoras-de-derechos-de-genero-culminan-su-proceso-de-formacion-su-labor-en-la-provicincia-de-pichincha-continua-y-crece\/","title":{"rendered":"PROMOTORAS DE DERECHOS DE G\u00c9NERO CULMINAN SU PROCESO DE FORMACI\u00d3N, SU LABOR EN LA PROVICINCIA DE PICHINCHA CONTIN\u00daA Y CRECE"},"content":{"rendered":"<p>La sala Demetrio Aguilera pintada de morado, as\u00ed se vio la graduaci\u00f3n de 125 Promotoras por el Derecho a una Vida Libre de Violencia, la ceremonia cont\u00f3 con la presencia de la Prefecta de Pichincha, representantes de la sociedad civil y otras autoridades locales.<\/p>\n<div id=\"attachment_8698\" style=\"width: 460px\" class=\"wp-caption alignnone\"><a href=\"https:\/\/cdes.org.ec\/webantigua\/wp-content\/uploads\/2022\/03\/IMG_0595-scaled.jpg\"><img decoding=\"async\" aria-describedby=\"caption-attachment-8698\" class=\"wp-image-8698 \" src=\"https:\/\/cdes.org.ec\/webantigua\/wp-content\/uploads\/2022\/03\/IMG_0595-300x200.jpg\" alt=\"Foto CDES: Las Promotoras por el derecho a una Vida libre de Violencia en la ceremonia de su graduaci\u00f3n.\" width=\"450\" height=\"300\" srcset=\"https:\/\/cdes.org.ec\/webantigua\/wp-content\/uploads\/2022\/03\/IMG_0595-200x133.jpg 200w, https:\/\/cdes.org.ec\/webantigua\/wp-content\/uploads\/2022\/03\/IMG_0595-300x200.jpg 300w, https:\/\/cdes.org.ec\/webantigua\/wp-content\/uploads\/2022\/03\/IMG_0595-400x267.jpg 400w, https:\/\/cdes.org.ec\/webantigua\/wp-content\/uploads\/2022\/03\/IMG_0595-600x400.jpg 600w, https:\/\/cdes.org.ec\/webantigua\/wp-content\/uploads\/2022\/03\/IMG_0595-768x512.jpg 768w, https:\/\/cdes.org.ec\/webantigua\/wp-content\/uploads\/2022\/03\/IMG_0595-800x533.jpg 800w, https:\/\/cdes.org.ec\/webantigua\/wp-content\/uploads\/2022\/03\/IMG_0595-1024x683.jpg 1024w, https:\/\/cdes.org.ec\/webantigua\/wp-content\/uploads\/2022\/03\/IMG_0595-1200x800.jpg 1200w, https:\/\/cdes.org.ec\/webantigua\/wp-content\/uploads\/2022\/03\/IMG_0595-1536x1024.jpg 1536w\" sizes=\"(max-width: 450px) 100vw, 450px\" \/><\/a><p id=\"caption-attachment-8698\" class=\"wp-caption-text\">Foto CDES: Las Promotoras por el derecho a una Vida libre de Violencia en la ceremonia de su graduaci\u00f3n.<\/p><\/div>\n<p>Las lideresas que participan de este proyecto cumplieron con 40 horas de formaci\u00f3n para obtener la primera acreditaci\u00f3n como Promotoras por el Derecho a una Vida Libre de Violencia, en el acto que se realiz\u00f3 el viernes 11 de marzo del 2022.<\/p>\n<p>La Promotora, Estefan\u00eda Logacho, reconoci\u00f3 la importancia de estos proceso y espacios para la lucha contra la violencia: \u201cme encuentro muy feliz por conocer a grandes mujeres y estar rodeada de mujeres diversas y sobre todo porque son mujeres que han decidido formarse y deconstruir saberes que desde guaguas nos han ense\u00f1ado (\u2026) muchas de nosotras hemos sido v\u00edctimas violencia machista, hemos sufrido abuso de familiares, de nuestras parejas, de jefes\u201d.<\/p>\n<div id=\"attachment_8704\" style=\"width: 442px\" class=\"wp-caption alignnone\"><a href=\"https:\/\/cdes.org.ec\/webantigua\/wp-content\/uploads\/2022\/03\/IMG_0707-scaled.jpg\"><img decoding=\"async\" aria-describedby=\"caption-attachment-8704\" class=\"wp-image-8704\" src=\"https:\/\/cdes.org.ec\/webantigua\/wp-content\/uploads\/2022\/03\/IMG_0707-300x169.jpg\" alt=\"Foto CDES: La Promotora Estefan\u00eda Logacho dando su discurso de graduaci\u00f3n.\" width=\"432\" height=\"243\" srcset=\"https:\/\/cdes.org.ec\/webantigua\/wp-content\/uploads\/2022\/03\/IMG_0707-200x112.jpg 200w, https:\/\/cdes.org.ec\/webantigua\/wp-content\/uploads\/2022\/03\/IMG_0707-300x169.jpg 300w, https:\/\/cdes.org.ec\/webantigua\/wp-content\/uploads\/2022\/03\/IMG_0707-400x225.jpg 400w, https:\/\/cdes.org.ec\/webantigua\/wp-content\/uploads\/2022\/03\/IMG_0707-600x337.jpg 600w, https:\/\/cdes.org.ec\/webantigua\/wp-content\/uploads\/2022\/03\/IMG_0707-768x431.jpg 768w, https:\/\/cdes.org.ec\/webantigua\/wp-content\/uploads\/2022\/03\/IMG_0707-800x449.jpg 800w, https:\/\/cdes.org.ec\/webantigua\/wp-content\/uploads\/2022\/03\/IMG_0707-1024x575.jpg 1024w, https:\/\/cdes.org.ec\/webantigua\/wp-content\/uploads\/2022\/03\/IMG_0707-1200x674.jpg 1200w, https:\/\/cdes.org.ec\/webantigua\/wp-content\/uploads\/2022\/03\/IMG_0707-1536x863.jpg 1536w\" sizes=\"(max-width: 432px) 100vw, 432px\" \/><\/a><p id=\"caption-attachment-8704\" class=\"wp-caption-text\">Foto CDES: La Promotora Estefan\u00eda Logacho dando su discurso de graduaci\u00f3n.<\/p><\/div>\n<p>La Prefecta Paola Pab\u00f3n expres\u00f3 la importancia de estos procesos para el logro de cambios estructurales: \u201cuno de los orgullos m\u00e1s importantes para nosotros es que, desde esta Prefectura, en el mes de noviembre y marzo, donde las mujeres nos ponemos en combate, hemos cosechando logros de una pol\u00edtica p\u00fablica sostenida.\u201d Tambi\u00e9n invito a que se unan los hombres a una siguiente generaci\u00f3n de Promotoras, e inform\u00f3 sobre seis nuevos centros Warmis inaugurados en la Provincia de Pichincha.<\/p>\n<p><a href=\"https:\/\/cdes.org.ec\/webantigua\/wp-content\/uploads\/2022\/03\/WhatsApp-Image-2022-03-12-at-2.30.27-PM.jpeg\"><img decoding=\"async\" class=\"alignnone wp-image-8711 size-medium\" src=\"https:\/\/cdes.org.ec\/webantigua\/wp-content\/uploads\/2022\/03\/WhatsApp-Image-2022-03-12-at-2.30.27-PM-300x169.jpeg\" alt=\"\" width=\"300\" height=\"169\" srcset=\"https:\/\/cdes.org.ec\/webantigua\/wp-content\/uploads\/2022\/03\/WhatsApp-Image-2022-03-12-at-2.30.27-PM-200x113.jpeg 200w, https:\/\/cdes.org.ec\/webantigua\/wp-content\/uploads\/2022\/03\/WhatsApp-Image-2022-03-12-at-2.30.27-PM-300x169.jpeg 300w, https:\/\/cdes.org.ec\/webantigua\/wp-content\/uploads\/2022\/03\/WhatsApp-Image-2022-03-12-at-2.30.27-PM-400x225.jpeg 400w, https:\/\/cdes.org.ec\/webantigua\/wp-content\/uploads\/2022\/03\/WhatsApp-Image-2022-03-12-at-2.30.27-PM-600x338.jpeg 600w, https:\/\/cdes.org.ec\/webantigua\/wp-content\/uploads\/2022\/03\/WhatsApp-Image-2022-03-12-at-2.30.27-PM-768x432.jpeg 768w, https:\/\/cdes.org.ec\/webantigua\/wp-content\/uploads\/2022\/03\/WhatsApp-Image-2022-03-12-at-2.30.27-PM-800x450.jpeg 800w, https:\/\/cdes.org.ec\/webantigua\/wp-content\/uploads\/2022\/03\/WhatsApp-Image-2022-03-12-at-2.30.27-PM-1024x576.jpeg 1024w, https:\/\/cdes.org.ec\/webantigua\/wp-content\/uploads\/2022\/03\/WhatsApp-Image-2022-03-12-at-2.30.27-PM.jpeg 1152w\" sizes=\"(max-width: 300px) 100vw, 300px\" \/><\/a><\/p>\n<p>Mientras tanto, el Coordinador General del CDES, Pablo Iturralde, en su discurso de felicitaci\u00f3n reconoci\u00f3 el trabajo del equipo entre sociedad civil y el gobierno local, pero sobre todo se refiri\u00f3 al esfuerzo de las Promotoras. \u201cLlevar un chaleco morado conlleva una responsabilidad muy importante y estoy seguro que ustedes lo seguir\u00e1n haciendo con la valent\u00eda, la responsabilidad y compromiso que lo han venido haciendo hasta hoy\u201d, dijo Iturralde refiri\u00e9ndose a la audiencia y a las Promotoras vestidas con pa\u00f1uelos y chalecos viol\u00e1ceos.<\/p>\n<div id=\"attachment_8699\" style=\"width: 444px\" class=\"wp-caption alignnone\"><a href=\"https:\/\/cdes.org.ec\/webantigua\/wp-content\/uploads\/2022\/03\/IMG_0750-scaled.jpg\"><img decoding=\"async\" aria-describedby=\"caption-attachment-8699\" class=\"wp-image-8699\" src=\"https:\/\/cdes.org.ec\/webantigua\/wp-content\/uploads\/2022\/03\/IMG_0750-300x200.jpg\" alt=\"Foto CDES: Las Promotoras cantando &quot;Canci\u00f3n sin miedo&quot;\" width=\"434\" height=\"289\" srcset=\"https:\/\/cdes.org.ec\/webantigua\/wp-content\/uploads\/2022\/03\/IMG_0750-200x133.jpg 200w, https:\/\/cdes.org.ec\/webantigua\/wp-content\/uploads\/2022\/03\/IMG_0750-300x200.jpg 300w, https:\/\/cdes.org.ec\/webantigua\/wp-content\/uploads\/2022\/03\/IMG_0750-310x205.jpg 310w, https:\/\/cdes.org.ec\/webantigua\/wp-content\/uploads\/2022\/03\/IMG_0750-400x267.jpg 400w, https:\/\/cdes.org.ec\/webantigua\/wp-content\/uploads\/2022\/03\/IMG_0750-600x400.jpg 600w, https:\/\/cdes.org.ec\/webantigua\/wp-content\/uploads\/2022\/03\/IMG_0750-768x512.jpg 768w, https:\/\/cdes.org.ec\/webantigua\/wp-content\/uploads\/2022\/03\/IMG_0750-800x533.jpg 800w, https:\/\/cdes.org.ec\/webantigua\/wp-content\/uploads\/2022\/03\/IMG_0750-1024x683.jpg 1024w, https:\/\/cdes.org.ec\/webantigua\/wp-content\/uploads\/2022\/03\/IMG_0750-1200x800.jpg 1200w, https:\/\/cdes.org.ec\/webantigua\/wp-content\/uploads\/2022\/03\/IMG_0750-1536x1024.jpg 1536w\" sizes=\"(max-width: 434px) 100vw, 434px\" \/><\/a><p id=\"caption-attachment-8699\" class=\"wp-caption-text\">Foto CDES: Las Promotoras cantando \u00abCanci\u00f3n sin miedo\u00bb<\/p><\/div>\n<p>&nbsp;<\/p>\n","protected":false},"excerpt":{"rendered":"<p>La sala Demetrio Aguilera pintada de morado, as\u00ed se vio [&hellip;]<\/p>\n","protected":false},"author":1,"featured_media":8701,"comment_status":"open","ping_status":"open","sticky":false,"template":"","format":"standard","meta":{"_siteseo_robots_primary_cat":"","_joinchat":[],"footnotes":""},"categories":[16],"tags":[],"class_list":["post-8697","post","type-post","status-publish","format-standard","has-post-thumbnail","hentry","category-mujeres-indigenas"],"_links":{"self":[{"href":"https:\/\/cdes.org.ec\/webantigua\/wp-json\/wp\/v2\/posts\/8697","targetHints":{"allow":["GET"]}}],"collection":[{"href":"https:\/\/cdes.org.ec\/webantigua\/wp-json\/wp\/v2\/posts"}],"about":[{"href":"https:\/\/cdes.org.ec\/webantigua\/wp-json\/wp\/v2\/types\/post"}],"author":[{"embeddable":true,"href":"https:\/\/cdes.org.ec\/webantigua\/wp-json\/wp\/v2\/users\/1"}],"replies":[{"embeddable":true,"href":"https:\/\/cdes.org.ec\/webantigua\/wp-json\/wp\/v2\/comments?post=8697"}],"version-history":[{"count":7,"href":"https:\/\/cdes.org.ec\/webantigua\/wp-json\/wp\/v2\/posts\/8697\/revisions"}],"predecessor-version":[{"id":8712,"href":"https:\/\/cdes.org.ec\/webantigua\/wp-json\/wp\/v2\/posts\/8697\/revisions\/8712"}],"wp:featuredmedia":[{"embeddable":true,"href":"https:\/\/cdes.org.ec\/webantigua\/wp-json\/wp\/v2\/media\/8701"}],"wp:attachment":[{"href":"https:\/\/cdes.org.ec\/webantigua\/wp-json\/wp\/v2\/media?parent=8697"}],"wp:term":[{"taxonomy":"category","embeddable":true,"href":"https:\/\/cdes.org.ec\/webantigua\/wp-json\/wp\/v2\/categories?post=8697"},{"taxonomy":"post_tag","embeddable":true,"href":"https:\/\/cdes.org.ec\/webantigua\/wp-json\/wp\/v2\/tags?post=8697"}],"curies":[{"name":"wp","href":"https:\/\/api.w.org\/{rel}","templated":true}]}}