{"id":8718,"date":"2022-03-15T17:38:18","date_gmt":"2022-03-15T17:38:18","guid":{"rendered":"https:\/\/cdes.org.ec\/webantigua\/?p=8718"},"modified":"2022-03-18T16:45:01","modified_gmt":"2022-03-18T16:45:01","slug":"seguridad-social-en-ecuador","status":"publish","type":"post","link":"https:\/\/cdes.org.ec\/webantigua\/seguridad-social-en-ecuador\/","title":{"rendered":"CONDICIONES Y RIESGOS DE LA PRIVATIZACI\u00d3N DE LA SEGURIDAD SOCIAL EN ECUADOR"},"content":{"rendered":"<h2>Preocupados con las reformas a la Seguridad Social anunciadas por el gobierno ecuatoriano, la Internacional de Servicios P\u00fablicos (ISP) en este pa\u00eds, y el Centro de Derechos Econ\u00f3micos y Sociales (CDES) desarrollaron el estudio: \u201cCondiciones y Riesgos de la Privatizaci\u00f3n de la Seguridad en el Ecuador\u201d.<\/h2>\n<p>La investigaci\u00f3n analiza la situaci\u00f3n financiera del Instituto Ecuatoriano de Seguridad Social y las repercusiones negativas para los afiliados por una eventual administraci\u00f3n privada de los fondos de pensiones y de salud.<\/p>\n<p>A diciembre de 2021, el Fondo de Seguro de Invalidez, Vejez y Muerte registr\u00f3 ingresos por USD 3.129 millones, frente a USD 5.400 millones de egresos, lo que genera un d\u00e9ficit de USD 2.271 millones.<\/p>\n<p><strong>Lea el Estudio completo en el\u00a0 siguiente enlace:<\/strong><\/p>\n<p><a href=\"https:\/\/cdes.org.ec\/webantigua\/wp-content\/uploads\/2022\/03\/Informe_ISP_Privatizacion_seguridad_social_Ecuador_OKIDOKI.pdf\"><img decoding=\"async\" class=\"alignnone wp-image-8716 size-medium\" src=\"https:\/\/cdes.org.ec\/webantigua\/wp-content\/uploads\/2022\/03\/PORTABAWEBINFORME-PSI-244x300.png\" alt=\"\" width=\"244\" height=\"300\" srcset=\"https:\/\/cdes.org.ec\/webantigua\/wp-content\/uploads\/2022\/03\/PORTABAWEBINFORME-PSI-200x246.png 200w, https:\/\/cdes.org.ec\/webantigua\/wp-content\/uploads\/2022\/03\/PORTABAWEBINFORME-PSI-244x300.png 244w, https:\/\/cdes.org.ec\/webantigua\/wp-content\/uploads\/2022\/03\/PORTABAWEBINFORME-PSI-400x492.png 400w, https:\/\/cdes.org.ec\/webantigua\/wp-content\/uploads\/2022\/03\/PORTABAWEBINFORME-PSI-600x738.png 600w, https:\/\/cdes.org.ec\/webantigua\/wp-content\/uploads\/2022\/03\/PORTABAWEBINFORME-PSI.png 711w\" sizes=\"(max-width: 244px) 100vw, 244px\" \/><\/a><\/p>\n<p>La deuda del Estado con el IESS supera los USD 8.000 millones, de los cuales USD 2.000 millones corresponden al pago del 40% del aporte del Estado al Fondo de Pensiones. A esto se suma la mora patronal por m\u00e1s de USD 2.000 millones.<\/p>\n<p>Es decir, existen USD 10.000 millones adeudados a la Seguridad Social, recursos que podr\u00edan servir para enfrentar la crisis financiera de la instituci\u00f3n y evitar su privatizaci\u00f3n.<\/p>\n<p>Sin embargo, los \u00faltimos gobiernos no han incluido recursos en el presupuesto general del Estado para pagar la deuda, ni tampoco han emprendido acciones para cobrar a las empresas morosas.<\/p>\n<p>Por el contrario, han permitido de manera deliberada agudizar la crisis, especialmente en los hospitales, para justificar la privatizaci\u00f3n, aunque en el discurso oficial se diga lo contrario.<\/p>\n<p>El primer paso es la anunciada externalizaci\u00f3n de las farmacias de la red de hospitales p\u00fablicos, que no es otra cosa que la entrega del negocio de los medicamentos a las empresas farmac\u00e9uticas privadas nacionales y transnacionales.<\/p>\n<p>En la misma l\u00ednea est\u00e1 el proyecto de Ley de Inversiones del Ejecutivo, que faculta al presidente de la Rep\u00fablica, mediante Decreto, delegar la administraci\u00f3n privada a trav\u00e9s de Alianzas P\u00fablico-Privadas, de las entidades contempladas en el art\u00edculo 225 de la Constituci\u00f3n, entre las que consta la Seguridad Social.<\/p>\n<p>La privatizaci\u00f3n se enmarca en las reformas que tienen que ver con:<\/p>\n<ul>\n<li>Aumento de la edad de jubilaci\u00f3n<\/li>\n<li>Creaci\u00f3n de cuentas individuales, rompiendo con el principio de solidaridad<\/li>\n<li>Nueva f\u00f3rmula de c\u00e1lculo para la jubilaci\u00f3n, en lugar de los mejores cinco a\u00f1os de aportaciones, bajar\u00e1 el monto de las pensiones.<\/li>\n<li>Incremento del aporte de los trabajadores, que disminuir\u00e1 sus ingresos mensuales.<\/li>\n<li>Externalizaci\u00f3n de las farmacias hacia las cadenas farmac\u00e9uticas privadas, para que \u00e9stas lucren del jugoso negocio, con recursos de IESS, que son nuestros recursos<\/li>\n<\/ul>\n<p>La ISP deja planteada la interrogante por un posible conflicto de intereses en favor de la privatizaci\u00f3n que tendr\u00eda el presidente del Consejo Directivo del IESS, Francisco Cepeda, por estar vinculado a hospitales, seguros de salud e inmobiliarias privadas.<\/p>\n<p>De acuerdo con informaci\u00f3n p\u00fablica de la Superintendencia de Compa\u00f1\u00edas, Cepeda es accionista del Hospital de Los Valles S.A. y de la constructora inmobiliaria Cepeda Guti\u00e9rrez.<\/p>\n<p>Tambi\u00e9n consta como gerente de Almeida Montero C\u00eda Ltda., empresa de servicios de salud ambulatorios, cargo que fue conferido el 10 de agosto de 2020, por un periodo de 2 a\u00f1os.<\/p>\n<p>Adem\u00e1s, fue accionista y directivo de las empresas Safe Work Seguridad y Salud Laboral, Sermedipre Servicio de Medicina Prepagada, Conjunto Cl\u00ednico Nacional Conclina, Saludsa Sistema de Medicina Prepagada del Ecuador, Medical Track Axxistrack, hospital del R\u00edo Hospirio, Cardiovalle, Hospivalle, Hospiservicio y Hospifuturo.<\/p>\n<p>&nbsp;<\/p>\n<p>&nbsp;<\/p>\n<p>&nbsp;<\/p>\n","protected":false},"excerpt":{"rendered":"<p>Preocupados con las reformas a la Seguridad Social anunciadas por [&hellip;]<\/p>\n","protected":false},"author":1,"featured_media":8720,"comment_status":"open","ping_status":"open","sticky":false,"template":"","format":"standard","meta":{"_siteseo_robots_primary_cat":"","_joinchat":[],"footnotes":""},"categories":[52,87,5,9],"tags":[],"class_list":["post-8718","post","type-post","status-publish","format-standard","has-post-thumbnail","hentry","category-trabajo","category-home-slider","category-informes","category-justiciafiscal"],"_links":{"self":[{"href":"https:\/\/cdes.org.ec\/webantigua\/wp-json\/wp\/v2\/posts\/8718","targetHints":{"allow":["GET"]}}],"collection":[{"href":"https:\/\/cdes.org.ec\/webantigua\/wp-json\/wp\/v2\/posts"}],"about":[{"href":"https:\/\/cdes.org.ec\/webantigua\/wp-json\/wp\/v2\/types\/post"}],"author":[{"embeddable":true,"href":"https:\/\/cdes.org.ec\/webantigua\/wp-json\/wp\/v2\/users\/1"}],"replies":[{"embeddable":true,"href":"https:\/\/cdes.org.ec\/webantigua\/wp-json\/wp\/v2\/comments?post=8718"}],"version-history":[{"count":7,"href":"https:\/\/cdes.org.ec\/webantigua\/wp-json\/wp\/v2\/posts\/8718\/revisions"}],"predecessor-version":[{"id":8737,"href":"https:\/\/cdes.org.ec\/webantigua\/wp-json\/wp\/v2\/posts\/8718\/revisions\/8737"}],"wp:featuredmedia":[{"embeddable":true,"href":"https:\/\/cdes.org.ec\/webantigua\/wp-json\/wp\/v2\/media\/8720"}],"wp:attachment":[{"href":"https:\/\/cdes.org.ec\/webantigua\/wp-json\/wp\/v2\/media?parent=8718"}],"wp:term":[{"taxonomy":"category","embeddable":true,"href":"https:\/\/cdes.org.ec\/webantigua\/wp-json\/wp\/v2\/categories?post=8718"},{"taxonomy":"post_tag","embeddable":true,"href":"https:\/\/cdes.org.ec\/webantigua\/wp-json\/wp\/v2\/tags?post=8718"}],"curies":[{"name":"wp","href":"https:\/\/api.w.org\/{rel}","templated":true}]}}