{"id":8745,"date":"2022-03-24T17:28:23","date_gmt":"2022-03-24T17:28:23","guid":{"rendered":"https:\/\/cdes.org.ec\/webantigua\/?p=8745"},"modified":"2022-03-24T17:30:14","modified_gmt":"2022-03-24T17:30:14","slug":"manifiesto-para-rechazar-la-ley-de-inversiones","status":"publish","type":"post","link":"https:\/\/cdes.org.ec\/webantigua\/manifiesto-para-rechazar-la-ley-de-inversiones\/","title":{"rendered":"Manifiesto para rechazar la ley de inversiones"},"content":{"rendered":"<p><strong>AL PUEBLO DEL ECUADOR <\/strong><br \/>\n<strong>A LA ASAMBLEA NACIONAL <\/strong><br \/>\n<strong>AL GOBIERNO NACIONAL<\/strong><\/p>\n<p><strong>ORGANIZACIONES SOCIALES RECHAZAN INTENTO DE PRIVATIZACION DEL ESTADO ECUATORIANO, QUE LO PONE AL SERVICIO DEL CAPITAL, EN PARTICULAR EXTRANJERO, ABANDONANDO LAS OBLIGACIONES SOCIALES ESTABLECIDAS EN LA CONSTITUCION DE LA REP\u00daBLICA, MEDIANTE EL PROYECTO DE LEY ORGANICA PARA LA ATRACCI\u00d3N DE INVERSIONES, FORTALECIMIENTO DEL MERCADO DE VALORES Y TRANSFORMACION DIGITAL.<\/strong><\/p>\n<p>Las organizaciones sociales abajo firmantes, rechazamos el proyecto de ley ir\u00f3nicamente denominado \u201cPARA LA ATRACCION DE INVERSIONES, FORTALECIMIENTO DEL MERCADO DE VALORES Y TRANSFORMACION DIGITAL\u201d, enviado por el Ejecutivo a la Asamblea Nacional con el car\u00e1cter de econ\u00f3mico urgente, e instamos a la Asamblea a archivar, en forma definitiva, dicho proyecto de ley, por las graves consecuencias sociales que acarrear\u00eda en caso de que se pusiera en vigencia.<\/p>\n<p>Con esta grave preocupaci\u00f3n, manifestamos lo siguiente:<br \/>\n1. Este proyecto de ley, pretende que el Estado ecuatoriano abandone el cumplimiento de sus obligaciones sociales contempladas en la Constituci\u00f3n, para convertirse en un \u00f3rgano al servicio de corporaciones privadas, a las cuales delegar\u00eda, mediante la suscripci\u00f3n de contratos de asociaci\u00f3n p\u00fablico- privada, no solamente la generaci\u00f3n de infraestructura, sino tambi\u00e9n la prestaci\u00f3n de servicios p\u00fablicos. Entre dichas delegaciones estar\u00eda la ejecuci\u00f3n de proyectos sobre activos existentes, a\u00fan de sectores estrat\u00e9gicos, lo que implicar\u00eda que los usuarios tengamos que pagar tarifas elevadas incluso por servicios p\u00fablicos que actualmente son gratuitos, como garantiza la Constituci\u00f3n vigente.<\/p>\n<p>2. En los contratos de asociaci\u00f3n p\u00fablico-privada previstos en el proyecto de Ley, el Estado, a m\u00e1s de sus aportes de capital, otorgar\u00eda subvenciones al capital privado y se comprometer\u00eda a garantizar ingresos m\u00ednimos en las operaciones pactadas. As\u00ed, el Estado se pondr\u00eda al servicio del capital privado, asegur\u00e1ndole la rentabilidad de sus inversiones tanto como en sus operaciones sin inversi\u00f3n, al contemplarse la entrega de activos p\u00fablicos existentes, incluso sin el pago de ninguna compensaci\u00f3n al Estado, encareciendo el costo de los servicios que, finalmente, ser\u00e1n pagados por el pueblo ecuatoriano.<\/p>\n<p>3. Denunciamos la discriminaci\u00f3n en este proyecto de ley, en contra de las sociedades ecuatorianas, al no permitirles realizar nuevas inversiones en la zonas francas destinadas a las mismas actividades econ\u00f3micas que ejercen en el mercado ecuatoriano, mientras que a las empresas extranjeras no se les pone ninguna condici\u00f3n, benefici\u00e1ndose de la exoneraci\u00f3n de todo tipo de impuestos: al comercio exterior, al valor agregado, a la salida de divisas e incluso a la renta, durante los diez primeros a\u00f1os, con una rebaja del 10% del impuesto a la renta por el resto del tiempo del contrato.<\/p>\n<p>4. Al establecer montos m\u00ednimos de inversi\u00f3n de 5 millones de d\u00f3lares para administradores y de 1 mill\u00f3n de d\u00f3lares para operadores, para inversiones en zonas francas, se generar\u00eda un trato discriminatorio en contra de las organizaciones ind\u00edgenas, afro ecuatorianas, montubias, pueblos y nacionalidades y dem\u00e1s comunidades reconocidas por la Constituci\u00f3n, as\u00ed como de las peque\u00f1as y medianas empresas cuya supervivencia se encuentra amenazada adem\u00e1s por los tratados de libre comercio que el Gobierno est\u00e1 negociando.<\/p>\n<p>5. El riesgo de un mayor empobrecimiento de la poblaci\u00f3n es inminente, tanto por el aumento del desempleo y la precariedad laboral, dado el riesgo de quiebras empresariales locales, como por la transformaci\u00f3n en servicios privados, de aquellos que actualmente, son p\u00fablicos y gratuitos, como manda la Constituci\u00f3n vigente.<\/p>\n<p>6. Por todo lo expuesto, insistimos en el rechazo al citado proyecto de ley que, en definitiva, transforma el Estado ecuatoriano en un ESTADO AL SERVICIO DE LAS CORPORACIONES PRIVADAS, en particular extranjeras, abandonando sus obligaciones p\u00fablicas fundamentales, en condiciones en que el pueblo ecuatoriano se encuentra ya empobrecido por efectos tanto de la pandemia cuanto de la pol\u00edtica econ\u00f3mica empobrecedora impulsada por los \u00faltimos gobiernos, en el marco de los acuerdos suscritos con el Fondo Monetario Internacional.<\/p>\n<p>Firman:<br \/>\nJubileo 2000 Red Ecuador<\/p>\n<p>Foro Polit\u00e9cncico<\/p>\n<p>Centro de Derechos Econ\u00f3micos y Sociales \u2014CDES<\/p>\n<p>Colectivo Desborde<\/p>\n<p>Colectivo La Ra\u00edz<\/p>\n<p>Observatorio de la Dolarizaci\u00f3n<\/p>\n<p>Acci\u00f3n Jur\u00eddica Popular<\/p>\n<p>Frente Nacional de Defensa Petrolero<\/p>\n","protected":false},"excerpt":{"rendered":"<p>AL PUEBLO DEL ECUADOR A LA ASAMBLEA NACIONAL AL GOBIERNO [&hellip;]<\/p>\n","protected":false},"author":1,"featured_media":8726,"comment_status":"open","ping_status":"open","sticky":false,"template":"","format":"standard","meta":{"_siteseo_robots_primary_cat":"","_joinchat":[],"footnotes":""},"categories":[87,20],"tags":[],"class_list":["post-8745","post","type-post","status-publish","format-standard","has-post-thumbnail","hentry","category-home-slider","category-tratadosdeinversion"],"_links":{"self":[{"href":"https:\/\/cdes.org.ec\/webantigua\/wp-json\/wp\/v2\/posts\/8745","targetHints":{"allow":["GET"]}}],"collection":[{"href":"https:\/\/cdes.org.ec\/webantigua\/wp-json\/wp\/v2\/posts"}],"about":[{"href":"https:\/\/cdes.org.ec\/webantigua\/wp-json\/wp\/v2\/types\/post"}],"author":[{"embeddable":true,"href":"https:\/\/cdes.org.ec\/webantigua\/wp-json\/wp\/v2\/users\/1"}],"replies":[{"embeddable":true,"href":"https:\/\/cdes.org.ec\/webantigua\/wp-json\/wp\/v2\/comments?post=8745"}],"version-history":[{"count":2,"href":"https:\/\/cdes.org.ec\/webantigua\/wp-json\/wp\/v2\/posts\/8745\/revisions"}],"predecessor-version":[{"id":8747,"href":"https:\/\/cdes.org.ec\/webantigua\/wp-json\/wp\/v2\/posts\/8745\/revisions\/8747"}],"wp:featuredmedia":[{"embeddable":true,"href":"https:\/\/cdes.org.ec\/webantigua\/wp-json\/wp\/v2\/media\/8726"}],"wp:attachment":[{"href":"https:\/\/cdes.org.ec\/webantigua\/wp-json\/wp\/v2\/media?parent=8745"}],"wp:term":[{"taxonomy":"category","embeddable":true,"href":"https:\/\/cdes.org.ec\/webantigua\/wp-json\/wp\/v2\/categories?post=8745"},{"taxonomy":"post_tag","embeddable":true,"href":"https:\/\/cdes.org.ec\/webantigua\/wp-json\/wp\/v2\/tags?post=8745"}],"curies":[{"name":"wp","href":"https:\/\/api.w.org\/{rel}","templated":true}]}}