{"id":8749,"date":"2022-03-31T22:42:06","date_gmt":"2022-03-31T22:42:06","guid":{"rendered":"https:\/\/cdes.org.ec\/webantigua\/?p=8749"},"modified":"2022-03-31T22:42:06","modified_gmt":"2022-03-31T22:42:06","slug":"mujeres-de-la-economia-popular-y-solidaria-culminan-capacitacion-en-empoderamiento-economico-y-toma-de-decisiones","status":"publish","type":"post","link":"https:\/\/cdes.org.ec\/webantigua\/mujeres-de-la-economia-popular-y-solidaria-culminan-capacitacion-en-empoderamiento-economico-y-toma-de-decisiones\/","title":{"rendered":"MUJERES DE LA ECONOM\u00cdA POPULAR Y SOLIDARIA CULMINAN CAPACITACI\u00d3N EN EMPODERAMIENTO ECON\u00d3MICO Y TOMA DE DECISIONES"},"content":{"rendered":"<p>En el marco de las acciones realizadas en el mes de marzo, para recordar la lucha por la igualdad, el martes 29 concluy\u00f3 el proceso de capacitaci\u00f3n de 330 mujeres trabajadoras del sector de la econom\u00eda popular y solidaria. A trav\u00e9s de una ceremonia de clausura, 250 mujeres participaron en el evento que se realiz\u00f3 en el Sal\u00f3n de la Provincia, con la presencia de organizaciones de sociedad civil, la prefecta Paola Pab\u00f3n, el viceprefecto Alexander Tonello y el director de CDES Pablo Iturralde.<\/p>\n<p>El proceso de capacitaci\u00f3n se realiz\u00f3 a trav\u00e9s de talleres presenciales y virtuales alrededor de la provincia de Pichincha, en los que las mujeres conocieron sobre autoestima, autocuidado, derechos econ\u00f3micos y sociales, emprendimientos sostenibles, finanzas populares y empoderamiento en la toma de decisiones.<\/p>\n<div id=\"attachment_8751\" style=\"width: 594px\" class=\"wp-caption alignnone\"><a href=\"https:\/\/cdes.org.ec\/webantigua\/wp-content\/uploads\/2022\/03\/IMG_1147-scaled.jpg\"><img decoding=\"async\" aria-describedby=\"caption-attachment-8751\" class=\"wp-image-8751 \" src=\"https:\/\/cdes.org.ec\/webantigua\/wp-content\/uploads\/2022\/03\/IMG_1147-300x200.jpg\" alt=\"\" width=\"584\" height=\"390\" srcset=\"https:\/\/cdes.org.ec\/webantigua\/wp-content\/uploads\/2022\/03\/IMG_1147-200x133.jpg 200w, https:\/\/cdes.org.ec\/webantigua\/wp-content\/uploads\/2022\/03\/IMG_1147-300x200.jpg 300w, https:\/\/cdes.org.ec\/webantigua\/wp-content\/uploads\/2022\/03\/IMG_1147-400x267.jpg 400w, https:\/\/cdes.org.ec\/webantigua\/wp-content\/uploads\/2022\/03\/IMG_1147-600x400.jpg 600w, https:\/\/cdes.org.ec\/webantigua\/wp-content\/uploads\/2022\/03\/IMG_1147-768x512.jpg 768w, https:\/\/cdes.org.ec\/webantigua\/wp-content\/uploads\/2022\/03\/IMG_1147-800x533.jpg 800w, https:\/\/cdes.org.ec\/webantigua\/wp-content\/uploads\/2022\/03\/IMG_1147-1024x683.jpg 1024w, https:\/\/cdes.org.ec\/webantigua\/wp-content\/uploads\/2022\/03\/IMG_1147-1200x800.jpg 1200w, https:\/\/cdes.org.ec\/webantigua\/wp-content\/uploads\/2022\/03\/IMG_1147-1536x1024.jpg 1536w\" sizes=\"(max-width: 584px) 100vw, 584px\" \/><\/a><p id=\"caption-attachment-8751\" class=\"wp-caption-text\">Foto CDES: Las Mujeres trabajadoras por una econom\u00eda popular y solidaria en la ceremonia de clausura de las Capacitaci\u00f3n en Empoderamiento Econ\u00f3mico y en la toma de Decisiones .<\/p><\/div>\n<div id=\"attachment_8752\" style=\"width: 591px\" class=\"wp-caption alignnone\"><a href=\"https:\/\/cdes.org.ec\/webantigua\/wp-content\/uploads\/2022\/03\/IMG_1169-scaled.jpg\"><img decoding=\"async\" aria-describedby=\"caption-attachment-8752\" class=\"wp-image-8752 \" src=\"https:\/\/cdes.org.ec\/webantigua\/wp-content\/uploads\/2022\/03\/IMG_1169-300x200.jpg\" alt=\"\" width=\"581\" height=\"387\" srcset=\"https:\/\/cdes.org.ec\/webantigua\/wp-content\/uploads\/2022\/03\/IMG_1169-200x133.jpg 200w, https:\/\/cdes.org.ec\/webantigua\/wp-content\/uploads\/2022\/03\/IMG_1169-300x200.jpg 300w, https:\/\/cdes.org.ec\/webantigua\/wp-content\/uploads\/2022\/03\/IMG_1169-310x205.jpg 310w, https:\/\/cdes.org.ec\/webantigua\/wp-content\/uploads\/2022\/03\/IMG_1169-400x267.jpg 400w, https:\/\/cdes.org.ec\/webantigua\/wp-content\/uploads\/2022\/03\/IMG_1169-600x400.jpg 600w, https:\/\/cdes.org.ec\/webantigua\/wp-content\/uploads\/2022\/03\/IMG_1169-768x512.jpg 768w, https:\/\/cdes.org.ec\/webantigua\/wp-content\/uploads\/2022\/03\/IMG_1169-800x533.jpg 800w, https:\/\/cdes.org.ec\/webantigua\/wp-content\/uploads\/2022\/03\/IMG_1169-1024x683.jpg 1024w, https:\/\/cdes.org.ec\/webantigua\/wp-content\/uploads\/2022\/03\/IMG_1169-1200x800.jpg 1200w, https:\/\/cdes.org.ec\/webantigua\/wp-content\/uploads\/2022\/03\/IMG_1169-1536x1024.jpg 1536w\" sizes=\"(max-width: 581px) 100vw, 581px\" \/><\/a><p id=\"caption-attachment-8752\" class=\"wp-caption-text\">Foto CDES: Virginia Tipanluiza compartiendo su experiencia en la ceremonia de clausura de las Capacitaci\u00f3n en Empoderamiento Econ\u00f3mico y en la toma de Decisiones.<\/p><\/div>\n<p>En la ceremonia de clausura Alexander Tonello comunic\u00f3 sobre los planes y programas que despliega actualmente la Prefectura en el \u00e1rea productiva y los esfuerzos dirigidos para transversalizar el enfoque de igualdad de g\u00e9nero en todos los programas productivos.<\/p>\n<p>Pablo Iturralde tom\u00f3 la palabra para celebrar iniciativas como estas que apoyan al sector popular y solidario con enfoque de g\u00e9nero, y remarc\u00f3 que los derechos econ\u00f3micos como el acceso a trabajo digno, son fundamental para que las mujeres logren una igualdad real.<\/p>\n<p>En el evento intervinieron Virginia Tipanluiza, representante de la asociaci\u00f3n de producci\u00f3n agroecol\u00f3gica \u201cBioVida\u201d, y Gladys S\u00f3palo representante de la caja de ahorro de productoras de cebolla \u201cLa Cebollita\u201d. Ellas contaron desde sus experiencias como la organizaci\u00f3n entre mujeres \u201cen base a relaciones de cooperaci\u00f3n les ha permitido mejorar no s\u00f3lo sus econom\u00edas a trav\u00e9s de cr\u00e9ditos \u00e9ticos y emprendimientos solidarios\u201d, sino tambi\u00e9n redes de apoyo y de cuidado entre ellas.<\/p>\n<div id=\"attachment_8753\" style=\"width: 591px\" class=\"wp-caption alignnone\"><a href=\"https:\/\/cdes.org.ec\/webantigua\/wp-content\/uploads\/2022\/03\/IMG_1069-scaled.jpg\"><img decoding=\"async\" aria-describedby=\"caption-attachment-8753\" class=\"wp-image-8753 \" src=\"https:\/\/cdes.org.ec\/webantigua\/wp-content\/uploads\/2022\/03\/IMG_1069-300x200.jpg\" alt=\"\" width=\"581\" height=\"387\" srcset=\"https:\/\/cdes.org.ec\/webantigua\/wp-content\/uploads\/2022\/03\/IMG_1069-200x133.jpg 200w, https:\/\/cdes.org.ec\/webantigua\/wp-content\/uploads\/2022\/03\/IMG_1069-300x200.jpg 300w, https:\/\/cdes.org.ec\/webantigua\/wp-content\/uploads\/2022\/03\/IMG_1069-310x205.jpg 310w, https:\/\/cdes.org.ec\/webantigua\/wp-content\/uploads\/2022\/03\/IMG_1069-400x267.jpg 400w, https:\/\/cdes.org.ec\/webantigua\/wp-content\/uploads\/2022\/03\/IMG_1069-600x400.jpg 600w, https:\/\/cdes.org.ec\/webantigua\/wp-content\/uploads\/2022\/03\/IMG_1069-768x512.jpg 768w, https:\/\/cdes.org.ec\/webantigua\/wp-content\/uploads\/2022\/03\/IMG_1069-800x533.jpg 800w, https:\/\/cdes.org.ec\/webantigua\/wp-content\/uploads\/2022\/03\/IMG_1069-1024x683.jpg 1024w, https:\/\/cdes.org.ec\/webantigua\/wp-content\/uploads\/2022\/03\/IMG_1069-1200x800.jpg 1200w, https:\/\/cdes.org.ec\/webantigua\/wp-content\/uploads\/2022\/03\/IMG_1069-1536x1024.jpg 1536w\" sizes=\"(max-width: 581px) 100vw, 581px\" \/><\/a><p id=\"caption-attachment-8753\" class=\"wp-caption-text\">Foto CDES: Emprendimientos de las Mujeres trabajadoras por una econom\u00eda popular y solidaria en la ceremonia de clausura de las Capacitaci\u00f3n en Empoderamiento Econ\u00f3mico y en la toma de Decisiones.<\/p><\/div>\n<div id=\"attachment_8754\" style=\"width: 591px\" class=\"wp-caption alignnone\"><a href=\"https:\/\/cdes.org.ec\/webantigua\/wp-content\/uploads\/2022\/03\/IMG_1074-scaled.jpg\"><img decoding=\"async\" aria-describedby=\"caption-attachment-8754\" class=\"wp-image-8754 \" src=\"https:\/\/cdes.org.ec\/webantigua\/wp-content\/uploads\/2022\/03\/IMG_1074-300x200.jpg\" alt=\"\" width=\"581\" height=\"387\" srcset=\"https:\/\/cdes.org.ec\/webantigua\/wp-content\/uploads\/2022\/03\/IMG_1074-200x133.jpg 200w, https:\/\/cdes.org.ec\/webantigua\/wp-content\/uploads\/2022\/03\/IMG_1074-300x200.jpg 300w, https:\/\/cdes.org.ec\/webantigua\/wp-content\/uploads\/2022\/03\/IMG_1074-310x205.jpg 310w, https:\/\/cdes.org.ec\/webantigua\/wp-content\/uploads\/2022\/03\/IMG_1074-400x267.jpg 400w, https:\/\/cdes.org.ec\/webantigua\/wp-content\/uploads\/2022\/03\/IMG_1074-600x400.jpg 600w, https:\/\/cdes.org.ec\/webantigua\/wp-content\/uploads\/2022\/03\/IMG_1074-768x512.jpg 768w, https:\/\/cdes.org.ec\/webantigua\/wp-content\/uploads\/2022\/03\/IMG_1074-800x533.jpg 800w, https:\/\/cdes.org.ec\/webantigua\/wp-content\/uploads\/2022\/03\/IMG_1074-1024x683.jpg 1024w, https:\/\/cdes.org.ec\/webantigua\/wp-content\/uploads\/2022\/03\/IMG_1074-1200x800.jpg 1200w, https:\/\/cdes.org.ec\/webantigua\/wp-content\/uploads\/2022\/03\/IMG_1074-1536x1024.jpg 1536w\" sizes=\"(max-width: 581px) 100vw, 581px\" \/><\/a><p id=\"caption-attachment-8754\" class=\"wp-caption-text\">Foto CDES: Emprendimientos de las Mujeres trabajadoras por una econom\u00eda popular y solidaria en la ceremonia de clausura de las Capacitaci\u00f3n en Empoderamiento Econ\u00f3mico y en la toma de Decisiones.<\/p><\/div>\n<p>Por \u00faltimo, la prefecta Paola Pab\u00f3n se pronunci\u00f3 para celebrar el proceso que concluye con mujeres empoderadas de sus derechos con herramientas t\u00e9cnicas para la exigibilidad de los mismos, y mejorar sus emprendimientos y sus finanzas. La Prefecta reiter\u00f3 su compromiso con las mujeres de Pichincha y sus familias, porque reconoce tanto \u201cella como la instituci\u00f3n que el trabajo que sostienen con sus cuidados la econom\u00eda\u201d.<\/p>\n","protected":false},"excerpt":{"rendered":"<p>En el marco de las acciones realizadas en el mes [&hellip;]<\/p>\n","protected":false},"author":1,"featured_media":8750,"comment_status":"open","ping_status":"open","sticky":false,"template":"","format":"standard","meta":{"_siteseo_robots_primary_cat":"","_joinchat":[],"footnotes":""},"categories":[87,16],"tags":[],"class_list":["post-8749","post","type-post","status-publish","format-standard","has-post-thumbnail","hentry","category-home-slider","category-mujeres-indigenas"],"_links":{"self":[{"href":"https:\/\/cdes.org.ec\/webantigua\/wp-json\/wp\/v2\/posts\/8749","targetHints":{"allow":["GET"]}}],"collection":[{"href":"https:\/\/cdes.org.ec\/webantigua\/wp-json\/wp\/v2\/posts"}],"about":[{"href":"https:\/\/cdes.org.ec\/webantigua\/wp-json\/wp\/v2\/types\/post"}],"author":[{"embeddable":true,"href":"https:\/\/cdes.org.ec\/webantigua\/wp-json\/wp\/v2\/users\/1"}],"replies":[{"embeddable":true,"href":"https:\/\/cdes.org.ec\/webantigua\/wp-json\/wp\/v2\/comments?post=8749"}],"version-history":[{"count":2,"href":"https:\/\/cdes.org.ec\/webantigua\/wp-json\/wp\/v2\/posts\/8749\/revisions"}],"predecessor-version":[{"id":8756,"href":"https:\/\/cdes.org.ec\/webantigua\/wp-json\/wp\/v2\/posts\/8749\/revisions\/8756"}],"wp:featuredmedia":[{"embeddable":true,"href":"https:\/\/cdes.org.ec\/webantigua\/wp-json\/wp\/v2\/media\/8750"}],"wp:attachment":[{"href":"https:\/\/cdes.org.ec\/webantigua\/wp-json\/wp\/v2\/media?parent=8749"}],"wp:term":[{"taxonomy":"category","embeddable":true,"href":"https:\/\/cdes.org.ec\/webantigua\/wp-json\/wp\/v2\/categories?post=8749"},{"taxonomy":"post_tag","embeddable":true,"href":"https:\/\/cdes.org.ec\/webantigua\/wp-json\/wp\/v2\/tags?post=8749"}],"curies":[{"name":"wp","href":"https:\/\/api.w.org\/{rel}","templated":true}]}}