{"id":8762,"date":"2022-04-14T17:35:34","date_gmt":"2022-04-14T17:35:34","guid":{"rendered":"https:\/\/cdes.org.ec\/webantigua\/?p=8762"},"modified":"2022-04-14T17:47:03","modified_gmt":"2022-04-14T17:47:03","slug":"ecuador-pide-flexibilidad-al-fmi-para-atender-gastos-por-invierno-y-temblor","status":"publish","type":"post","link":"https:\/\/cdes.org.ec\/webantigua\/ecuador-pide-flexibilidad-al-fmi-para-atender-gastos-por-invierno-y-temblor\/","title":{"rendered":"Ecuador pide flexibilidad al FMI para atender gastos por invierno y temblor"},"content":{"rendered":"<h4>El presidente Guillermo Lasso habr\u00eda planteado flexibilizar algunas metas del programa econ\u00f3mico a la directora gerente del FMI, esto porque Ecuador necesita afrontar los gastos por el invierno y el terremoto en Esmeraldas.<\/h4>\n<p>El 11 de abril el presidente <strong>Guillermo Lasso y la directora gerente del FMI, Kristalina Georgieva<\/strong>, sostuvieron una reuni\u00f3n virtual para hablar de las metas acordadas con Ecuador.<\/p>\n<p>En la conversaci\u00f3n con <strong>Georgieva<\/strong>, el presidente Lasso habr\u00eda planteado la <strong>flexibilizaci\u00f3n de algunas metas del programa econ\u00f3mico<\/strong> suscrito por Ecuador en septiembre de 2020 y renegociado en 2021, seg\u00fan una fuente gubernamental consultada por PRIMICIAS.<\/p>\n<h2>&#8211; Campos petroleros de Petroecuador operar\u00e1n con mayor electricidad<\/h2>\n<p>Entre las metas que el Gobierno busca flexibilizar est\u00e1 el <strong>d\u00e9ficit fiscal previsto para 2022<\/strong>, cuya meta se ampliar\u00eda en 1% del Producto Interno Bruto (PIB) cuando en los objetivos originales se plante\u00f3 un super\u00e1vit de USD 85 millones.<\/p>\n<p>El argumento del Gobierno es que necesita incrementar el gasto p\u00fablico para <strong>atender los da\u00f1os ocasionados por el invierno<\/strong> en Ecuador.<\/p>\n<p>A inicios de marzo de 2022, las fuertes lluvias causaron inundaciones y dejaron <strong>miles de damnificados<\/strong> en cuatro provincias: Loja, Ca\u00f1ar, Guayas y El Oro.<\/p>\n<p>Otro gasto imprevisto son los bonos que el Gobierno prev\u00e9 entregar por el sismo en Esmeraldas, ocurrido el 26 de marzo, que dej\u00f3 1.300 perjudicados.<\/p>\n<p>Por otro lado, el pa\u00eds debe enfrentar los efectos de la <strong>invasi\u00f3n rusa a Ucrania, como la interrupci\u00f3n del comercio de Ecuador<\/strong> con el mercado euroasi\u00e1tico, que representaba el 25% de las exportaciones ecuatorianas de banano y el 40% de las exportaciones de flores.<\/p>\n<p>&nbsp;<\/p>\n<h2>EL PETR\u00d3LEO SALVA EL D\u00cdA<\/h2>\n<p><strong>El riesgo pa\u00eds se elev\u00f3 ligeramente<\/strong> tras los \u00faltimos acontecimientos para ubicarse en <strong>815 puntos el 11 de abril<\/strong> frente a los 803 puntos del cierre anterior.<\/p>\n<p>Pero <strong>para el 12 de abril el riesgo baj\u00f3 a 806 puntos<\/strong> en medio de una fuerte subida del <strong>precio del petr\u00f3leo<\/strong>.<\/p>\n<p><strong>El precio del petr\u00f3leo<\/strong> intermedio de Texas (WTI), que sirve de referencia para Ecuador, <strong>se dispar\u00f3 un 6,7%<\/strong> el martes 12 de abril <strong>y alcanz\u00f3 los 100,60 d\u00f3lares por barril<\/strong>.<\/p>\n<p>Esto luego de que la Organizaci\u00f3n de Pa\u00edses Productores de Petr\u00f3leo (OPEP) revisara a la baja sus previsiones de crecimiento de la demanda de crudo.<\/p>\n<p>Seg\u00fan los analistas,<strong> la OPEP<\/strong>, que tiene en Rusia un aliado, <strong>ha advertido adem\u00e1s de que le ser\u00e1 imposible reemplazar el crudo y los combustibles rusos<\/strong> si sus exportaciones son objeto de sanci\u00f3n, algo que eval\u00faa la Uni\u00f3n Europea.<\/p>\n<p>&nbsp;<\/p>\n<h3>Riesgo Pa\u00eds en Ecuador y precio de petr\u00f3leo WTI<\/h3>\n<p>&nbsp;<\/p>\n<p><a href=\"https:\/\/cdes.org.ec\/webantigua\/wp-content\/uploads\/2022\/04\/CUADRO-PARA-WEB.png\"><img decoding=\"async\" class=\"alignnone wp-image-8763\" src=\"https:\/\/cdes.org.ec\/webantigua\/wp-content\/uploads\/2022\/04\/CUADRO-PARA-WEB-300x189.png\" alt=\"\" width=\"374\" height=\"231\" \/><\/a><\/p>\n<h2><\/h2>\n<h2>Cueva, listo para ir a Washington<\/h2>\n<p>El ministro de Econom\u00eda, Sim\u00f3n Cueva, asistir\u00e1 a las <strong>reuniones de primavera del Fondo Monetario Internacional (FMI)<\/strong>, que se celebrar\u00e1n del 18 al 24 de abril, en Washington.<\/p>\n<p>Cueva prev\u00e9 aprovechar la visita para <strong>cerrar la cuarta revisi\u00f3n del acuerdo suscrito entre Ecuador y el FMI<\/strong>, seg\u00fan una fuente gubernamental consultada por PRIMICIAS.<\/p>\n<p>El pa\u00eds <strong>espera recibir del FMI un desembolso de USD 700 millones<\/strong> una vez que se apruebe la revisi\u00f3n, a finales de abril.<\/p>\n<p>Esos recursos son parte del programa de cr\u00e9dito por USD 6.500 millones firmado con el FMI. Hasta el momento, Ecuador ha recibido USD 4.800 millones.<\/p>\n<p><small>Fuente: Primicias.ec: <a href=\"https:\/\/www.primicias.ec\/noticias\/economia\/fmi-ecuador-acuerdo-washington-politica-petroleo\/\">https:\/\/www.primicias.ec\/noticias\/economia\/fmi-ecuador-acuerdo-washington-politica-petroleo\/<\/a><\/small><\/p>\n<p>&nbsp;<\/p>\n","protected":false},"excerpt":{"rendered":"<p>El presidente Guillermo Lasso habr\u00eda planteado flexibilizar algunas metas del [&hellip;]<\/p>\n","protected":false},"author":1,"featured_media":8766,"comment_status":"open","ping_status":"open","sticky":false,"template":"","format":"standard","meta":{"_siteseo_robots_primary_cat":"","_joinchat":[],"footnotes":""},"categories":[46,87],"tags":[],"class_list":["post-8762","post","type-post","status-publish","format-standard","has-post-thumbnail","hentry","category-deuda","category-home-slider"],"_links":{"self":[{"href":"https:\/\/cdes.org.ec\/webantigua\/wp-json\/wp\/v2\/posts\/8762","targetHints":{"allow":["GET"]}}],"collection":[{"href":"https:\/\/cdes.org.ec\/webantigua\/wp-json\/wp\/v2\/posts"}],"about":[{"href":"https:\/\/cdes.org.ec\/webantigua\/wp-json\/wp\/v2\/types\/post"}],"author":[{"embeddable":true,"href":"https:\/\/cdes.org.ec\/webantigua\/wp-json\/wp\/v2\/users\/1"}],"replies":[{"embeddable":true,"href":"https:\/\/cdes.org.ec\/webantigua\/wp-json\/wp\/v2\/comments?post=8762"}],"version-history":[{"count":6,"href":"https:\/\/cdes.org.ec\/webantigua\/wp-json\/wp\/v2\/posts\/8762\/revisions"}],"predecessor-version":[{"id":8770,"href":"https:\/\/cdes.org.ec\/webantigua\/wp-json\/wp\/v2\/posts\/8762\/revisions\/8770"}],"wp:featuredmedia":[{"embeddable":true,"href":"https:\/\/cdes.org.ec\/webantigua\/wp-json\/wp\/v2\/media\/8766"}],"wp:attachment":[{"href":"https:\/\/cdes.org.ec\/webantigua\/wp-json\/wp\/v2\/media?parent=8762"}],"wp:term":[{"taxonomy":"category","embeddable":true,"href":"https:\/\/cdes.org.ec\/webantigua\/wp-json\/wp\/v2\/categories?post=8762"},{"taxonomy":"post_tag","embeddable":true,"href":"https:\/\/cdes.org.ec\/webantigua\/wp-json\/wp\/v2\/tags?post=8762"}],"curies":[{"name":"wp","href":"https:\/\/api.w.org\/{rel}","templated":true}]}}