{"id":8775,"date":"2022-04-21T17:37:53","date_gmt":"2022-04-21T17:37:53","guid":{"rendered":"https:\/\/cdes.org.ec\/webantigua\/?p=8775"},"modified":"2022-04-21T18:01:07","modified_gmt":"2022-04-21T18:01:07","slug":"vigilancia-de-las-finanzas-del-desarrollo-derechos-especiales-de-giro-reuniones-de-primavera-datos-de-la-aod-de-2021","status":"publish","type":"post","link":"https:\/\/cdes.org.ec\/webantigua\/vigilancia-de-las-finanzas-del-desarrollo-derechos-especiales-de-giro-reuniones-de-primavera-datos-de-la-aod-de-2021\/","title":{"rendered":"VIGILANCIA DE LAS FINANZAS DEL DESARROLLO \u2013 DERECHOS ESPECIALES DE GIRO\/ REUNIONES DE PRIMAVERA\/ DATOS DE LA AOD DE 2021"},"content":{"rendered":"<h1>Historia sobresaliente<\/h1>\n<h2><a href=\"https:\/\/www.eurodad.org\/sdr_transformative_resource?e=022255e42b9dfdc151a849999d0e7b7b&amp;utm_source=eurodad&amp;utm_medium=email&amp;utm_campaign=newsletter_21_04_2022&amp;n=1\" target=\"_blank\" rel=\"noopener\" data-saferedirecturl=\"https:\/\/www.google.com\/url?q=https:\/\/www.eurodad.org\/sdr_transformative_resource?e%3D022255e42b9dfdc151a849999d0e7b7b%26utm_source%3Deurodad%26utm_medium%3Demail%26utm_campaign%3Dnewsletter_21_04_2022%26n%3D1&amp;source=gmail&amp;ust=1650639543746000&amp;usg=AOvVaw1bhK-x60OoGPyaiKDGmb3N\">Derechos especiales de giro: \u00bfPuede la moneda de reserva del FMI convertirse en un recurso financiero transformador?<\/a><\/h2>\n<p>&nbsp;<\/p>\n<p><a href=\"https:\/\/www.eurodad.org\/sdr_transformative_resource?e=022255e42b9dfdc151a849999d0e7b7b&amp;utm_source=eurodad&amp;utm_medium=email&amp;utm_campaign=newsletter_21_04_2022&amp;n=2\" target=\"_blank\" rel=\"noopener\" data-saferedirecturl=\"https:\/\/www.google.com\/url?q=https:\/\/www.eurodad.org\/sdr_transformative_resource?e%3D022255e42b9dfdc151a849999d0e7b7b%26utm_source%3Deurodad%26utm_medium%3Demail%26utm_campaign%3Dnewsletter_21_04_2022%26n%3D2&amp;source=gmail&amp;ust=1650639543746000&amp;usg=AOvVaw29i568lC6lVQtildnl4754\"><img decoding=\"async\" class=\"CToWUd\" src=\"https:\/\/ci6.googleusercontent.com\/proxy\/OADI8mYc-g5uQZkdTmhJu_aNBiRset08SuUjK_jZ_y0jy7USk_QRd6oKrADYVayZJtjj9yLFdo5LIW8btmjqs_OYkYnoMZs_DrHp7gbsdHO2aK4ZvuE9Gqa-zYY01qV-Hyfem_-gL87iphbcO-O7DV3qROAO4kWdIfKygjNszUU=s0-d-e1-ft#https:\/\/assets.nationbuilder.com\/eurodad\/mailings\/151\/attachments\/original\/img_newsletter_list.png?1650543671\" alt=\"\" width=\"500\" height=\"251\" \/><\/a><\/p>\n<p>La semana pasada, el FMI aprob\u00f3 la creaci\u00f3n del Fideicomiso de Resiliencia y Sostenibilidad (RST), que tiene como objetivo canalizar hasta $45 de los $650 mil millones de DEG asignados por el FMI en agosto de 2021. Un nuevo informe de Eurodad argumenta que el RST es un intento imperfecto de remediar la forma desigual en que se han distribuido los DEG y hace un balance de los l\u00edmites y oportunidades de recanalizar los DEG fuera del FMI.\u00a0En una carta conjunta de las OSC, tambi\u00e9n instamos al FMI y al G20 a asignar US$2,5 billones adicionales en DEG y tomar varias medidas para reformar los sistemas actuales y propuestos para recanalizarlos.<\/p>\n<p><a href=\"https:\/\/www.eurodad.org\/sdr_transformative_resource?e=022255e42b9dfdc151a849999d0e7b7b&amp;utm_source=eurodad&amp;utm_medium=email&amp;utm_campaign=newsletter_21_04_2022&amp;n=3\" target=\"_blank\" rel=\"noopener\" data-saferedirecturl=\"https:\/\/www.google.com\/url?q=https:\/\/www.eurodad.org\/sdr_transformative_resource?e%3D022255e42b9dfdc151a849999d0e7b7b%26utm_source%3Deurodad%26utm_medium%3Demail%26utm_campaign%3Dnewsletter_21_04_2022%26n%3D3&amp;source=gmail&amp;ust=1650639543746000&amp;usg=AOvVaw33xots3e7sqCZY6agNpdpI\">Lea nuestro nuevo informe aqu\u00ed.<\/a><\/p>\n<p><a href=\"https:\/\/www.eurodad.org\/more_fairer_sdr_distribution?e=022255e42b9dfdc151a849999d0e7b7b&amp;utm_source=eurodad&amp;utm_medium=email&amp;utm_campaign=newsletter_21_04_2022&amp;n=4\" target=\"_blank\" rel=\"noopener\" data-saferedirecturl=\"https:\/\/www.google.com\/url?q=https:\/\/www.eurodad.org\/more_fairer_sdr_distribution?e%3D022255e42b9dfdc151a849999d0e7b7b%26utm_source%3Deurodad%26utm_medium%3Demail%26utm_campaign%3Dnewsletter_21_04_2022%26n%3D4&amp;source=gmail&amp;ust=1650639543746000&amp;usg=AOvVaw2kQPR5eaY1cLwq3J02iCrp\">Lea la carta abierta a los ministros de finanzas del G20, los gobernadores de los bancos centrales y el FMI aqu\u00ed.\u00a0<\/a><\/p>\n<p><a href=\"https:\/\/www.eurodad.org\/open_letter_to_g20_finance_ministers_central_bank_governors_and_the_imf_civil_society_organisations_call_for_issuance_of_more_sdrs_and_fairer_distribution_ahead?e=022255e42b9dfdc151a849999d0e7b7b&amp;utm_source=eurodad&amp;utm_medium=email&amp;utm_campaign=newsletter_21_04_2022&amp;n=5\" target=\"_blank\" rel=\"noopener\" data-saferedirecturl=\"https:\/\/www.google.com\/url?q=https:\/\/www.eurodad.org\/open_letter_to_g20_finance_ministers_central_bank_governors_and_the_imf_civil_society_organisations_call_for_issuance_of_more_sdrs_and_fairer_distribution_ahead?e%3D022255e42b9dfdc151a849999d0e7b7b%26utm_source%3Deurodad%26utm_medium%3Demail%26utm_campaign%3Dnewsletter_21_04_2022%26n%3D5&amp;source=gmail&amp;ust=1650639543746000&amp;usg=AOvVaw3MQDWVH6SrLEmmEZKWkgS8\">Lea nuestro comunicado de prensa para la carta abierta aqu\u00ed.<\/a><\/p>\n<p>Para obtener m\u00e1s recursos sobre las Reuniones de primavera\/G20, consulte a continuaci\u00f3n.<\/p>\n<p>&nbsp;<\/p>\n<h1>Noticias y an\u00e1lisis<\/h1>\n<h2><a href=\"https:\/\/www.eurodad.org\/oda_figures_2021?e=022255e42b9dfdc151a849999d0e7b7b&amp;utm_source=eurodad&amp;utm_medium=email&amp;utm_campaign=newsletter_21_04_2022&amp;n=6\" target=\"_blank\" rel=\"noopener\" data-saferedirecturl=\"https:\/\/www.google.com\/url?q=https:\/\/www.eurodad.org\/oda_figures_2021?e%3D022255e42b9dfdc151a849999d0e7b7b%26utm_source%3Deurodad%26utm_medium%3Demail%26utm_campaign%3Dnewsletter_21_04_2022%26n%3D6&amp;source=gmail&amp;ust=1650639543746000&amp;usg=AOvVaw27nqHj43I00ISqcM7T-EVM\">El aumento de la ayuda exterior en 2021 sigue sin satisfacer las necesidades de las crisis mundiales<\/a><\/h2>\n<p>A pesar de que el gasto en AOD alcanz\u00f3 un m\u00e1ximo hist\u00f3rico, las donaciones de vacunas en exceso, los costos de los refugiados en el pa\u00eds, el uso de instrumentos del sector privado y el alivio de la deuda contin\u00faan inflando las cifras de ayuda.\u00a0Si se excluyen los costos de las vacunas, la AOD solo creci\u00f3 un 0,6 % en t\u00e9rminos reales en comparaci\u00f3n con 2020. Esto no alcanza los recursos necesarios para que los pa\u00edses aborden el enorme aumento de los niveles de pobreza mundial.<\/p>\n<p><a href=\"https:\/\/www.eurodad.org\/oda_figures_2021?e=022255e42b9dfdc151a849999d0e7b7b&amp;utm_source=eurodad&amp;utm_medium=email&amp;utm_campaign=newsletter_21_04_2022&amp;n=7\" target=\"_blank\" rel=\"noopener\" data-saferedirecturl=\"https:\/\/www.google.com\/url?q=https:\/\/www.eurodad.org\/oda_figures_2021?e%3D022255e42b9dfdc151a849999d0e7b7b%26utm_source%3Deurodad%26utm_medium%3Demail%26utm_campaign%3Dnewsletter_21_04_2022%26n%3D7&amp;source=gmail&amp;ust=1650639543746000&amp;usg=AOvVaw00_Z9afi7efgPOOoCkXV8B\">Lea el comunicado de prensa de Eurodad aqu\u00ed.<\/a><\/p>\n<p><a href=\"https:\/\/www.eurodad.org\/r?u=hXHkEYXdzc13bHONSbkp2dcx5GZ6-6Zj-RtOy9AcFrLt8Qq6eVcgm3pPjdDu1pnMLvYCfY_KcwUL1Qim5FNKW5FiJmiymd9wFcxGgTC1KkG4bbktVJtf4EDn5Wu7sFdic_vY0CfyZ2AMterp2T70EJLph1GxUkQb7GtFBHlOhtnwSC62SOv723fTmZX-D9U7&amp;e=022255e42b9dfdc151a849999d0e7b7b&amp;utm_source=eurodad&amp;utm_medium=email&amp;utm_campaign=newsletter_21_04_2022&amp;n=8\" target=\"_blank\" rel=\"noopener\" data-saferedirecturl=\"https:\/\/www.google.com\/url?q=https:\/\/www.eurodad.org\/r?u%3DhXHkEYXdzc13bHONSbkp2dcx5GZ6-6Zj-RtOy9AcFrLt8Qq6eVcgm3pPjdDu1pnMLvYCfY_KcwUL1Qim5FNKW5FiJmiymd9wFcxGgTC1KkG4bbktVJtf4EDn5Wu7sFdic_vY0CfyZ2AMterp2T70EJLph1GxUkQb7GtFBHlOhtnwSC62SOv723fTmZX-D9U7%26e%3D022255e42b9dfdc151a849999d0e7b7b%26utm_source%3Deurodad%26utm_medium%3Demail%26utm_campaign%3Dnewsletter_21_04_2022%26n%3D8&amp;source=gmail&amp;ust=1650639543746000&amp;usg=AOvVaw1RDGqzCOSSQDgCKVKWiPt-\">Lea la carta del grupo de referencia de las OSC al DAC aqu\u00ed.<\/a><\/p>\n<h2><a href=\"https:\/\/www.eurodad.org\/r?u=iQ5oMJapUCa0IHB5Ur10wa47K9d9EmGM_P6v01MT7hUDbu2RLnDM9ChWi8rMsrcbByNB0poeU3RDezZVzC-3LG3yyNJFaZjECIpVo8KdiOxqdjtJ6ioxQx1lB5uuQCBQmdV9HvR3LWUb2j0s0gu-vuYkcW_oMrjDe4C8D6Y1Cno&amp;e=022255e42b9dfdc151a849999d0e7b7b&amp;utm_source=eurodad&amp;utm_medium=email&amp;utm_campaign=newsletter_21_04_2022&amp;n=9\" target=\"_blank\" rel=\"noopener\" data-saferedirecturl=\"https:\/\/www.google.com\/url?q=https:\/\/www.eurodad.org\/r?u%3DiQ5oMJapUCa0IHB5Ur10wa47K9d9EmGM_P6v01MT7hUDbu2RLnDM9ChWi8rMsrcbByNB0poeU3RDezZVzC-3LG3yyNJFaZjECIpVo8KdiOxqdjtJ6ioxQx1lB5uuQCBQmdV9HvR3LWUb2j0s0gu-vuYkcW_oMrjDe4C8D6Y1Cno%26e%3D022255e42b9dfdc151a849999d0e7b7b%26utm_source%3Deurodad%26utm_medium%3Demail%26utm_campaign%3Dnewsletter_21_04_2022%26n%3D9&amp;source=gmail&amp;ust=1650639543747000&amp;usg=AOvVaw1SJflnKhTcXVKCcWiFAwuK\">El esquema emblem\u00e1tico de transparencia de pr\u00e9stamos obtiene informaci\u00f3n de solo dos bancos<\/a><\/h2>\n<p><em>por Campa\u00f1a de Deuda de Jubileo<\/em><\/p>\n<p>Solo dos bancos han divulgado informaci\u00f3n a trav\u00e9s del esquema insignia de transparencia de pr\u00e9stamos del Instituto de Finanzas Internacionales y la Organizaci\u00f3n para la Cooperaci\u00f3n y el Desarrollo Econ\u00f3micos.\u00a0Este es un resultado vergonzoso y demuestra que el enfoque voluntario ha fallado.<\/p>\n<p><a href=\"https:\/\/www.eurodad.org\/r?u=iQ5oMJapUCa0IHB5Ur10wa47K9d9EmGM_P6v01MT7hUDbu2RLnDM9ChWi8rMsrcbByNB0poeU3RDezZVzC-3LG3yyNJFaZjECIpVo8KdiOxqdjtJ6ioxQx1lB5uuQCBQmdV9HvR3LWUb2j0s0gu-vuYkcW_oMrjDe4C8D6Y1Cno&amp;e=022255e42b9dfdc151a849999d0e7b7b&amp;utm_source=eurodad&amp;utm_medium=email&amp;utm_campaign=newsletter_21_04_2022&amp;n=10\" target=\"_blank\" rel=\"noopener\" data-saferedirecturl=\"https:\/\/www.google.com\/url?q=https:\/\/www.eurodad.org\/r?u%3DiQ5oMJapUCa0IHB5Ur10wa47K9d9EmGM_P6v01MT7hUDbu2RLnDM9ChWi8rMsrcbByNB0poeU3RDezZVzC-3LG3yyNJFaZjECIpVo8KdiOxqdjtJ6ioxQx1lB5uuQCBQmdV9HvR3LWUb2j0s0gu-vuYkcW_oMrjDe4C8D6Y1Cno%26e%3D022255e42b9dfdc151a849999d0e7b7b%26utm_source%3Deurodad%26utm_medium%3Demail%26utm_campaign%3Dnewsletter_21_04_2022%26n%3D10&amp;source=gmail&amp;ust=1650639543747000&amp;usg=AOvVaw3VphpFTDJ5YtJLlpAN-uQl\">Lea el comunicado de prensa aqu\u00ed.<\/a><\/p>\n<p>&nbsp;<\/p>\n<h1>Recursos \u00fatiles<\/h1>\n<h3>Reuniones de Primavera \/ Recursos del G20<\/h3>\n<h2><a href=\"https:\/\/www.eurodad.org\/r?u=wLp8m_D3QQPwYN-gxhDqoTRorrlyp2YR2kud_IqmMt7yHR4-Kwy7UQfQdTcwzOZAE5-nk-gYyH5s1ohGjW2ET1rKV7JHTEYGwavCZO2EdvS94lxn3sj0nwjxuGEIEon_8ul07OPJrVFgBhsZwvRUxg&amp;e=022255e42b9dfdc151a849999d0e7b7b&amp;utm_source=eurodad&amp;utm_medium=email&amp;utm_campaign=newsletter_21_04_2022&amp;n=11\" target=\"_blank\" rel=\"noopener\" data-saferedirecturl=\"https:\/\/www.google.com\/url?q=https:\/\/www.eurodad.org\/r?u%3DwLp8m_D3QQPwYN-gxhDqoTRorrlyp2YR2kud_IqmMt7yHR4-Kwy7UQfQdTcwzOZAE5-nk-gYyH5s1ohGjW2ET1rKV7JHTEYGwavCZO2EdvS94lxn3sj0nwjxuGEIEon_8ul07OPJrVFgBhsZwvRUxg%26e%3D022255e42b9dfdc151a849999d0e7b7b%26utm_source%3Deurodad%26utm_medium%3Demail%26utm_campaign%3Dnewsletter_21_04_2022%26n%3D11&amp;source=gmail&amp;ust=1650639543747000&amp;usg=AOvVaw0GDbE28QNrP38OQrfd4VGi\">La ABEJA del Banco Mundial: Vino viejo en una botella nueva<\/a><\/h2>\n<p><em>publicado por Al Jazeera<\/em><\/p>\n<p>Lea este art\u00edculo de opini\u00f3n de nuestra Oficial Superior de Pol\u00edticas y Abogac\u00eda Chiara Mariotti, Flora Sonkin, Investigadora de Pol\u00edticas de la Sociedad para el Desarrollo Internacional (SID) y Bhumika Muchhala, Investigadora Superior de Pol\u00edticas de la Red del Tercer Mundo, sobre por qu\u00e9 el Proyecto de Entorno Propicio para las Empresas no es m\u00e1s que un cambio de marca del informe y las clasificaciones desacreditadas e ineficaces de Doing Business.<\/p>\n<p><a href=\"https:\/\/www.eurodad.org\/r?u=wLp8m_D3QQPwYN-gxhDqoTRorrlyp2YR2kud_IqmMt7yHR4-Kwy7UQfQdTcwzOZAE5-nk-gYyH5s1ohGjW2ET1rKV7JHTEYGwavCZO2EdvS94lxn3sj0nwjxuGEIEon_8ul07OPJrVFgBhsZwvRUxg&amp;e=022255e42b9dfdc151a849999d0e7b7b&amp;utm_source=eurodad&amp;utm_medium=email&amp;utm_campaign=newsletter_21_04_2022&amp;n=12\" target=\"_blank\" rel=\"noopener\" data-saferedirecturl=\"https:\/\/www.google.com\/url?q=https:\/\/www.eurodad.org\/r?u%3DwLp8m_D3QQPwYN-gxhDqoTRorrlyp2YR2kud_IqmMt7yHR4-Kwy7UQfQdTcwzOZAE5-nk-gYyH5s1ohGjW2ET1rKV7JHTEYGwavCZO2EdvS94lxn3sj0nwjxuGEIEon_8ul07OPJrVFgBhsZwvRUxg%26e%3D022255e42b9dfdc151a849999d0e7b7b%26utm_source%3Deurodad%26utm_medium%3Demail%26utm_campaign%3Dnewsletter_21_04_2022%26n%3D12&amp;source=gmail&amp;ust=1650639543747000&amp;usg=AOvVaw0Q4PNctqVr7Y2Hd5UB5bZD\">Lea el art\u00edculo de opini\u00f3n aqu\u00ed.<\/a><\/p>\n<h2><a href=\"https:\/\/www.eurodad.org\/cso_letter_on_the_worsening_of_debt_distress_in_low_and_middle_income_countries_and_the_role_of_the_private_sector?e=022255e42b9dfdc151a849999d0e7b7b&amp;utm_source=eurodad&amp;utm_medium=email&amp;utm_campaign=newsletter_21_04_2022&amp;n=13\" target=\"_blank\" rel=\"noopener\" data-saferedirecturl=\"https:\/\/www.google.com\/url?q=https:\/\/www.eurodad.org\/cso_letter_on_the_worsening_of_debt_distress_in_low_and_middle_income_countries_and_the_role_of_the_private_sector?e%3D022255e42b9dfdc151a849999d0e7b7b%26utm_source%3Deurodad%26utm_medium%3Demail%26utm_campaign%3Dnewsletter_21_04_2022%26n%3D13&amp;source=gmail&amp;ust=1650639543747000&amp;usg=AOvVaw3Z1qosI7bh_PB1tzpl65Vu\">Carta de las OSC sobre el empeoramiento del sobreendeudamiento en los pa\u00edses de ingresos bajos y medianos y el papel del sector privado<\/a><\/h2>\n<p>Una coalici\u00f3n de 34 OSC expres\u00f3 su preocupaci\u00f3n por el r\u00e1pido empeoramiento del sobreendeudamiento y las condiciones fiscales en muchos pa\u00edses de bajos y medianos ingresos.\u00a0Mientras tanto, los ciudadanos enfrentan presiones inflacionarias, as\u00ed como el impacto continuo de Covid-19, la guerra en Ucrania y la crisis clim\u00e1tica.\u00a0Esta carta fue enviada a los Ministros de Finanzas y Gobernadores de Bancos Centrales del G20, la presidencia de Indonesia, la Comisi\u00f3n Europea, el G24, el Centro del Sur y el Secretario General de la ONU.<\/p>\n<p><a href=\"https:\/\/www.eurodad.org\/cso_letter_on_the_worsening_of_debt_distress_in_low_and_middle_income_countries_and_the_role_of_the_private_sector?e=022255e42b9dfdc151a849999d0e7b7b&amp;utm_source=eurodad&amp;utm_medium=email&amp;utm_campaign=newsletter_21_04_2022&amp;n=14\" target=\"_blank\" rel=\"noopener\" data-saferedirecturl=\"https:\/\/www.google.com\/url?q=https:\/\/www.eurodad.org\/cso_letter_on_the_worsening_of_debt_distress_in_low_and_middle_income_countries_and_the_role_of_the_private_sector?e%3D022255e42b9dfdc151a849999d0e7b7b%26utm_source%3Deurodad%26utm_medium%3Demail%26utm_campaign%3Dnewsletter_21_04_2022%26n%3D14&amp;source=gmail&amp;ust=1650639543747000&amp;usg=AOvVaw3pqX8RNfMpwkvTSJFaF_vy\">Lea la carta aqu\u00ed.<\/a><\/p>\n<h2><a href=\"https:\/\/www.eurodad.org\/r?u=_BBf2zbtMoIUPlsGGX6y0KfZ-sxg9LnvvnyzINTAVwi0xc-y022Y7OsL5H3t-fQHJ4urw-WL__ftqzIBrvQx8zJq-39TpLKUpUp3NorKsNDpgUzdDo28QHSPATRVMetPDaoXBbfSEvqNTz-VraNQcUB4HLHuuEMcFXlFLY8ychU&amp;e=022255e42b9dfdc151a849999d0e7b7b&amp;utm_source=eurodad&amp;utm_medium=email&amp;utm_campaign=newsletter_21_04_2022&amp;n=15\" target=\"_blank\" rel=\"noopener\" data-saferedirecturl=\"https:\/\/www.google.com\/url?q=https:\/\/www.eurodad.org\/r?u%3D_BBf2zbtMoIUPlsGGX6y0KfZ-sxg9LnvvnyzINTAVwi0xc-y022Y7OsL5H3t-fQHJ4urw-WL__ftqzIBrvQx8zJq-39TpLKUpUp3NorKsNDpgUzdDo28QHSPATRVMetPDaoXBbfSEvqNTz-VraNQcUB4HLHuuEMcFXlFLY8ychU%26e%3D022255e42b9dfdc151a849999d0e7b7b%26utm_source%3Deurodad%26utm_medium%3Demail%26utm_campaign%3Dnewsletter_21_04_2022%26n%3D15&amp;source=gmail&amp;ust=1650639543747000&amp;usg=AOvVaw3Uqb1hEFyvwfJv3rJcq7vR\">El FMI debe abandonar las demandas de austeridad mientras la crisis del costo de vida aumenta el hambre y la pobreza en todo el mundo<\/a><\/h2>\n<p><em>por Oxfam Internacional<\/em><\/p>\n<p>El 87 por ciento de los pr\u00e9stamos COVID-19 del Fondo Monetario Internacional (FMI) requieren que los pa\u00edses en desarrollo adopten nuevas y duras medidas de austeridad que exacerbar\u00e1n a\u00fan m\u00e1s la pobreza y la desigualdad.\u00a0Esto afecta principalmente a quienes ya se les ha negado el acceso equitativo a las vacunas y se enfrentan a algunas de las peores crisis humanitarias del mundo.<\/p>\n<p><a href=\"https:\/\/www.eurodad.org\/r?u=_BBf2zbtMoIUPlsGGX6y0KfZ-sxg9LnvvnyzINTAVwi0xc-y022Y7OsL5H3t-fQHJ4urw-WL__ftqzIBrvQx8zJq-39TpLKUpUp3NorKsNDpgUzdDo28QHSPATRVMetPDaoXBbfSEvqNTz-VraNQcUB4HLHuuEMcFXlFLY8ychU&amp;e=022255e42b9dfdc151a849999d0e7b7b&amp;utm_source=eurodad&amp;utm_medium=email&amp;utm_campaign=newsletter_21_04_2022&amp;n=16\" target=\"_blank\" rel=\"noopener\" data-saferedirecturl=\"https:\/\/www.google.com\/url?q=https:\/\/www.eurodad.org\/r?u%3D_BBf2zbtMoIUPlsGGX6y0KfZ-sxg9LnvvnyzINTAVwi0xc-y022Y7OsL5H3t-fQHJ4urw-WL__ftqzIBrvQx8zJq-39TpLKUpUp3NorKsNDpgUzdDo28QHSPATRVMetPDaoXBbfSEvqNTz-VraNQcUB4HLHuuEMcFXlFLY8ychU%26e%3D022255e42b9dfdc151a849999d0e7b7b%26utm_source%3Deurodad%26utm_medium%3Demail%26utm_campaign%3Dnewsletter_21_04_2022%26n%3D16&amp;source=gmail&amp;ust=1650639543747000&amp;usg=AOvVaw2Q8HVoXoYymtVwG6bpc60L\">Lea el comunicado de prensa de Oxfam aqu\u00ed.<\/a><\/p>\n<p><a href=\"https:\/\/www.eurodad.org\/r?u=_BBf2zbtMoIUPlsGGX6y0GhLFUtBrcUXDj5qxrI6OkxFijhnIivJRaRvEpAWcDHI17sriHr4hqTlY4q6JS3Nx0wR7GS7g6aY2z60is8ZZAqbFe2m-HNq-kbdbFYIRsh3n6PQauaRjOpMhwMPl2vEhQ&amp;e=022255e42b9dfdc151a849999d0e7b7b&amp;utm_source=eurodad&amp;utm_medium=email&amp;utm_campaign=newsletter_21_04_2022&amp;n=17\" target=\"_blank\" rel=\"noopener\" data-saferedirecturl=\"https:\/\/www.google.com\/url?q=https:\/\/www.eurodad.org\/r?u%3D_BBf2zbtMoIUPlsGGX6y0GhLFUtBrcUXDj5qxrI6OkxFijhnIivJRaRvEpAWcDHI17sriHr4hqTlY4q6JS3Nx0wR7GS7g6aY2z60is8ZZAqbFe2m-HNq-kbdbFYIRsh3n6PQauaRjOpMhwMPl2vEhQ%26e%3D022255e42b9dfdc151a849999d0e7b7b%26utm_source%3Deurodad%26utm_medium%3Demail%26utm_campaign%3Dnewsletter_21_04_2022%26n%3D17&amp;source=gmail&amp;ust=1650639543747000&amp;usg=AOvVaw2j1SCHklSRJyKHmMlw0ocW\">Lea el an\u00e1lisis de Oxfam aqu\u00ed.<\/a><\/p>\n<h2><a href=\"https:\/\/www.eurodad.org\/r?u=PRT2IR_BlfGoh4tH3wGxc1BtdTAhWzDXngzKyeN4D4UWD7NpZhiRpOWbz8Mpfvua-Lz7x2kPXITl5tGQ-qVQ2B78_sYV10_pRL_WpHBuh79Bx4JsZ_pYXP-2rAFC6vy9mWZif7nekIh8A9GLv8yqYBUtSPX2R_3TBEU0XzsDN90McZaVBU8gRhHJaTUMvQDf&amp;e=022255e42b9dfdc151a849999d0e7b7b&amp;utm_source=eurodad&amp;utm_medium=email&amp;utm_campaign=newsletter_21_04_2022&amp;n=18\" target=\"_blank\" rel=\"noopener\" data-saferedirecturl=\"https:\/\/www.google.com\/url?q=https:\/\/www.eurodad.org\/r?u%3DPRT2IR_BlfGoh4tH3wGxc1BtdTAhWzDXngzKyeN4D4UWD7NpZhiRpOWbz8Mpfvua-Lz7x2kPXITl5tGQ-qVQ2B78_sYV10_pRL_WpHBuh79Bx4JsZ_pYXP-2rAFC6vy9mWZif7nekIh8A9GLv8yqYBUtSPX2R_3TBEU0XzsDN90McZaVBU8gRhHJaTUMvQDf%26e%3D022255e42b9dfdc151a849999d0e7b7b%26utm_source%3Deurodad%26utm_medium%3Demail%26utm_campaign%3Dnewsletter_21_04_2022%26n%3D18&amp;source=gmail&amp;ust=1650639543747000&amp;usg=AOvVaw03t9o3MOtZC_lO_lBdGhmY\">La sociedad civil pide un per\u00edodo de comentarios p\u00fablicos sobre la nueva nota de orientaci\u00f3n del FMI para el personal sobre supervisi\u00f3n<\/a><\/h2>\n<p><em>por Proyecto Bretton Woods<\/em><\/p>\n<p>Las organizaciones de la sociedad civil escribieron una carta abierta a la Directora Gerente del FMI, Kristalina Georgieva, y a la Directora del Departamento de Estrategia, Pol\u00edticas y Evaluaci\u00f3n, Ceyla Pazarbasioglu, solicitando su apoyo para un per\u00edodo de comentarios p\u00fablicos sobre una nueva nota de orientaci\u00f3n para el personal que guiar\u00e1 la Implementaci\u00f3n del FMI de su Revisi\u00f3n Integral de Vigilancia de 2021.<\/p>\n<p><a href=\"https:\/\/www.eurodad.org\/r?u=PRT2IR_BlfGoh4tH3wGxc1BtdTAhWzDXngzKyeN4D4UWD7NpZhiRpOWbz8Mpfvua-Lz7x2kPXITl5tGQ-qVQ2B78_sYV10_pRL_WpHBuh79Bx4JsZ_pYXP-2rAFC6vy9mWZif7nekIh8A9GLv8yqYBUtSPX2R_3TBEU0XzsDN90McZaVBU8gRhHJaTUMvQDf&amp;e=022255e42b9dfdc151a849999d0e7b7b&amp;utm_source=eurodad&amp;utm_medium=email&amp;utm_campaign=newsletter_21_04_2022&amp;n=19\" target=\"_blank\" rel=\"noopener\" data-saferedirecturl=\"https:\/\/www.google.com\/url?q=https:\/\/www.eurodad.org\/r?u%3DPRT2IR_BlfGoh4tH3wGxc1BtdTAhWzDXngzKyeN4D4UWD7NpZhiRpOWbz8Mpfvua-Lz7x2kPXITl5tGQ-qVQ2B78_sYV10_pRL_WpHBuh79Bx4JsZ_pYXP-2rAFC6vy9mWZif7nekIh8A9GLv8yqYBUtSPX2R_3TBEU0XzsDN90McZaVBU8gRhHJaTUMvQDf%26e%3D022255e42b9dfdc151a849999d0e7b7b%26utm_source%3Deurodad%26utm_medium%3Demail%26utm_campaign%3Dnewsletter_21_04_2022%26n%3D19&amp;source=gmail&amp;ust=1650639543747000&amp;usg=AOvVaw1vZkZ8CIU2T28_F2nLeHHk\">Lea la carta de la OSC aqu\u00ed.<\/a><\/p>\n<h2><a href=\"https:\/\/www.eurodad.org\/join_eurodad_and_partners_at_the_cspf_and_wbg_imf_spring_meetings?e=022255e42b9dfdc151a849999d0e7b7b&amp;utm_source=eurodad&amp;utm_medium=email&amp;utm_campaign=newsletter_21_04_2022&amp;n=20\" target=\"_blank\" rel=\"noopener\" data-saferedirecturl=\"https:\/\/www.google.com\/url?q=https:\/\/www.eurodad.org\/join_eurodad_and_partners_at_the_cspf_and_wbg_imf_spring_meetings?e%3D022255e42b9dfdc151a849999d0e7b7b%26utm_source%3Deurodad%26utm_medium%3Demail%26utm_campaign%3Dnewsletter_21_04_2022%26n%3D20&amp;source=gmail&amp;ust=1650639543747000&amp;usg=AOvVaw31mBDq1DiZtyNDkloz9-pT\">7-15 abril |\u00a0Eurodad y socios en las Reuniones de Primavera del GBM\/FMI<\/a><\/h2>\n<p>\u00a1Vuelva a ver las sesiones organizadas por Eurodad y sus socios en el Foro de Pol\u00edticas de la Sociedad Civil y el Grupo del Banco Mundial &#8211; Reuniones de Primavera del Fondo Monetario Internacional!<\/p>\n<p><a href=\"https:\/\/www.eurodad.org\/join_eurodad_and_partners_at_the_cspf_and_wbg_imf_spring_meetings?e=022255e42b9dfdc151a849999d0e7b7b&amp;utm_source=eurodad&amp;utm_medium=email&amp;utm_campaign=newsletter_21_04_2022&amp;n=21\" target=\"_blank\" rel=\"noopener\" data-saferedirecturl=\"https:\/\/www.google.com\/url?q=https:\/\/www.eurodad.org\/join_eurodad_and_partners_at_the_cspf_and_wbg_imf_spring_meetings?e%3D022255e42b9dfdc151a849999d0e7b7b%26utm_source%3Deurodad%26utm_medium%3Demail%26utm_campaign%3Dnewsletter_21_04_2022%26n%3D21&amp;source=gmail&amp;ust=1650639543747000&amp;usg=AOvVaw2Gg2_9cQTfltSt5Duq-Qcf\">Encuentra todas las sesiones aqu\u00ed.<\/a><\/p>\n<h2><a href=\"https:\/\/www.eurodad.org\/r?u=a-RI4TAralwymbBtSFh2DyKDfG0Ptv03feVdzXvMyIo&amp;e=022255e42b9dfdc151a849999d0e7b7b&amp;utm_source=eurodad&amp;utm_medium=email&amp;utm_campaign=newsletter_21_04_2022&amp;n=22\" target=\"_blank\" rel=\"noopener\" data-saferedirecturl=\"https:\/\/www.google.com\/url?q=https:\/\/www.eurodad.org\/r?u%3Da-RI4TAralwymbBtSFh2DyKDfG0Ptv03feVdzXvMyIo%26e%3D022255e42b9dfdc151a849999d0e7b7b%26utm_source%3Deurodad%26utm_medium%3Demail%26utm_campaign%3Dnewsletter_21_04_2022%26n%3D22&amp;source=gmail&amp;ust=1650639543747000&amp;usg=AOvVaw3tuxpc3waLWV-ANoI996wZ\">Base de datos de financiaci\u00f3n p\u00fablica para la energ\u00eda<\/a><\/h2>\n<p><em>por cambio de aceite internacional<\/em><\/p>\n<p>La base de datos de finanzas p\u00fablicas para energ\u00eda rastrea las finanzas internacionales para proyectos de energ\u00eda para que sea m\u00e1s f\u00e1cil responsabilizar a los gobiernos del G20 por estas inversiones influyentes.\u00a0Es la \u00fanica base de datos disponible p\u00fablicamente que rastrea las finanzas p\u00fablicas internacionales para la energ\u00eda en m\u00faltiples pa\u00edses.<\/p>\n<p><a href=\"https:\/\/www.eurodad.org\/r?u=a-RI4TAralwymbBtSFh2DyKDfG0Ptv03feVdzXvMyIo&amp;e=022255e42b9dfdc151a849999d0e7b7b&amp;utm_source=eurodad&amp;utm_medium=email&amp;utm_campaign=newsletter_21_04_2022&amp;n=23\" target=\"_blank\" rel=\"noopener\" data-saferedirecturl=\"https:\/\/www.google.com\/url?q=https:\/\/www.eurodad.org\/r?u%3Da-RI4TAralwymbBtSFh2DyKDfG0Ptv03feVdzXvMyIo%26e%3D022255e42b9dfdc151a849999d0e7b7b%26utm_source%3Deurodad%26utm_medium%3Demail%26utm_campaign%3Dnewsletter_21_04_2022%26n%3D23&amp;source=gmail&amp;ust=1650639543747000&amp;usg=AOvVaw3VdjTqViT8xWhznytgIzFN\">Echa un vistazo a la base de datos aqu\u00ed.<\/a><\/p>\n<p>&nbsp;<\/p>\n<h1>Puestos vacantes<\/h1>\n<h2><a href=\"https:\/\/www.eurodad.org\/r?u=fk3qs1mHicx9-w03tafB2G8vNGMp4KGcuuJPtVN2YhZkLw0qp0zDy7R6RH1G2HX3w1WbWZZq92I4pg_EHK-GC74ZHDoNVk9D9V7x3-0Sah1Ak-naYBhVRhgzumZCZQSBfoTMV100QKYxb8TwHcmGqZjUVOQN1t0ZER_VFJ5BE_VPRVLkj5K8vEf-Kjfn0aDZ&amp;e=022255e42b9dfdc151a849999d0e7b7b&amp;utm_source=eurodad&amp;utm_medium=email&amp;utm_campaign=newsletter_21_04_2022&amp;n=24\" target=\"_blank\" rel=\"noopener\" data-saferedirecturl=\"https:\/\/www.google.com\/url?q=https:\/\/www.eurodad.org\/r?u%3Dfk3qs1mHicx9-w03tafB2G8vNGMp4KGcuuJPtVN2YhZkLw0qp0zDy7R6RH1G2HX3w1WbWZZq92I4pg_EHK-GC74ZHDoNVk9D9V7x3-0Sah1Ak-naYBhVRhgzumZCZQSBfoTMV100QKYxb8TwHcmGqZjUVOQN1t0ZER_VFJ5BE_VPRVLkj5K8vEf-Kjfn0aDZ%26e%3D022255e42b9dfdc151a849999d0e7b7b%26utm_source%3Deurodad%26utm_medium%3Demail%26utm_campaign%3Dnewsletter_21_04_2022%26n%3D24&amp;source=gmail&amp;ust=1650639543747000&amp;usg=AOvVaw2EuAuwauVwFNH3NAubR0Ll\">Escritores de la plataforma \u00abDeep Dives\u00bb<\/a><\/h2>\n<p>Realidad de la Ayuda &#8211; Asia Pac\u00edfico (RoA-AP)|\u00a0Remoto |\u00a0Fecha l\u00edmite: 4 de mayo<\/p>\n<p>Reality of Aid &#8211; Asia Pacific est\u00e1 buscando dos escritores para contribuir a su plataforma Deep Dives, que busca informar a los miembros, actores del desarrollo y al p\u00fablico sobre datos basados en evidencia sobre la ayuda y la cooperaci\u00f3n para el desarrollo en la regi\u00f3n.<\/p>\n<p>&nbsp;<\/p>\n<h1>Eventos<\/h1>\n<h3><a href=\"https:\/\/www.eurodad.org\/eurodad_2022_conference?e=022255e42b9dfdc151a849999d0e7b7b&amp;utm_source=eurodad&amp;utm_medium=email&amp;utm_campaign=newsletter_21_04_2022&amp;n=25\" target=\"_blank\" rel=\"noopener\" data-saferedirecturl=\"https:\/\/www.google.com\/url?q=https:\/\/www.eurodad.org\/eurodad_2022_conference?e%3D022255e42b9dfdc151a849999d0e7b7b%26utm_source%3Deurodad%26utm_medium%3Demail%26utm_campaign%3Dnewsletter_21_04_2022%26n%3D25&amp;source=gmail&amp;ust=1650639543747000&amp;usg=AOvVaw28FraeLE5Y6TDdjAnE0VR2\"><img decoding=\"async\" class=\"CToWUd\" src=\"https:\/\/ci4.googleusercontent.com\/proxy\/ONx1WAlNUVUW5MatoKGaly7-JiIKjmWGcfA0QdQfPitce-gdWRODlfJkRfQgL1BTjmRS2WMmQMv-xKXsrj6Jtnp4v6KjWMh0m4HYmLljrAc9-Kg1fJGGVyW5InCKoOhy50VWUfDv8QaqjYEoFTCCHACilkVeRxonuQLq5ENTjL-rkeQbEtd6lviebTkF7j8XRA=s0-d-e1-ft#https:\/\/assets.nationbuilder.com\/eurodad\/mailings\/151\/attachments\/original\/conference-2022-digital-promo-images.jpg?1649257196\" alt=\"\" width=\"500\" height=\"281\" \/><\/a><\/h3>\n<h2><a href=\"https:\/\/www.eurodad.org\/eurodad_2022_conference?e=022255e42b9dfdc151a849999d0e7b7b&amp;utm_source=eurodad&amp;utm_medium=email&amp;utm_campaign=newsletter_21_04_2022&amp;n=26\" target=\"_blank\" rel=\"noopener\" data-saferedirecturl=\"https:\/\/www.google.com\/url?q=https:\/\/www.eurodad.org\/eurodad_2022_conference?e%3D022255e42b9dfdc151a849999d0e7b7b%26utm_source%3Deurodad%26utm_medium%3Demail%26utm_campaign%3Dnewsletter_21_04_2022%26n%3D26&amp;source=gmail&amp;ust=1650639543747000&amp;usg=AOvVaw3GRs4g32SQ8jqsKVWnENCl\">9-10 de junio |\u00a0Conferencia Eurodad 2022<\/a><\/h2>\n<p>La Conferencia de Eurodad, que tendr\u00e1 lugar en Bruselas los d\u00edas 9 y 10 de junio, reunir\u00e1 a nuestros miembros, aliados, socios y acad\u00e9micos afines en un entorno inspirador e interactivo.\u00a0Eurodad est\u00e1 convocando este espacio para que el movimiento de justicia econ\u00f3mica analice, elabore estrategias y organice.<\/p>\n<p><a href=\"https:\/\/www.eurodad.org\/eurodad_2022_conference?e=022255e42b9dfdc151a849999d0e7b7b&amp;utm_source=eurodad&amp;utm_medium=email&amp;utm_campaign=newsletter_21_04_2022&amp;n=27\" target=\"_blank\" rel=\"noopener\" data-saferedirecturl=\"https:\/\/www.google.com\/url?q=https:\/\/www.eurodad.org\/eurodad_2022_conference?e%3D022255e42b9dfdc151a849999d0e7b7b%26utm_source%3Deurodad%26utm_medium%3Demail%26utm_campaign%3Dnewsletter_21_04_2022%26n%3D27&amp;source=gmail&amp;ust=1650639543747000&amp;usg=AOvVaw0EeAeFsiV1A-r5R6tY7b40\">Las inscripciones anticipadas se ampl\u00edan hasta el 22 de\u00a0\u00a0abril a las 16:59 CEST.<\/a><\/p>\n<h2><a href=\"https:\/\/www.eurodad.org\/2022_financing_for_development_forum?e=022255e42b9dfdc151a849999d0e7b7b&amp;utm_source=eurodad&amp;utm_medium=email&amp;utm_campaign=newsletter_21_04_2022&amp;n=28\" target=\"_blank\" rel=\"noopener\" data-saferedirecturl=\"https:\/\/www.google.com\/url?q=https:\/\/www.eurodad.org\/2022_financing_for_development_forum?e%3D022255e42b9dfdc151a849999d0e7b7b%26utm_source%3Deurodad%26utm_medium%3Demail%26utm_campaign%3Dnewsletter_21_04_2022%26n%3D28&amp;source=gmail&amp;ust=1650639543747000&amp;usg=AOvVaw2iujoW50iQKYf1HuiwibZv\"><strong>25-28 de abril |\u00a0Foro de Financiamiento para el Desarrollo 2022: Sesiones y eventos paralelos a tener en cuenta<\/strong><\/a><\/h2>\n<p>El s\u00e9ptimo Foro de Financiamiento para el Desarrollo tendr\u00e1 lugar del 25 al 28 de abril.\u00a0\u00a1\u00danase a Eurodad y sus socios en las sesiones y eventos paralelos!<\/p>\n<h4>3-31 de mayo |\u00a0Capacitaci\u00f3n en Finanzas Clim\u00e1ticas<\/h4>\n<p>Obtenga m\u00e1s informaci\u00f3n sobre el financiamiento clim\u00e1tico y c\u00f3mo participar de manera m\u00e1s efectiva en la promoci\u00f3n y la pol\u00edtica clim\u00e1tica.\u00a0Reg\u00edstrese en nuestra serie de seminarios web sobre financiaci\u00f3n clim\u00e1tica que tendr\u00e1 lugar el martes a las 3:00 p. m. CEST durante todo mayo para desarrollar capacidades que se puedan compartir con los movimientos clim\u00e1ticos y de desarrollo nacionales.<\/p>\n<p><em>La informaci\u00f3n adicional estar\u00e1 disponible en nuestro sitio web a principios de la pr\u00f3xima semana.<\/em><\/p>\n","protected":false},"excerpt":{"rendered":"<p>Historia sobresaliente Derechos especiales de giro: \u00bfPuede la moneda de [&hellip;]<\/p>\n","protected":false},"author":1,"featured_media":8772,"comment_status":"open","ping_status":"open","sticky":false,"template":"","format":"standard","meta":{"_siteseo_robots_primary_cat":"","_joinchat":[],"footnotes":""},"categories":[46],"tags":[],"class_list":["post-8775","post","type-post","status-publish","format-standard","has-post-thumbnail","hentry","category-deuda"],"_links":{"self":[{"href":"https:\/\/cdes.org.ec\/webantigua\/wp-json\/wp\/v2\/posts\/8775","targetHints":{"allow":["GET"]}}],"collection":[{"href":"https:\/\/cdes.org.ec\/webantigua\/wp-json\/wp\/v2\/posts"}],"about":[{"href":"https:\/\/cdes.org.ec\/webantigua\/wp-json\/wp\/v2\/types\/post"}],"author":[{"embeddable":true,"href":"https:\/\/cdes.org.ec\/webantigua\/wp-json\/wp\/v2\/users\/1"}],"replies":[{"embeddable":true,"href":"https:\/\/cdes.org.ec\/webantigua\/wp-json\/wp\/v2\/comments?post=8775"}],"version-history":[{"count":3,"href":"https:\/\/cdes.org.ec\/webantigua\/wp-json\/wp\/v2\/posts\/8775\/revisions"}],"predecessor-version":[{"id":8781,"href":"https:\/\/cdes.org.ec\/webantigua\/wp-json\/wp\/v2\/posts\/8775\/revisions\/8781"}],"wp:featuredmedia":[{"embeddable":true,"href":"https:\/\/cdes.org.ec\/webantigua\/wp-json\/wp\/v2\/media\/8772"}],"wp:attachment":[{"href":"https:\/\/cdes.org.ec\/webantigua\/wp-json\/wp\/v2\/media?parent=8775"}],"wp:term":[{"taxonomy":"category","embeddable":true,"href":"https:\/\/cdes.org.ec\/webantigua\/wp-json\/wp\/v2\/categories?post=8775"},{"taxonomy":"post_tag","embeddable":true,"href":"https:\/\/cdes.org.ec\/webantigua\/wp-json\/wp\/v2\/tags?post=8775"}],"curies":[{"name":"wp","href":"https:\/\/api.w.org\/{rel}","templated":true}]}}