{"id":8794,"date":"2022-05-12T20:16:46","date_gmt":"2022-05-12T20:16:46","guid":{"rendered":"https:\/\/cdes.org.ec\/webantigua\/?p=8794"},"modified":"2022-05-12T20:25:29","modified_gmt":"2022-05-12T20:25:29","slug":"manifiesto-sobre-el-caso-furukawa-nunca-mas","status":"publish","type":"post","link":"https:\/\/cdes.org.ec\/webantigua\/manifiesto-sobre-el-caso-furukawa-nunca-mas\/","title":{"rendered":"MANIFIESTO SOBRE EL CASO FURUKAWA NUNCA M\u00c1S"},"content":{"rendered":"<p><em>Compartimos el manifiesto de los trabajadores y trabajadoras de Furukawa, presentado ante la Corte Constitucional.<\/em><\/p>\n<p><span style=\"font-weight: 400;\">Quito, 11 de mayo del 2022<\/span><\/p>\n<p><span style=\"font-weight: 400;\">Los sobrevivientes de esclavitud, afectados por la compa\u00f1\u00eda Furukawa Plantaciones C.A. del Ecuador, hoy gritamos con m\u00e1s fuerza: \u00a1basta!\u00a0<\/span><\/p>\n<p><span style=\"font-weight: 400;\">El d\u00eda de hoy se cumplen 7800 d\u00edas desde que denunciamos en al Estado nuestra violaci\u00f3n de derechos; y todav\u00eda no hemos accedido a la justicia y reparaci\u00f3n.<\/span><\/p>\n<p><span style=\"font-weight: 400;\">La situaci\u00f3n humanitaria de nuestras familias es cada vez m\u00e1s grave, afectados por la pandemia que ha profundizado las restricciones que tenemos para acceder a medios de subsistencia y enfrentando hostigamiento y criminalizaci\u00f3n por defender nuestros derechos. Cada d\u00eda crece el nivel de conflictividad entre las v\u00edctimas empobrecidas, y Furukawa. Esta compa\u00f1\u00eda poderosa, que ostenta enormes recursos para financiar su estrategia de presi\u00f3n pol\u00edtica, social y jur\u00eddica.<\/span><\/p>\n<p><span style=\"font-weight: 400;\">A pesar de haber ganado una acci\u00f3n de protecci\u00f3n a favor de las v\u00edctimas de esclavitud moderna y trabajo infantil, las medidas de reparaci\u00f3n nunca han llegado a ejecutarse, a excepci\u00f3n de unas disculpas p\u00fablicas del Ministerio de Trabajo. Estas\u00a0 simb\u00f3licamente reconocieron la violaci\u00f3n de nuestros derechos humanos. No obstante, la acci\u00f3n y omisi\u00f3n del Estado ecuatoriano han provocado que la empresa se reacomode. Parece que la estrategia es hacernos esperar hasta que muramos de cansancio o sucumbamos a la desesperanza.<\/span><\/p>\n<p><span style=\"font-weight: 400;\">\u00a1Pero Furukawa y los funcionarios p\u00fablicos c\u00f3mplices sepan que se equivocan! Hoy nosotros venimos m\u00e1s convencidos que nunca para reafirmar nuestra lucha y le decimos al Estado que no permitiremos que los cr\u00edmenes de Furukawa queden en la impunidad\u2026 Por nuestros derechos y por la dignidad de un pa\u00eds que ha sido testigo de la terrible situaci\u00f3n del sistema de justicia ecuatoriano que no ha podido garantizar el acceso a la justicia: Furukawa Nunca M\u00e1s!!!<\/span><\/p>\n<p><span style=\"font-weight: 400;\">Hemos cumplido pacientemente con nuestra defensa en el debido proceso. Todas las instancias se han agotado, ahora solo nos queda pedir p\u00fablicamente ala Corte Constitucional que fije hora y fecha para nuestra audiencia que debe resolver la reparaci\u00f3n de los derechos humanos violados por las peores formas de explotaci\u00f3n laboral an\u00e1logas a la esclavitud que han ocurrido impunemente en el Ecuador.\u00a0<\/span><\/p>\n<p><span style=\"font-weight: 400;\">As\u00ed mismo, solicitamos que el d\u00eda de hoy nos reciban en la Corte Constitucional para ser escuchados y escuchadas. No nos iremos de las instalaciones de la Corte hasta que seamos atendidos. Hemos esperado suficiente y, por la grave situaci\u00f3n que atravesamos, necesitamos con urgencia que nuestras justas demandas sean recibidas.<\/span><\/p>\n<p><span style=\"font-weight: 400;\">Sabemos y sentimos que tenemos la raz\u00f3n. La esclavitud no se tolera. \u00a1La violaci\u00f3n de derechos humanos se repara! Nos mantendremos en resistencia, m\u00e1s activos y activas que nunca.<\/span><\/p>\n<p><span style=\"font-weight: 400;\">\u00a1Por justicia y reparaci\u00f3n! \u00a1Furukawa Nunca M\u00e1s!<\/span><\/p>\n","protected":false},"excerpt":{"rendered":"<p>Compartimos el manifiesto de los trabajadores y trabajadoras de Furukawa, [&hellip;]<\/p>\n","protected":false},"author":1,"featured_media":8795,"comment_status":"open","ping_status":"open","sticky":false,"template":"","format":"standard","meta":{"_siteseo_robots_primary_cat":"","_joinchat":[],"footnotes":""},"categories":[6,52,87],"tags":[],"class_list":["post-8794","post","type-post","status-publish","format-standard","has-post-thumbnail","hentry","category-campesino","category-trabajo","category-home-slider"],"_links":{"self":[{"href":"https:\/\/cdes.org.ec\/webantigua\/wp-json\/wp\/v2\/posts\/8794","targetHints":{"allow":["GET"]}}],"collection":[{"href":"https:\/\/cdes.org.ec\/webantigua\/wp-json\/wp\/v2\/posts"}],"about":[{"href":"https:\/\/cdes.org.ec\/webantigua\/wp-json\/wp\/v2\/types\/post"}],"author":[{"embeddable":true,"href":"https:\/\/cdes.org.ec\/webantigua\/wp-json\/wp\/v2\/users\/1"}],"replies":[{"embeddable":true,"href":"https:\/\/cdes.org.ec\/webantigua\/wp-json\/wp\/v2\/comments?post=8794"}],"version-history":[{"count":2,"href":"https:\/\/cdes.org.ec\/webantigua\/wp-json\/wp\/v2\/posts\/8794\/revisions"}],"predecessor-version":[{"id":8797,"href":"https:\/\/cdes.org.ec\/webantigua\/wp-json\/wp\/v2\/posts\/8794\/revisions\/8797"}],"wp:featuredmedia":[{"embeddable":true,"href":"https:\/\/cdes.org.ec\/webantigua\/wp-json\/wp\/v2\/media\/8795"}],"wp:attachment":[{"href":"https:\/\/cdes.org.ec\/webantigua\/wp-json\/wp\/v2\/media?parent=8794"}],"wp:term":[{"taxonomy":"category","embeddable":true,"href":"https:\/\/cdes.org.ec\/webantigua\/wp-json\/wp\/v2\/categories?post=8794"},{"taxonomy":"post_tag","embeddable":true,"href":"https:\/\/cdes.org.ec\/webantigua\/wp-json\/wp\/v2\/tags?post=8794"}],"curies":[{"name":"wp","href":"https:\/\/api.w.org\/{rel}","templated":true}]}}