{"id":8799,"date":"2022-05-19T14:41:15","date_gmt":"2022-05-19T14:41:15","guid":{"rendered":"https:\/\/cdes.org.ec\/webantigua\/?p=8799"},"modified":"2022-05-19T17:08:29","modified_gmt":"2022-05-19T17:08:29","slug":"intercambio-de-experiencias-y-buenas-practicas-entre-promotoras-evento-internacional","status":"publish","type":"post","link":"https:\/\/cdes.org.ec\/webantigua\/intercambio-de-experiencias-y-buenas-practicas-entre-promotoras-evento-internacional\/","title":{"rendered":"INTERCAMBIO DE EXPERIENCIAS Y BUENAS PR\u00c1CTICAS ENTRE PROMOTORAS, EVENTO INTERNACIONAL"},"content":{"rendered":"<p>Este 18 de mayo se desarroll\u00f3 un encuentro entre Promotoras de Derechos de cinco pa\u00edses, al cual asistieron:\u00a0 las Promotoras Legales Populares de la Uni\u00f3n de Mujeres del Municipio de Sao Paulo \u2013 Brasil; las Promotoras Comunitarias Yanapasi\u00f1ami de El Alto \u2013 Bolivia; las Promotoras del Grupo Elite Mujeres cuidando Mujeres de la Municipalidad de la Victoria, Lima \u2013 Per\u00fa; las Promotoras de prevenci\u00f3n de la violencia PROGEN de la Provincia de Misiones \u2013 Argentina; Red de Orientadoras de los Derechos de las Mujeres de Guayaquil y las Promotoras por el Derechos a una Vida Libre de Violencia de la Provincia de Pichincha.<\/p>\n<p>Este evento se realiz\u00f3 con el objetivo de conocer el trabajo que se est\u00e1 realizando con proyectos similares al que tiene la Prefectura de Pichincha conjuntamente con el CDES hace un a\u00f1o y medio desde que se conform\u00f3 el primer grupo de Promotoras; as\u00ed como tambi\u00e9n aprender de su labor por la promoci\u00f3n de los derechos de las mujeres, prevenci\u00f3n y eliminaci\u00f3n de la violencia de g\u00e9nero y sus diferentes mecanismos para realizar acciones de exigibilidad frente a derechos vulnerados.<\/p>\n<div id=\"attachment_8801\" style=\"width: 466px\" class=\"wp-caption alignnone\"><img decoding=\"async\" aria-describedby=\"caption-attachment-8801\" class=\"wp-image-8801 \" src=\"https:\/\/cdes.org.ec\/webantigua\/wp-content\/uploads\/2022\/05\/Captura1-300x163.png\" alt=\"\" width=\"456\" height=\"248\" srcset=\"https:\/\/cdes.org.ec\/webantigua\/wp-content\/uploads\/2022\/05\/Captura1-200x109.png 200w, https:\/\/cdes.org.ec\/webantigua\/wp-content\/uploads\/2022\/05\/Captura1-300x163.png 300w, https:\/\/cdes.org.ec\/webantigua\/wp-content\/uploads\/2022\/05\/Captura1-400x217.png 400w, https:\/\/cdes.org.ec\/webantigua\/wp-content\/uploads\/2022\/05\/Captura1-600x326.png 600w, https:\/\/cdes.org.ec\/webantigua\/wp-content\/uploads\/2022\/05\/Captura1-768x417.png 768w, https:\/\/cdes.org.ec\/webantigua\/wp-content\/uploads\/2022\/05\/Captura1-800x434.png 800w, https:\/\/cdes.org.ec\/webantigua\/wp-content\/uploads\/2022\/05\/Captura1-1024x556.png 1024w, https:\/\/cdes.org.ec\/webantigua\/wp-content\/uploads\/2022\/05\/Captura1-1200x651.png 1200w, https:\/\/cdes.org.ec\/webantigua\/wp-content\/uploads\/2022\/05\/Captura1-1536x834.png 1536w, https:\/\/cdes.org.ec\/webantigua\/wp-content\/uploads\/2022\/05\/Captura1.png 1920w\" sizes=\"(max-width: 456px) 100vw, 456px\" \/><p id=\"caption-attachment-8801\" class=\"wp-caption-text\">Marilia Kayano, Coordinadora del Proyecto Promotoras Legales Populares de la Uni\u00f3n de Mujeres del Municipio de Sao Paulo.<\/p><\/div>\n<p>Se pudo conocer adem\u00e1s el camino que han recorrido desde su nacimiento, cuales han sido los obst\u00e1culos que se les han presentado y como a pesar de estos obst\u00e1culos han seguido luchando por sus derechos y los derechos de m\u00e1s mujeres.<\/p>\n<div id=\"attachment_8802\" style=\"width: 465px\" class=\"wp-caption alignnone\"><a href=\"https:\/\/cdes.org.ec\/webantigua\/wp-content\/uploads\/2022\/05\/Captura9.png\"><img decoding=\"async\" aria-describedby=\"caption-attachment-8802\" class=\"wp-image-8802 \" src=\"https:\/\/cdes.org.ec\/webantigua\/wp-content\/uploads\/2022\/05\/Captura9-300x163.png\" alt=\"\" width=\"455\" height=\"247\" srcset=\"https:\/\/cdes.org.ec\/webantigua\/wp-content\/uploads\/2022\/05\/Captura9-200x109.png 200w, https:\/\/cdes.org.ec\/webantigua\/wp-content\/uploads\/2022\/05\/Captura9-300x163.png 300w, https:\/\/cdes.org.ec\/webantigua\/wp-content\/uploads\/2022\/05\/Captura9-400x218.png 400w, https:\/\/cdes.org.ec\/webantigua\/wp-content\/uploads\/2022\/05\/Captura9-600x326.png 600w, https:\/\/cdes.org.ec\/webantigua\/wp-content\/uploads\/2022\/05\/Captura9-768x418.png 768w, https:\/\/cdes.org.ec\/webantigua\/wp-content\/uploads\/2022\/05\/Captura9-800x435.png 800w, https:\/\/cdes.org.ec\/webantigua\/wp-content\/uploads\/2022\/05\/Captura9-1024x557.png 1024w, https:\/\/cdes.org.ec\/webantigua\/wp-content\/uploads\/2022\/05\/Captura9-1200x653.png 1200w, https:\/\/cdes.org.ec\/webantigua\/wp-content\/uploads\/2022\/05\/Captura9-1536x835.png 1536w, https:\/\/cdes.org.ec\/webantigua\/wp-content\/uploads\/2022\/05\/Captura9.png 1918w\" sizes=\"(max-width: 455px) 100vw, 455px\" \/><\/a><p id=\"caption-attachment-8802\" class=\"wp-caption-text\">Cecilia S\u00e1nchez, Red de Orientadoras de los Derechos de las Mujeres de Guayaquil.<\/p><\/div>\n<p>Teodora Alc\u00f3n presidenta de las Promotoras Comunitarias Yanapasi\u00f1ami mencion\u00f3 que en Bolivia este proceso se inici\u00f3 hace m\u00e1s de 15 a\u00f1os, las Promotoras Comunitarias fueron parte adem\u00e1s de la elaboraci\u00f3n de la ley 348, en su art\u00edculo 29 se reconoce como promotoras comunitarias a todas las mujeres que desean ser voluntarias para poder defender y luchar contra la violencia machista.<\/p>\n<p>Por su parte Alba Gonz\u00e1lez Promotora Territorial del colectivo de mujeres PROGEN en Argentina coment\u00f3: \u00abmuchas veces nosotras no nos cuestionamos, actu\u00e1bamos en consecuencia de la cultura machista patriarcal, el PROGEN vino a transformarnos y tambi\u00e9n a nuestras familias, barrios nuestras vecinas, nuestras amigas y sobre todo vivir una vida libre de violencia\u201d<\/p>\n<p>Jennifer Zambrano Promotora por el Derechos a una vida Libre de Violencia de la provincia de Pichincha mencion\u00f3 que gracias al proyecto que llevan conjuntamente el CDES y la Prefectura de Pichincha han podido capacitarse e impartir estos conocimientos a m\u00e1s mujeres, pero que el camino es largo a\u00fan y est\u00e1n dispuestas a seguir con firmeza en el proceso.<\/p>\n<p>El tiempo result\u00f3 corto para poder compartir todas las experiencias de las Promotoras de la Regi\u00f3n, pero esperamos que este sea el primer encuentro de muchos, ya que toda la informaci\u00f3n compartida nos brinda un horizonte esperanzador para el camino que falta recorrer.<\/p>\n<p>El compromiso de luchar por el derecho a una vida libre de violencia est\u00e1 latente y avanza por toda la Regi\u00f3n.<\/p>\n","protected":false},"excerpt":{"rendered":"<p>Este 18 de mayo se desarroll\u00f3 un encuentro entre Promotoras [&hellip;]<\/p>\n","protected":false},"author":1,"featured_media":8800,"comment_status":"open","ping_status":"open","sticky":false,"template":"","format":"standard","meta":{"_siteseo_robots_primary_cat":"","_joinchat":[],"footnotes":""},"categories":[87,16],"tags":[],"class_list":["post-8799","post","type-post","status-publish","format-standard","has-post-thumbnail","hentry","category-home-slider","category-mujeres-indigenas"],"_links":{"self":[{"href":"https:\/\/cdes.org.ec\/webantigua\/wp-json\/wp\/v2\/posts\/8799","targetHints":{"allow":["GET"]}}],"collection":[{"href":"https:\/\/cdes.org.ec\/webantigua\/wp-json\/wp\/v2\/posts"}],"about":[{"href":"https:\/\/cdes.org.ec\/webantigua\/wp-json\/wp\/v2\/types\/post"}],"author":[{"embeddable":true,"href":"https:\/\/cdes.org.ec\/webantigua\/wp-json\/wp\/v2\/users\/1"}],"replies":[{"embeddable":true,"href":"https:\/\/cdes.org.ec\/webantigua\/wp-json\/wp\/v2\/comments?post=8799"}],"version-history":[{"count":4,"href":"https:\/\/cdes.org.ec\/webantigua\/wp-json\/wp\/v2\/posts\/8799\/revisions"}],"predecessor-version":[{"id":8806,"href":"https:\/\/cdes.org.ec\/webantigua\/wp-json\/wp\/v2\/posts\/8799\/revisions\/8806"}],"wp:featuredmedia":[{"embeddable":true,"href":"https:\/\/cdes.org.ec\/webantigua\/wp-json\/wp\/v2\/media\/8800"}],"wp:attachment":[{"href":"https:\/\/cdes.org.ec\/webantigua\/wp-json\/wp\/v2\/media?parent=8799"}],"wp:term":[{"taxonomy":"category","embeddable":true,"href":"https:\/\/cdes.org.ec\/webantigua\/wp-json\/wp\/v2\/categories?post=8799"},{"taxonomy":"post_tag","embeddable":true,"href":"https:\/\/cdes.org.ec\/webantigua\/wp-json\/wp\/v2\/tags?post=8799"}],"curies":[{"name":"wp","href":"https:\/\/api.w.org\/{rel}","templated":true}]}}