{"id":8841,"date":"2022-06-07T16:28:14","date_gmt":"2022-06-07T16:28:14","guid":{"rendered":"https:\/\/cdes.org.ec\/webantigua\/?p=8841"},"modified":"2023-10-19T20:04:49","modified_gmt":"2023-10-19T20:04:49","slug":"gestion-de-deuda","status":"publish","type":"post","link":"https:\/\/cdes.org.ec\/webantigua\/gestion-de-deuda\/","title":{"rendered":"Gesti\u00f3n de Deuda"},"content":{"rendered":"<h3>Contenido<\/h3>\n<p><a href=\"#_Toc70888269\">Gesti\u00f3n de la deuda<\/a><\/p>\n<p><a href=\"#_Toc70888270\">Gobernanza general y espacio civil a nivel nacional<\/a><\/p>\n<p><a href=\"#_Toc70888271\">Referencias<\/a><\/p>\n<h1><strong>Gesti\u00f3n de la deuda<\/strong><\/h1>\n<ul>\n<li><em>\u00bfCu\u00e1l es el impacto de la gesti\u00f3n de la deuda en el avance de los derechos humanos y la Agenda 2030?<\/em><\/li>\n<\/ul>\n<p>El pago de la deuda p\u00fablica creci\u00f3 de manera significativa, comprometiendo importantes recursos fiscales y reservas internacionales que podr\u00edan emplearse en otros usos para garantizar los servicios p\u00fablicos y la estabilidad econ\u00f3mica y social del pa\u00eds. Entre 2009 y 2020, el servicio de la deuda externa pas\u00f3 de $810 a $3.576 millones; as\u00ed mismo, el servicio de la deuda interna pas\u00f3 de $477 a $3.155 millones. Es decir, los pagos de la deuda interna crecieron 55% en promedio anual; y los pagos de la externa 37% en promedio anual.<\/p>\n<h3>Servicio de la deuda p\u00fablica y gasto social del gobierno central en millones<\/h3>\n<div id=\"attachment_8854\" style=\"width: 591px\" class=\"wp-caption alignnone\"><a href=\"https:\/\/cdes.org.ec\/webantigua\/wp-content\/uploads\/2022\/06\/4.3.png\"><img decoding=\"async\" aria-describedby=\"caption-attachment-8854\" class=\"wp-image-8854\" src=\"https:\/\/cdes.org.ec\/webantigua\/wp-content\/uploads\/2022\/06\/4.3-300x174.png\" alt=\"\" width=\"581\" height=\"337\" srcset=\"https:\/\/cdes.org.ec\/webantigua\/wp-content\/uploads\/2022\/06\/4.3-200x116.png 200w, https:\/\/cdes.org.ec\/webantigua\/wp-content\/uploads\/2022\/06\/4.3-300x174.png 300w, https:\/\/cdes.org.ec\/webantigua\/wp-content\/uploads\/2022\/06\/4.3-400x232.png 400w, https:\/\/cdes.org.ec\/webantigua\/wp-content\/uploads\/2022\/06\/4.3-600x348.png 600w, https:\/\/cdes.org.ec\/webantigua\/wp-content\/uploads\/2022\/06\/4.3-768x446.png 768w, https:\/\/cdes.org.ec\/webantigua\/wp-content\/uploads\/2022\/06\/4.3-800x465.png 800w, https:\/\/cdes.org.ec\/webantigua\/wp-content\/uploads\/2022\/06\/4.3-1024x595.png 1024w, https:\/\/cdes.org.ec\/webantigua\/wp-content\/uploads\/2022\/06\/4.3.png 1033w\" sizes=\"(max-width: 581px) 100vw, 581px\" \/><\/a><p id=\"caption-attachment-8854\" class=\"wp-caption-text\">Fuente: CDES con informaci\u00f3n del BCE (Informaci\u00f3n Estad\u00edstica Mensual No. 2029, 1969, 1967 \u2013 IEM-243). Disponible en: https:\/\/contenido.bce.fin.ec\/home1\/estadisticas\/bolmensual\/IEMensual.jsp * Los valores de amortizaciones e intereses difieren de los registrados en la balanza de pagos; en \u00e9sta no se incluye pagos o refinanciamientos anteriores.<\/p><\/div>\n<p>As\u00ed mismo, mientras el total del servicio de la deuda creci\u00f3 44% anual, entre 2009 y 2020, el gasto social (educaci\u00f3n, cultural, salud y desarrollo comunitario) solamente creci\u00f3 13% en promedio por a\u00f1o. En principio el gasto social era considerablemente superior al pago de la deuda, solamente desde el a\u00f1o 2014 la situaci\u00f3n se revirti\u00f3. En el \u00faltimo a\u00f1o el gasto social alcanz\u00f3 $5.731 millones y el servicio de la deuda $6.731 millones.<\/p>\n<h3>Servicio de la deuda p\u00fablica total y gasto social del gobierno central en millones<\/h3>\n<div id=\"attachment_8855\" style=\"width: 618px\" class=\"wp-caption alignnone\"><a href=\"https:\/\/cdes.org.ec\/webantigua\/wp-content\/uploads\/2022\/06\/2.3.png\"><img decoding=\"async\" aria-describedby=\"caption-attachment-8855\" class=\"wp-image-8855\" src=\"https:\/\/cdes.org.ec\/webantigua\/wp-content\/uploads\/2022\/06\/2.3-300x181.png\" alt=\"\" width=\"608\" height=\"367\" srcset=\"https:\/\/cdes.org.ec\/webantigua\/wp-content\/uploads\/2022\/06\/2.3-200x121.png 200w, https:\/\/cdes.org.ec\/webantigua\/wp-content\/uploads\/2022\/06\/2.3-300x181.png 300w, https:\/\/cdes.org.ec\/webantigua\/wp-content\/uploads\/2022\/06\/2.3-400x241.png 400w, https:\/\/cdes.org.ec\/webantigua\/wp-content\/uploads\/2022\/06\/2.3-600x362.png 600w, https:\/\/cdes.org.ec\/webantigua\/wp-content\/uploads\/2022\/06\/2.3-768x463.png 768w, https:\/\/cdes.org.ec\/webantigua\/wp-content\/uploads\/2022\/06\/2.3-800x483.png 800w, https:\/\/cdes.org.ec\/webantigua\/wp-content\/uploads\/2022\/06\/2.3-1024x618.png 1024w, https:\/\/cdes.org.ec\/webantigua\/wp-content\/uploads\/2022\/06\/2.3.png 1124w\" sizes=\"(max-width: 608px) 100vw, 608px\" \/><\/a><p id=\"caption-attachment-8855\" class=\"wp-caption-text\">Fuente: CDES con informaci\u00f3n del BCE (Informaci\u00f3n Estad\u00edstica Mensual No. 2029, 1969, 1967 \u2013 IEM-243). Disponible en: https:\/\/contenido.bce.fin.ec\/home1\/estadisticas\/bolmensual\/IEMensual.jsp * Los valores de amortizaciones e intereses difieren de los registrados en la balanza de pagos; en \u00e9sta no se incluye pagos o refinanciamientos anteriores.<\/p><\/div>\n<p>En realidad, entre 2009 y 2020, todos los sectores del gasto del gobierno central crecieron menos r\u00e1pido que los pagos por deuda. El sector que menos creci\u00f3 fue el relacionado a la infraestructura vial (2%) y desarrollo agropecuario (5%). Pero tampoco hubo un crecimiento sostenido en educaci\u00f3n (10%), salud (18%) y servicios generales (11%).<\/p>\n<h3>Tasa de variaci\u00f3n del gasto del gobierno central por sectores y servicio de la deuda entre 2009 y 2020<\/h3>\n<div id=\"attachment_8856\" style=\"width: 623px\" class=\"wp-caption alignnone\"><a href=\"https:\/\/cdes.org.ec\/webantigua\/wp-content\/uploads\/2022\/06\/3.3.png\"><img decoding=\"async\" aria-describedby=\"caption-attachment-8856\" class=\"wp-image-8856\" src=\"https:\/\/cdes.org.ec\/webantigua\/wp-content\/uploads\/2022\/06\/3.3-300x136.png\" alt=\"\" width=\"613\" height=\"278\" srcset=\"https:\/\/cdes.org.ec\/webantigua\/wp-content\/uploads\/2022\/06\/3.3-200x90.png 200w, https:\/\/cdes.org.ec\/webantigua\/wp-content\/uploads\/2022\/06\/3.3-300x136.png 300w, https:\/\/cdes.org.ec\/webantigua\/wp-content\/uploads\/2022\/06\/3.3-400x181.png 400w, https:\/\/cdes.org.ec\/webantigua\/wp-content\/uploads\/2022\/06\/3.3-600x271.png 600w, https:\/\/cdes.org.ec\/webantigua\/wp-content\/uploads\/2022\/06\/3.3-768x347.png 768w, https:\/\/cdes.org.ec\/webantigua\/wp-content\/uploads\/2022\/06\/3.3-800x361.png 800w, https:\/\/cdes.org.ec\/webantigua\/wp-content\/uploads\/2022\/06\/3.3-1024x463.png 1024w, https:\/\/cdes.org.ec\/webantigua\/wp-content\/uploads\/2022\/06\/3.3-1200x542.png 1200w, https:\/\/cdes.org.ec\/webantigua\/wp-content\/uploads\/2022\/06\/3.3.png 1246w\" sizes=\"(max-width: 613px) 100vw, 613px\" \/><\/a><p id=\"caption-attachment-8856\" class=\"wp-caption-text\">Fuente: CDES con informaci\u00f3n del BCE<\/p><\/div>\n<p>En los \u00faltimos dos a\u00f1os se ha profundizado esta tendencia de desproporci\u00f3n en el peso de la deuda en comparaci\u00f3n con el gasto p\u00fablico en otros sectores. Preocupa particularmente el gasto en salud y educaci\u00f3n que han decrecido en plena pandemia. Sin embargo, el pago del servicio de la deuda experiment\u00f3 un decrecimiento del -28% como resultado de un proceso de restructuraci\u00f3n de los compromisos con acreedores privados<a href=\"#_ftn1\" name=\"_ftnref1\">[1]<\/a>, en los pr\u00f3ximos a\u00f1os se puede esperar un crecimiento de los pagos futuros de deuda (como veremos m\u00e1s adelante).<\/p>\n<h3>Tasa de variaci\u00f3n anual del gasto por sectores y servicio de la deuda<\/h3>\n<div id=\"attachment_8858\" style=\"width: 637px\" class=\"wp-caption alignnone\"><a href=\"https:\/\/cdes.org.ec\/webantigua\/wp-content\/uploads\/2022\/06\/Captura4.3.png\"><img decoding=\"async\" aria-describedby=\"caption-attachment-8858\" class=\"wp-image-8858\" src=\"https:\/\/cdes.org.ec\/webantigua\/wp-content\/uploads\/2022\/06\/Captura4.3-300x122.png\" alt=\"\" width=\"627\" height=\"255\" srcset=\"https:\/\/cdes.org.ec\/webantigua\/wp-content\/uploads\/2022\/06\/Captura4.3-200x81.png 200w, https:\/\/cdes.org.ec\/webantigua\/wp-content\/uploads\/2022\/06\/Captura4.3-300x122.png 300w, https:\/\/cdes.org.ec\/webantigua\/wp-content\/uploads\/2022\/06\/Captura4.3-400x162.png 400w, https:\/\/cdes.org.ec\/webantigua\/wp-content\/uploads\/2022\/06\/Captura4.3-600x244.png 600w, https:\/\/cdes.org.ec\/webantigua\/wp-content\/uploads\/2022\/06\/Captura4.3-669x272.png 669w, https:\/\/cdes.org.ec\/webantigua\/wp-content\/uploads\/2022\/06\/Captura4.3-768x312.png 768w, https:\/\/cdes.org.ec\/webantigua\/wp-content\/uploads\/2022\/06\/Captura4.3-800x325.png 800w, https:\/\/cdes.org.ec\/webantigua\/wp-content\/uploads\/2022\/06\/Captura4.3-1024x416.png 1024w, https:\/\/cdes.org.ec\/webantigua\/wp-content\/uploads\/2022\/06\/Captura4.3-1200x487.png 1200w, https:\/\/cdes.org.ec\/webantigua\/wp-content\/uploads\/2022\/06\/Captura4.3.png 1298w\" sizes=\"(max-width: 627px) 100vw, 627px\" \/><\/a><p id=\"caption-attachment-8858\" class=\"wp-caption-text\">Fuente: CDES con informaci\u00f3n del BCE<\/p><\/div>\n<p>Por otra parte, los ingresos fiscales cada vez son menores en relaci\u00f3n al crecimiento del servicio de la deuda. Los ingresos crecen en promedio anual al 8% y el servicio de la deuda al 24%. Principalmente los ingresos petroleros han experimentado una contracci\u00f3n severa desde el a\u00f1o 2014. Tambi\u00e9n sabemos que en el a\u00f1o 2020 los ingresos fiscales se desplomaron como consecuencia de la crisis del Covid-19.<\/p>\n<h3>Ingresos fiscales y servicio de la deuda en millones de d\u00f3lares y tasas de crecimiento<\/h3>\n<div id=\"attachment_8859\" style=\"width: 659px\" class=\"wp-caption alignnone\"><a href=\"https:\/\/cdes.org.ec\/webantigua\/wp-content\/uploads\/2022\/06\/5.3.png\"><img decoding=\"async\" aria-describedby=\"caption-attachment-8859\" class=\"wp-image-8859\" src=\"https:\/\/cdes.org.ec\/webantigua\/wp-content\/uploads\/2022\/06\/5.3-300x197.png\" alt=\"\" width=\"649\" height=\"426\" srcset=\"https:\/\/cdes.org.ec\/webantigua\/wp-content\/uploads\/2022\/06\/5.3-200x132.png 200w, https:\/\/cdes.org.ec\/webantigua\/wp-content\/uploads\/2022\/06\/5.3-300x197.png 300w, https:\/\/cdes.org.ec\/webantigua\/wp-content\/uploads\/2022\/06\/5.3-400x263.png 400w, https:\/\/cdes.org.ec\/webantigua\/wp-content\/uploads\/2022\/06\/5.3-470x310.png 470w, https:\/\/cdes.org.ec\/webantigua\/wp-content\/uploads\/2022\/06\/5.3-600x395.png 600w, https:\/\/cdes.org.ec\/webantigua\/wp-content\/uploads\/2022\/06\/5.3-768x505.png 768w, https:\/\/cdes.org.ec\/webantigua\/wp-content\/uploads\/2022\/06\/5.3-800x526.png 800w, https:\/\/cdes.org.ec\/webantigua\/wp-content\/uploads\/2022\/06\/5.3-1024x673.png 1024w, https:\/\/cdes.org.ec\/webantigua\/wp-content\/uploads\/2022\/06\/5.3.png 1098w\" sizes=\"(max-width: 649px) 100vw, 649px\" \/><\/a><p id=\"caption-attachment-8859\" class=\"wp-caption-text\">Fuente: CDES con informaci\u00f3n del BCE<\/p><\/div>\n<p>Un elemento importante a considerar entre la deuda interna y externa, es que la primera tiene mayor margen de gesti\u00f3n debido a que se rige por normas nacionales y responde a acreedores que son parte del sector p\u00fablico. En cambio, la deuda externa se rige por reglas y tribunales con residencia principalmente en EE.UU.; adem\u00e1s para esta deuda es indispensable garantizar reservas internacionales. De hecho, la particularidad de la dolarizaci\u00f3n ecuatoriana hace que cerrar el d\u00e9ficit fiscal no signifique necesariamente contar con los d\u00f3lares para pagar la deuda externa.<\/p>\n<p>El monto de la deuda, la deuda externa se increment\u00f3 aceleradamente desde el a\u00f1o 2014, pasando de 17.2% del PIB hasta 46.9% del PIB en 2020. El saldo final de la deuda, incluyendo intereses por atrasos, alcanz\u00f3 45.367 millones de d\u00f3lares.<\/p>\n<h3>Deuda externa p\u00fablica en millones y como porcentaje del PIB *<\/h3>\n<div id=\"attachment_8860\" style=\"width: 658px\" class=\"wp-caption alignnone\"><a href=\"https:\/\/cdes.org.ec\/webantigua\/wp-content\/uploads\/2022\/06\/6.3.png\"><img decoding=\"async\" aria-describedby=\"caption-attachment-8860\" class=\"wp-image-8860\" src=\"https:\/\/cdes.org.ec\/webantigua\/wp-content\/uploads\/2022\/06\/6.3-300x174.png\" alt=\"\" width=\"648\" height=\"376\" srcset=\"https:\/\/cdes.org.ec\/webantigua\/wp-content\/uploads\/2022\/06\/6.3-200x116.png 200w, https:\/\/cdes.org.ec\/webantigua\/wp-content\/uploads\/2022\/06\/6.3-300x174.png 300w, https:\/\/cdes.org.ec\/webantigua\/wp-content\/uploads\/2022\/06\/6.3-400x232.png 400w, https:\/\/cdes.org.ec\/webantigua\/wp-content\/uploads\/2022\/06\/6.3-600x348.png 600w, https:\/\/cdes.org.ec\/webantigua\/wp-content\/uploads\/2022\/06\/6.3-768x446.png 768w, https:\/\/cdes.org.ec\/webantigua\/wp-content\/uploads\/2022\/06\/6.3-800x464.png 800w, https:\/\/cdes.org.ec\/webantigua\/wp-content\/uploads\/2022\/06\/6.3-1024x594.png 1024w, https:\/\/cdes.org.ec\/webantigua\/wp-content\/uploads\/2022\/06\/6.3.png 1137w\" sizes=\"(max-width: 648px) 100vw, 648px\" \/><\/a><p id=\"caption-attachment-8860\" class=\"wp-caption-text\">Fuente: CDES con informaci\u00f3n estad\u00edstica mensual (IEM-331-e), varios n\u00fameros: 03\/2021, 12\/2016, 12\/2011. Disponible en: https:\/\/contenido.bce.fin.ec\/home1\/estadisticas\/bolmensual\/IEMensual.jsp * A partir de enero de 2019, el Ministerio de Econom\u00eda y Finanzas modific\u00f3 la metodolog\u00eda de c\u00e1lculo de la deuda externa p\u00fablica, de acuerdo a la Resoluci\u00f3n No. MEF-2018-0134. Esta informaci\u00f3n fue enviada al BCE en el mes de mayo 2019. ** Los porcentajes respecto al PIB pueden cambiar ligeramente entre boletines del BCE debido al posible uso de cifras totales en revisi\u00f3n.<\/p><\/div>\n<p>El ritmo del crecimiento de la deuda externa hace muy dif\u00edcil la sostenibilidad financiera para el futuro. El FMI proyecta que la relaci\u00f3n de la deuda respecto al PIB, se incrementar\u00e1 hasta alcanzar el 50.1% al final del 2021 y tendr\u00eda que reducirse progresivamente hasta 43.1% en 2025. No obstante, los supuestos para realizar estas proyecciones subestiman el impacto que tendr\u00e1 las medidas de austeridad sobre el crecimiento econ\u00f3mico y la recaudaci\u00f3n fiscal. Adem\u00e1s, podr\u00eda ser que los supuestos de reducci\u00f3n del d\u00e9ficit e incremento de las reservas internacionales no se cumplan.<\/p>\n<h3>Proyecci\u00f3n del FMI sobre el crecimiento de la deuda externa como porcentaje del PIB<\/h3>\n<div id=\"attachment_8861\" style=\"width: 648px\" class=\"wp-caption alignnone\"><a href=\"https:\/\/cdes.org.ec\/webantigua\/wp-content\/uploads\/2022\/06\/7.3.png\"><img decoding=\"async\" aria-describedby=\"caption-attachment-8861\" class=\"wp-image-8861\" src=\"https:\/\/cdes.org.ec\/webantigua\/wp-content\/uploads\/2022\/06\/7.3-300x145.png\" alt=\"\" width=\"638\" height=\"308\" srcset=\"https:\/\/cdes.org.ec\/webantigua\/wp-content\/uploads\/2022\/06\/7.3-200x97.png 200w, https:\/\/cdes.org.ec\/webantigua\/wp-content\/uploads\/2022\/06\/7.3-300x145.png 300w, https:\/\/cdes.org.ec\/webantigua\/wp-content\/uploads\/2022\/06\/7.3-400x194.png 400w, https:\/\/cdes.org.ec\/webantigua\/wp-content\/uploads\/2022\/06\/7.3-600x290.png 600w, https:\/\/cdes.org.ec\/webantigua\/wp-content\/uploads\/2022\/06\/7.3-768x372.png 768w, https:\/\/cdes.org.ec\/webantigua\/wp-content\/uploads\/2022\/06\/7.3-800x387.png 800w, https:\/\/cdes.org.ec\/webantigua\/wp-content\/uploads\/2022\/06\/7.3-1024x496.png 1024w, https:\/\/cdes.org.ec\/webantigua\/wp-content\/uploads\/2022\/06\/7.3.png 1060w\" sizes=\"(max-width: 638px) 100vw, 638px\" \/><\/a><p id=\"caption-attachment-8861\" class=\"wp-caption-text\">Fuente: Revision del FMI del 23 diciembre 2020.<\/p><\/div>\n<p>Para obtener esta reducci\u00f3n de deuda externa se deber\u00edan cumplir una serie de medidas de ajuste estructural que se basan en una ambiciosa reforma fiscal, laboral y monetaria que tienen el objetivo de cuidar ingresos fiscales y reservas internacionales para garantizar los desembolsos del pago de la deuda. Ac\u00e1 una s\u00edntesis, a nuestro criterio, de los principales puntos de reformas para el futuro:<\/p>\n<h3>Principales medias acordadas entre el FMI y el gobierno de Ecuador<\/h3>\n<table width=\"100%\">\n<tbody>\n<tr>\n<td width=\"31%\"><strong>Pag 14 \u2013 Punto 28, inciso 1<\/strong><\/td>\n<td width=\"68%\">Para alcanzar la sostenibilidad fiscal el Gobierno se compromete, en el 2021, a reducir en 800 millones gastos <strong>relacionados con la pandemia<\/strong>, racionalizar los gastos de capital y reducir los gastos en bienes y servicios.<\/td>\n<\/tr>\n<tr>\n<td width=\"31%\"><strong>Pag 14 \u2013 Punto 28, inciso 2<\/strong><\/td>\n<td width=\"68%\">El <strong>impacto de la consolidaci\u00f3n fiscal <\/strong>(- 5.5 punto del PIB hasta 2025) en el crecimiento econ\u00f3mico debe ser <strong>compensado<\/strong> con la ganancia de confianza generado por el mejoramiento del perfil de la deuda p\u00fablica y en el fortalecimiento de las instituciones.<\/td>\n<\/tr>\n<tr>\n<td width=\"31%\"><strong>Pag 15 \u2013 Punto 29 (inciso 1)<\/strong><\/p>\n<p><strong>\u00a0<\/strong><\/td>\n<td width=\"68%\">La <strong>reforma tributaria <\/strong>propuesta incluye entre las pol\u00edticas a ser implementadas la eliminaci\u00f3n de la devoluci\u00f3n del IVA para personas de la tercera edad.<\/td>\n<\/tr>\n<tr>\n<td width=\"31%\"><strong>Pag 15 \u2013 Punto 29 (inciso 2) \/ Pag 72 Memorando de Pol\u00edticas Econ\u00f3micas y Financieras<\/strong><\/td>\n<td width=\"68%\"><strong>Recorte de empleo y reducci\u00f3n de salarios<\/strong>. El gobierno ya ha ampliado el recorte de horas y salarios hasta mayo 2021 y en el mediano plazo se compromete a reducir salarios en nuevas contrataciones, no congelamiento de la contrataci\u00f3n y los ascensos y continuar la reducci\u00f3n de personal en sectores no esenciales.<\/td>\n<\/tr>\n<tr>\n<td width=\"31%\"><strong>Pag. 18 \u2013 Punto 32<\/strong><\/p>\n<p><strong>\u00a0Pag 76 \u2013 Punto 16 Memorando de Pol\u00edticas Econ\u00f3micas y Financieras\u00a0<\/strong><\/p>\n<p><strong>Structural Benchmark. Fin enero 2021\u00a0<\/strong><\/td>\n<td width=\"68%\"><strong>Independencia BCE. <\/strong>Aprobaci\u00f3n de la Ley de Defensa de la Dolarizaci\u00f3n para buscar la autonom\u00eda del Banco Central, priorizar el uso de reservas internacionales para cubrir los dep\u00f3sitos de la banca privada y restringir su uso para posibles operaciones de financiamiento del presupuesto p\u00fablico.<\/td>\n<\/tr>\n<tr>\n<td width=\"31%\"><strong>Pag 20 \u2013 Punto 38<\/strong><\/td>\n<td width=\"68%\"><strong>Reducir la rigidez del mercado laboral y alinear el salario m\u00ednimo con la productividad<\/strong>. Se se\u00f1alan como aciertos las decisiones tomadas en la <strong>Ley de Apoyo Humanitario<\/strong> que permitieron los acuerdos entre empleado y empleador y reducci\u00f3n de horas trabajadas y salarios.<\/td>\n<\/tr>\n<tr>\n<td width=\"31%\"><strong>Pag 68 \u2013 Punto 2 de la Carta de Intenci\u00f3n<\/strong><\/td>\n<td width=\"68%\">La carta de intenci\u00f3n se basa en el cumplimiento del Plan Macroecon\u00f3mico \u201cPlan Prosperidad\u201d, es decir las prioridades del gasto p\u00fablico no se apegan al Plan de Desarrollo Nacional en el marco de la <strong>Agenda 2030<\/strong>.<\/td>\n<\/tr>\n<tr>\n<td width=\"31%\"><strong>Pag 68 \u2013 Punto 5 de la carta de intenci\u00f3n<\/strong><\/td>\n<td width=\"68%\">El Gobierno se compromete a <strong>posponer las inversiones de capital<\/strong>, por considerarlas gastos no urgentes.<\/td>\n<\/tr>\n<\/tbody>\n<\/table>\n<p>Se trata de un ajuste por el lado de la oferta que se basa en la consideraci\u00f3n de que la econom\u00eda ecuatoriana estar\u00eda operando por encima de su nivel, lo que implica un desequilibrio del comercio internacional que disminuye las reservas internacionales mediante las importaciones por el consumo de los hogares, gobierno y la producci\u00f3n interna encadenada a insumos de importaci\u00f3n. Al contrario, este plan de ajuste impide medidas de ampliaci\u00f3n del mercado interno y la regulaci\u00f3n de las importaciones y servicios financieros.<\/p>\n<p>Ahora bien, incluso si aceptamos los supuestos del FMI para realizar sus proyecciones, la sostenibilidad de la deuda aun as\u00ed no queda clara. Seg\u00fan consta en los acuerdos de ajuste fiscal, se proyecta que con un fuerte ajuste fiscal de 5.5% del PIB, desde el 2022 se lograr\u00eda super\u00e1vits fiscales hasta el 2025, sin embargo, en el mismo per\u00edodo, el FMI tambi\u00e9n proyecta que en el futuro los requerimientos de financiamiento externos alcanzar\u00edan $ 21.912 millones entre el a\u00f1o 2021 y 2025.<\/p>\n<h3>Proyecci\u00f3n del FMI: necesidades de reservas para pagar deuda externa en millones<\/h3>\n<div id=\"attachment_8862\" style=\"width: 656px\" class=\"wp-caption alignnone\"><a href=\"https:\/\/cdes.org.ec\/webantigua\/wp-content\/uploads\/2022\/06\/8.3.png\"><img decoding=\"async\" aria-describedby=\"caption-attachment-8862\" class=\"wp-image-8862\" src=\"https:\/\/cdes.org.ec\/webantigua\/wp-content\/uploads\/2022\/06\/8.3-300x158.png\" alt=\"\" width=\"646\" height=\"340\" srcset=\"https:\/\/cdes.org.ec\/webantigua\/wp-content\/uploads\/2022\/06\/8.3-200x105.png 200w, https:\/\/cdes.org.ec\/webantigua\/wp-content\/uploads\/2022\/06\/8.3-300x158.png 300w, https:\/\/cdes.org.ec\/webantigua\/wp-content\/uploads\/2022\/06\/8.3-400x210.png 400w, https:\/\/cdes.org.ec\/webantigua\/wp-content\/uploads\/2022\/06\/8.3-600x316.png 600w, https:\/\/cdes.org.ec\/webantigua\/wp-content\/uploads\/2022\/06\/8.3-635x335.png 635w, https:\/\/cdes.org.ec\/webantigua\/wp-content\/uploads\/2022\/06\/8.3-768x404.png 768w, https:\/\/cdes.org.ec\/webantigua\/wp-content\/uploads\/2022\/06\/8.3-800x421.png 800w, https:\/\/cdes.org.ec\/webantigua\/wp-content\/uploads\/2022\/06\/8.3-1024x539.png 1024w, https:\/\/cdes.org.ec\/webantigua\/wp-content\/uploads\/2022\/06\/8.3-1200x631.png 1200w, https:\/\/cdes.org.ec\/webantigua\/wp-content\/uploads\/2022\/06\/8.3.png 1323w\" sizes=\"(max-width: 646px) 100vw, 646px\" \/><\/a><p id=\"caption-attachment-8862\" class=\"wp-caption-text\">Fuente: elaborado por CDES con datos de Revisi\u00f3n del FMI del 23 diciembre 2020.<\/p><\/div>\n<p>Si a esto le sumamos la p\u00e9rdida de reservas internacionales por salida de divisas, la deuda podr\u00eda incrementarse y con ella los pagos futuros de capital y amortizaciones. Recordemos que las reservas internacionales se alimentan por ingresos petroleros netos (estos es exportaciones de crudo, menos importaci\u00f3n de combustible); en cambio las reservas sufren un desgaste por los giros realizados al exterior principalmente por desembolsos para el servicio de la deuda y las demandas de las b\u00f3vedas del Banco Central realizadas por el sector privado y p\u00fablico. Hechas estas sumas y restas, los requerimientos de financiamiento externos alcanzar\u00edan $ 21.326 millones entre 2021 y 2025.<\/p>\n<h3>Necesidades totales para financiar el sector externo en millones<\/h3>\n<div id=\"attachment_8864\" style=\"width: 662px\" class=\"wp-caption alignnone\"><a href=\"https:\/\/cdes.org.ec\/webantigua\/wp-content\/uploads\/2022\/06\/9.3.png\"><img decoding=\"async\" aria-describedby=\"caption-attachment-8864\" class=\"wp-image-8864\" src=\"https:\/\/cdes.org.ec\/webantigua\/wp-content\/uploads\/2022\/06\/9.3-300x158.png\" alt=\"\" width=\"652\" height=\"343\" srcset=\"https:\/\/cdes.org.ec\/webantigua\/wp-content\/uploads\/2022\/06\/9.3-200x105.png 200w, https:\/\/cdes.org.ec\/webantigua\/wp-content\/uploads\/2022\/06\/9.3-300x158.png 300w, https:\/\/cdes.org.ec\/webantigua\/wp-content\/uploads\/2022\/06\/9.3-400x211.png 400w, https:\/\/cdes.org.ec\/webantigua\/wp-content\/uploads\/2022\/06\/9.3-600x316.png 600w, https:\/\/cdes.org.ec\/webantigua\/wp-content\/uploads\/2022\/06\/9.3-635x335.png 635w, https:\/\/cdes.org.ec\/webantigua\/wp-content\/uploads\/2022\/06\/9.3-768x405.png 768w, https:\/\/cdes.org.ec\/webantigua\/wp-content\/uploads\/2022\/06\/9.3-800x422.png 800w, https:\/\/cdes.org.ec\/webantigua\/wp-content\/uploads\/2022\/06\/9.3-1024x540.png 1024w, https:\/\/cdes.org.ec\/webantigua\/wp-content\/uploads\/2022\/06\/9.3-1200x633.png 1200w, https:\/\/cdes.org.ec\/webantigua\/wp-content\/uploads\/2022\/06\/9.3.png 1322w\" sizes=\"(max-width: 652px) 100vw, 652px\" \/><\/a><p id=\"caption-attachment-8864\" class=\"wp-caption-text\">Fuente: elaborado por CDES con datos de Revisi\u00f3n del FMI del 23 diciembre 2020.<\/p><\/div>\n<p>Subrayamos que en dolarizaci\u00f3n la \u00fanica forma de reducir la deuda externa es mediante suficientes reservas internacionales para cubrir los giros al exterior por pagos del servicio de la deuda. Estas reservas internacionales crecen o decrecen con la salida y entrada de divisas. Por lo tanto, la sostenibilidad de la deuda externa depende de garantizar saldos netos de divisas positivos que pueden ser empleados para disminuir la deuda externa. De la misma manera, los desbalances de la cuenta corriente, particularmente los d\u00e9ficits comerciales, generan un desgaste de las reservas internacionales que presionan nuevas necesidades de deuda externa para reponerlas.<\/p>\n<p>Por lo anterior, es necesario interpretar las operaciones del gobierno central en relaci\u00f3n a las reservas internacionales. Cuando el Gobierno recibe el pago de impuestos se genera un cambio en la composici\u00f3n del pasivo del Banco Central, se mueven recursos de los dep\u00f3sitos de las instituciones financieras privadas en el BCE, hacia los dep\u00f3sitos del gobierno central en el BCE. Ning\u00fan activo, incluidas las reservas internacionales, se afectan en absoluto con esta operaci\u00f3n (Carvajal, 2020). Por esta raz\u00f3n es errado pensar que con la sola recaudaci\u00f3n de impuestos se pueden realizar pagos de deuda externa. Para estos pagos se requieren ineludiblemente un incremento de reservas internacionales.<\/p>\n<p><strong><em>Preguntas de investigaci\u00f3n complementarias<\/em><\/strong><\/p>\n<h6><strong><em>Deuda, derechos humanos y Agenda 2030 en los procesos presupuestarios<\/em><\/strong><\/h6>\n<ul>\n<li><em>Marco legal sobre priorizaci\u00f3n del presupuesto y la deuda externa:<\/em><\/li>\n<\/ul>\n<ol>\n<li>En el nivel constitucional existen normas que espec\u00edficamente imponen restricciones al endeudamiento p\u00fablico que afecte al goce de derechos y al buen vivir. El art\u00edculo 290, numeral 2 prescribe que el Estado debe velar para que el endeudamiento p\u00fablico no afecte a la soberan\u00eda, los derechos, el buen vivir y la preservaci\u00f3n de la naturaleza.<\/li>\n<li>Sin embargo, el pasado 24 de julio de 2020 se aprob\u00f3 la denominada \u201cley para el ordenamiento de las finanzas p\u00fablicas\u201d que incluyen varias disposiciones sobre la gesti\u00f3n de las finanzas p\u00fablicas que buscan garantizar la disponibilidad de recursos para el pago de deuda externa, y, correlativamente, establece restricciones al aumento del gasto p\u00fablico de acuerdo con los ingresos fiscales y los compromisos en materia de endeudamiento.<\/li>\n<li>Por ejemplo, se dispone expresamente que los resultados primarios y primario no petrolero del presupuesto, deben garantizar el cumplimiento de la regla de deuda (que dispone un techo de endeudamiento del 40% del PIB);<\/li>\n<li>Adem\u00e1s, expl\u00edcitamente la Ley mencionada prescribe que el resultado primario, y resultado primario no perolero del presupuesto general del Estado, debe presentar metas fiscales espec\u00edficas de ingresos y egresos anuales que permitan garantizar el cumplimiento de la regla de deuda. Por lo que, en consecuencia, la disponibilidad de fondos para atender gasto social o de inversi\u00f3n, se sujeta la regla de sostenibilidad de la deuda externa.<\/li>\n<\/ol>\n<ul>\n<li><em>Objetivos de Desarrollo Sostenible (ODS) y planificaci\u00f3n:<\/em><\/li>\n<\/ul>\n<ol>\n<li>De acuerdo con la Constituci\u00f3n, el principal instrumento de panificaci\u00f3n nacional es el Plan Nacional de Desarrollo que es vinculante para el sector p\u00fablico, y referencial para el sector privado. Hasta el momento han sido aprobados cuatro Planes de Desarrollo (2007; 2009; 2013 y 2017), cuya estructura se articul\u00f3 directamente con los Objetivos de Desarrollo del Milenio (ODM) y la Agenda 2030.<\/li>\n<li>En el a\u00f1o 2013, la Secretar\u00eda Nacional de Planificaci\u00f3n present\u00f3 el estudio \u201ccostos para salir del subdesarrollo\u201d realizado a partir de una metodolog\u00eda centrada en la cobertura de servicios vinculados a los ODS. El resultado de dicho costeo ascendi\u00f3 a 42.400 millones de d\u00f3lares, <a href=\"https:\/\/www.planificacion.gob.ec\/wp-content\/uploads\/downloads\/2012\/10\/Costos-para-salir-del-subdesarrollo-febrero-2012.pdf\">hasta 2021<\/a>.<\/li>\n<li>En julio de 2019, se publica el <a href=\"https:\/\/www.planificacion.gob.ec\/wp-content\/uploads\/downloads\/2019\/07\/Informe-Avance-Agenda-2030-Ecuador-2019.pdf\">\u201cInforme de avance del cumplimiento de la agenda 2030 para el desarrollo sostenible\u201d<\/a> por parte de la Secretar\u00eda T\u00e9cnica Planifica Ecuador, que incluye indicadores de desempe\u00f1o de la agenda 2030, actualizados con corte al 29 de abril de 2019. Si bien, se puede observar la evoluci\u00f3n de los indicadores que miden el cumplimiento de los ODS desde 2014 a 2019, en este documento s\u00f3lo se desarrolla un recuento de las principales pol\u00edticas p\u00fablicas gestionadas desde el gobierno central, pero no se encuentra detallado los costos necesarios para el cumplimiento satisfactorio de cada ODS.<\/li>\n<li>El marco regulatorio de las finanzas p\u00fablicas ecuatorianas, sujeta la programaci\u00f3n fiscal a la planificaci\u00f3n nacional, que como se dijo anteriormente incluye metas espec\u00edficas vinculadas con el cumplimiento de los ODS. Sin embargo, como producto de los compromisos del Ecuador con el FMI, dicho marco regulatorio cambi\u00f3 sustancialmente esta relaci\u00f3n, y en su lugar, la disponibilidad fiscal de recursos establecido en la programaci\u00f3n presupuestaria anual, sujeta a la planificaci\u00f3n nacional.<\/li>\n<\/ol>\n<p>\u25aa\u00a0<em>Pr\u00e1cticas presupuestarias con perspectiva de g\u00e9nero<\/em><\/p>\n<ol>\n<li>El Plan Nacional para el Buen Vivir 2009 \u2013 2013 incorpor\u00f3 metas de igualdad de g\u00e9nero en 46 pol\u00edticas expl\u00edcitas y 16 pol\u00edticas impl\u00edcitas. La principal normativa que regula la gesti\u00f3n del presupuesto del Estado, denominado como C\u00f3digo Org\u00e1nico de Finanzas P\u00fablicas (en lo que sigue: COPLAFIP), establece que los presupuestos de las instituciones del sector p\u00fablico deben sujetarse a la planificaci\u00f3n plurianual nacional, y establece la obligatoriedad de que en la Proforma del Presupuesto General el Estado debe constar un anexo que explicite el gasto destinado para cierre de brechas de equidad.<\/li>\n<li>COPLAFIP, Art\u00edculo 99: \u201cEn la proforma del Presupuesto General del Estado deber\u00e1n constar como anexos los justificativos de ingresos y gastos, as\u00ed como las estimaciones de: gasto tributario, subsidios, preasignaciones, pasivos contingentes, <strong>gasto para cierre de brechas de equidad<\/strong>, el resumen de programaci\u00f3n fiscal plurianual y anual, el resumen de estrategias fiscales, el documento de riesgos fiscales, el informe anual de gesti\u00f3n de Notas del Tesoro, el Plan Financiero del Tesoro Nacional, entre otros\u201d.<\/li>\n<li>El Ministerio de Finanzas del Ecuador, a su vez, tiene competencia para emitir directrices a las entidades reguladas para la presentaci\u00f3n de sus respectivos presupuestos institucionales. En dicho marco, a trav\u00e9s de las directrices 2010 y 2012, se incorpor\u00f3 obligatoriamente al sector p\u00fablico el Clasificador de Orientaci\u00f3n del Gasto: Clasificador de pol\u00edticas de igualdad de g\u00e9nero.<\/li>\n<li>Lo que permite generar informaci\u00f3n fehaciente sobre el financiamiento de pol\u00edticas de reducci\u00f3n de brechas de equidad de g\u00e9nero. <a href=\"https:\/\/d-nb.info\/1097630943\/34\">Por ejemplo<\/a>, \u00ab(e)l monto de recursos registrados en la Funci\u00f3n K, en el presupuesto codificado cado al 31 de diciembre de 2011, ascendi\u00f3 a US$ 54 \u0301749.261, presentando un crecimiento del 178,3% en relaci\u00f3n al 2010. Sin embargo, el valor devengado fue de US$ 34 \u0301416.413 que corresponden al 62,9% de ejecuci\u00f3n\u201d.<\/li>\n<li>Sin embargo, en el Informe Anual de Ejecuci\u00f3n del Presupuesto General del Estado 2019, se se\u00f1ala que \u00ab(\u2026) pese a que el ente rector de las finanzas p\u00fablicas efect\u00faa permanentemente acciones informativas y de capacitaci\u00f3n para la aplicaci\u00f3n de los Clasificadores, existe un alto porcentaje de entidades que no efect\u00faan el registro correspondiente, situaci\u00f3n que no permite apreciar la totalidad de los recursos del presupuesto que se destinan exclusivamente a las pol\u00edticas de igualdad y ambiente\u201d. As\u00ed, en ese a\u00f1o, \u201clos recursos registrados por las instituciones p\u00fablicas para igualdad y ambiente representaron el 1,19% del PIB\u201d, y \u201cDurante el a\u00f1o 2019 este direccionamiento totaliz\u00f3 USD 689,90 millones correspondiente a una ejecuci\u00f3n del 97,78% respecto del total de recursos codificados; y, un incremento de 12,74% respecto al a\u00f1o 2018\u201d.<\/li>\n<li><em>\u00bfTiene su pa\u00eds un marco fiscal de mediano plazo? De ser as\u00ed, \u00bfse incluyen en \u00e9l consideraciones sobre los derechos humanos y la Agenda 2030?<\/em><\/li>\n<\/ol>\n<ol>\n<li>Por mandato del COPLAFIP, el \u00f3rgano rector de las finanzas p\u00fablicas debe realizar la programaci\u00f3n presupuestaria cuatrianual del Sector P\u00fablico. Dicha programaci\u00f3n, se realiza sobre las metas del Plan Nacional de Desarrollo que como dijimos anteriormente, se formula cada cuatro a\u00f1os bajo responsabilidad de cada gobierno electo democr\u00e1ticamente.<\/li>\n<li>En dicho sentido, dado que el Plan Nacional de Desarrollo recoge el cumplimiento de los ODS, la programaci\u00f3n presupuestaria cuatrianual debe expresar la relaci\u00f3n ingresos\/gasto necesario para alcanzarlo.<\/li>\n<\/ol>\n<h6><strong><em>Transparencia de los datos de la deuda<\/em><\/strong><\/h6>\n<ol>\n<li>El Ministerio de finanzas publica mensualmente los datos de deuda p\u00fablica en el siguiente enlace: <a href=\"https:\/\/www.finanzas.gob.ec\/https-wwwdeuda-publica-nueva-metodologia\/\"><em>https:\/\/www.finanzas.gob.ec\/https-wwwdeuda-publica-nueva-metodologia\/<\/em><\/a><\/li>\n<li>El denominado \u201cBolet\u00edn de Deuda P\u00fablica\u201d contiene datos de la Deuda P\u00fablica Total, externa e interna, presentada en tres \u00e1mbitos: 1. Presupuesto General del Estado (PGE): contempla las deudas de las instituciones y organismos del sector p\u00fablico del Gobierno Central y sus entidades adscritas, 2. Sector P\u00fablico No Financiero (SPNF): considera a entidades del PGE, Gobiernos Aut\u00f3nomos Descentralizados (GAD), empresas p\u00fablicas y a la Seguridad Social. 3. Sector P\u00fablico Total (SPT): que, a m\u00e1s de las entidades del PGE y del SPNF, a\u00f1ade a la banca p\u00fablica y otras entidades p\u00fablicas financieras como la Corporaci\u00f3n de Seguro de Dep\u00f3sitos (COSEDE).<\/li>\n<li>El Bolet\u00edn incluye entre sus indicadores el de \u201ctipo de acreedor espec\u00edfico\u201d en el que se identifican los acreedores externos seg\u00fan su propia denominaci\u00f3n, como BID, FLAR, FMI, CAF, BIRF, FMI, en el caso de las multilaterales. Se incluye la denominaci\u00f3n \u201cGobiernos\u201d pero no se detalla cual es el pa\u00eds acreedor espec\u00edfico, y se incluye el gen\u00e9rico \u00abBancos\u201d si la deuda tiene su origen en un banco extranjero, pero sin incluir su denominaci\u00f3n. Finalmente, respecto de la deuda en bonos, se incluye la denominaci\u00f3n del bono, con su respectivo a\u00f1o de emisi\u00f3n.<\/li>\n<li>Respecto de la deuda interna, se incluyen los identificadores: proveedores, certificados de tesorer\u00eda, GADs, etc.<\/li>\n<li>El bolet\u00edn actualizado a marzo de 2021 se puede descargar <a href=\"https:\/\/www.finanzas.gob.ec\/https-wwwdeuda-publica-nueva-metodologia\/\">aqu\u00ed.<\/a><\/li>\n<\/ol>\n<p>\u25aa\u00a0<em>Presupuesto nacional y el marco fiscal de mediano plazo sobre proyecciones del servicio de la deuda:<\/em><\/p>\n<p>El \u00f3rgano rector de las finanzas p\u00fablicas realiza la programaci\u00f3n fiscal cuatrianual. En ella se incluye un an\u00e1lisis sobre la evaluaci\u00f3n de a sostenibilidad de la deuda p\u00fablica a mediano plazo. Se puede revisar el documento <a href=\"https:\/\/www.finanzas.gob.ec\/wp-content\/uploads\/2019\/10\/PROGRAMACION-PRESUPUESTARIA-CUATRIANUAL-2020-2023.pdf\">aqu\u00ed<\/a>.<\/p>\n<ol>\n<li style=\"list-style-type: none;\">\n<ul>\n<li><em>Auditor\u00eda de la deuda ciudadana:<\/em><\/li>\n<\/ul>\n<\/li>\n<\/ol>\n<p>S\u00ed, en rigor tuvimos dos. La primera convocada a instancia del ex Presidente Alfredo Palacios en 2005, que en la pr\u00e1ctica no pudo funcionar plenamente, y la convocada por el ex Presidente Rafael Correa en 2007.<\/p>\n<p>Se conform\u00f3 principalmente por expertos nacionales e internacionales, y cont\u00f3 con la participaci\u00f3n del Ministerio de Finanzas. Se revis\u00f3 la deuda multilateral, de pa\u00eds a pa\u00eds y especialmente la deuda en bonos, y sus reestructuraciones. El \u00e1mbito temporal de la auditor\u00eda incluy\u00f3 las operaciones de endeudamiento contra\u00eddas durante el r\u00e9gimen democr\u00e1tico.<\/p>\n<p>Entre sus principales resultados estuvieron, el se\u00f1alar pr\u00e1cticas de colusi\u00f3n entre funcionarios nacionales e internacionales en la contrataci\u00f3n de deuda para fines superfluos; pr\u00e1cticas de anatocismo presentes en las reestructuraciones de bonos soberanos; falta de transparencia sobre el origen, monto y condiciones jur\u00eddicas de las operaciones de endeudamiento; pagos sobre pasivos ya prescritos, etc.<\/p>\n<p>Sobre la base del informe de la Comisi\u00f3n de Auditor\u00eda Integral Ciudadana sobre el Cr\u00e9dito P\u00fablico, el Ecuador declar\u00f3 en 2008 un default t\u00e9cnico sobre el vencimiento de su deuda en bonos, que result\u00f3 en un ahorro cercano a 8000 millones USD.<\/p>\n<h6><strong><em>Sostenibilidad de la deuda<\/em><\/strong><\/h6>\n<ul>\n<li><em>Evaluaci\u00f3n de la sostenibilidad de la deuda, independiente de evaluaciones similares producidas por el FMI \/ BM: es p<\/em>arte de la programaci\u00f3n presupuestaria cuatrianual. Aqu\u00ed el documento <a href=\"https:\/\/www.finanzas.gob.ec\/wp-content\/uploads\/2019\/10\/PROGRAMACION-PRESUPUESTARIA-CUATRIANUAL-2020-2023.pdf\">actualizado<\/a>.<\/li>\n<\/ul>\n<p>\u25aa <em>L<\/em>a evaluaci\u00f3n sobre sostenibilidad de deuda del FMI realizada sobre el Ecuador, m\u00e1s actualizada se incluye en el documento denominado \u00ab(S)olicitud de un acuerdo en el marco del servicio ampliado del FMI: comunicado de prensa; informe del personal t\u00e9cnico; suplemento del personal t\u00e9cnico; y declaraci\u00f3n del director ejecutivo por Ecuador\u201d. En esta se concluye que se prev\u00e9 una baja de la deuda externa a 44,1 % del PIB hacia el 2025, es decir 10 puntos menos del 51,7 en 2020.<\/p>\n<ul>\n<li><em>\u00bfSe basa la evaluaci\u00f3n del riesgo de ASD del FMI en su pa\u00eds en la implementaci\u00f3n de medidas de consolidaci\u00f3n fiscal (es decir, aumentos de impuestos o recortes de gastos)?<\/em><\/li>\n<\/ul>\n<p>\u25aa\u00a0<em>Revisi\u00f3n de medidas, o condicionalidades en caso de que exista un programa del FMI, asociadas a la sostenibilidad de la deuda.\u00a0Eurodad puede proporcionar soporte de datos.<\/em><\/p>\n<p>S\u00ed, en el an\u00e1lisis referido en la pregunta anterior, la reducci\u00f3n de la relaci\u00f3n deuda\/PIB se debe a la aplicaci\u00f3n de las pol\u00edticas de consolidaci\u00f3n fiscal incluidas dentro de las condicionalidades del acuerdo SAF, y la mejora de la competitividad estructural a trav\u00e9s, de entre varias medidas, la reducci\u00f3n de costos laborales.<\/p>\n<ul>\n<li><em>Que usted sepa, hay alguna consideraci\u00f3n sobre la realizaci\u00f3n de \u201ccanjes de deuda\u201d que involucren a su pa\u00eds, como por ejemplo, \u201ccanjes de deuda por cambio clim\u00e1tico\u201d.<\/em><\/li>\n<\/ul>\n<p>El pasado 24 de febrero del presente a\u00f1o, se propuso una modalidad de canje de deuda por naturaleza por parte de organizaciones privadas como \u201cOcean Finance Company (OFC)\u201d y \u00abThe Nature Conservancy\u201d, que propusieron recomprar USD 600 millones en bonos de deuda externa ecuatorianos 2030, a cambio de que el Gobierno ecuatoriano ampl\u00ede la reserva marina de Gal\u00e1pagos, que pasar\u00eda de los 133 000 kil\u00f3metros cuadrados a un \u00e1rea marina de entre 380 000 y hasta 518 000 kil\u00f3metros.<\/p>\n<p>El pasado 22 de abril de 2021, el Gobierno de Ecuador anunci\u00f3 que impulsar\u00e1 varios proyectos ambientales que ser\u00e1n financiados por un proceso de canje de deuda por 9,5 millones de d\u00f3lares con Italia, a trav\u00e9s de la denominada \u00abConvocatoria Ambiental FIEDS 2021\u00bb que est\u00e1 orientada a fortalecer la lucha contra el cambio clim\u00e1tico en tres aspectos prioritarios: \u00abLa protecci\u00f3n y conservaci\u00f3n del patrimonio natural forestal, el mejoramiento de la gesti\u00f3n integral de residuos no peligrosos y desechos peligrosos en el pa\u00eds, y la econom\u00eda circular\u00bb. <a href=\"https:\/\/ame.gob.ec\/ecuador-e-italia-oficializaron-convocatoria-financiamiento-proyectos-desarrollo\/\">Aqu\u00ed la nota de prensa<\/a><\/p>\n<h6><strong><em>Agenda multilateral sobre deuda y desarrollo<\/em><\/strong><\/h6>\n<ul>\n<li><em>\u00bfSu pa\u00eds es elegible y \/ o participa en la Iniciativa de suspensi\u00f3n del servicio de la deuda del G20 (DSSI)?<\/em><\/li>\n<\/ul>\n<p>No, Ecuador es considerado como un pa\u00eds de renta media, mientras que la DSSI se dirige a los pa\u00edses de ingreso bajo.<\/p>\n<p>\u25aa\u00a0<em>De ser as\u00ed, cu\u00e1les han sido los beneficios y desaf\u00edos para su pa\u00eds (es decir, montos del servicio de la deuda externa suspendidos y excluidos de la suspensi\u00f3n; signos de sobreendeudamiento).<\/em><em>\u00a0<\/em><\/p>\n<ul>\n<li><em>\u00bfEst\u00e1 el gobierno de su pa\u00eds participando activamente en el proceso de las Naciones Unidas \u201cFinanciamiento para el desarrollo en la era de COVID-19 y m\u00e1s all\u00e1\u201d?<\/em><\/li>\n<\/ul>\n<p>Ecuador estuvo presente en la iniciativa el pasado 29 de septiembre de 2020, a trav\u00e9s de una ponencia del primer mandatario. No tenemos noticias de gestiones adicionales en esta materia.<\/p>\n<p>\u25aa\u00a0<em>\u00bfEst\u00e1 el gobierno de su pa\u00eds apoyando medidas para abordar los desaf\u00edos de la deuda de los pa\u00edses en desarrollo?\u00a0De ser as\u00ed, qu\u00e9 medidas se est\u00e1n apoyando en este foro multilateral.<\/em><\/p>\n<p>Apoyo a los mecanismos de alivio financiero para los pa\u00edses de menores ingresos; y el fomento de un marco internacional que facilite la reestructuraci\u00f3n de deuda de los pa\u00edses en desarrollo, que incluyan una moratoria de pagos de dividendos durante el 2020.<\/p>\n<p>\u25aa\u00a0<em>\u00bfCu\u00e1l es la posici\u00f3n del gobierno de su pa\u00eds con respecto a la implementaci\u00f3n de un mecanismo multilateral de renegociaci\u00f3n de la deuda?<\/em><\/p>\n<ul>\n<li>La\u00a0<em>informaci\u00f3n sobre la posici\u00f3n oficial de un gobierno en foros multilaterales est\u00e1 disponible ya sea en el ministerio de relaciones exteriores o en la oficina del presidente \/ primer ministro.\u00a0Adem\u00e1s, Eurodad puede ayudar con informaci\u00f3n proveniente del seguimiento de las posiciones gubernamentales en foros multilaterales.<\/em><\/li>\n<\/ul>\n<ol>\n<li>No encontramos pronunciamientos oficiales en la diplomacia ecuatoriana sobre este punto.<\/li>\n<\/ol>\n<p>&nbsp;<\/p>\n<h1><a name=\"_Toc70888270\"><\/a>Gobernanza general y espacio civil a nivel nacional<\/h1>\n<p>Durante la Reuni\u00f3n Inicial, los socios tambi\u00e9n discutieron la importancia de los aspectos generales relacionados con la gobernanza general y el espacio c\u00edvico a nivel nacional en los pa\u00edses de enfoque.\u00a0En ese contexto, se identificaron algunas preguntas de investigaci\u00f3n como un seguimiento relevante de la investigaci\u00f3n sobre desarrollos relacionados con COVID-19 que los socios llevaron a cabo durante el verano.<\/p>\n<p><em>Por favor considera:<\/em><\/p>\n<p><em>-\u202fPregunta clave general: \u00bfExiste alguna amenaza para el espacio c\u00edvico en su pa\u00eds?\u202f\u00bfY \/ o la crisis del COVID-19 ha presentado nuevas oportunidades para construir alianzas?<\/em><\/p>\n<p><em>&#8211; Que usted sepa, \u00bfha habido alguna discusi\u00f3n sobre los procedimientos de toma de decisiones del gobierno en el contexto del COVID-19, incluyendo, por ejemplo, la base legal para las medidas COVID-19?<\/em><\/p>\n<p>S\u00ed, el debate se ha concentrado en la extensi\u00f3n y la modalidad de las restricciones que el Gobierno ecuatoriano ha establecido mediante decretos de estado de excepci\u00f3n. Actualmente, las medidas para contener la expansi\u00f3n del virus son tomadas por un comit\u00e9 interinstitucional, y en caso que requieran restricciones a la movilidad personal, estas son expedidas por el presidente de la Rep\u00fablica y revisadas por la Corte Constitucional. Esta \u00faltima ha declarado como inconstitucionales algunos de esos decretos de estado de excepci\u00f3n, por consistir en medidas de restricci\u00f3n desproporcionadas.<\/p>\n<p><em>&#8211; Que usted sepa, \u00bfha habido nuevas restricciones o preocupaciones con respecto al espacio c\u00edvico, incluida la capacidad de la sociedad civil y los ciudadanos para participar en los procesos legislativos y acceder a la informaci\u00f3n?<\/em><\/p>\n<p>S\u00ed, ha existido un fuerte debate en torno de las medidas de confinamiento especialmente.\u00a0Estas han sido objeto de cr\u00edticas especialmente de parte de las c\u00e1maras de comercio, producci\u00f3n y turismo. Esto ha motivado que las medidas de confinamiento sean cuestionadas ante espacios institucionales como la Corte Constitucional del Ecuador que ha declarado la inconstitucionalidad de varias de esas medidas. Actualmente, se discute en el Ecuador una ley que regula las medidas de restricciones del estado de sitio.<\/p>\n<p><em>&#8211; \u00bfLa crisis del COVID-19 ha creado nuevas oportunidades, por ejemplo, para que la sociedad civil establezca contactos con aliados potenciales, como por ejemplo entre parlamentarios, economistas, acad\u00e9micos, etc.?<\/em><\/p>\n<p>S\u00ed, en las diversas facetas de las consecuencias provocadas por el Coronavirus se ha observado el surgimiento de varias modalidades de participaci\u00f3n de la sociedad civil, como por ejemplo redes de ayuda ciudadana, foros sobre la discusi\u00f3n de medidas econ\u00f3micas para enfrentar la crisis econ\u00f3mica, espacios de vigilancia sobre la forma de gesti\u00f3n de la crisis del\u00a0coronvirus, especialmente en la reciente etapa de vacunaci\u00f3n.<\/p>\n<p><em>&#8211; \u00bfAlg\u00fan otro comentario sobre este tema?<\/em><em>\u00a0<\/em><\/p>\n<h1><a name=\"_Toc70888271\"><\/a>Referencias<\/h1>\n<p>Almeida, M. (2018). <em>Justicia econ\u00f3mica y g\u00e9nero.<\/em> Quito: ILDIS.<\/p>\n<p>BCE. (29 de noviembre de 2020). <em>Banco Central del Ecuador<\/em>. Obtenido de Micrositio: https:\/\/contenido.bce.fin.ec\/documentos\/PublicacionesNotas\/Catalogo\/Anuario\/Boletinanuario.htm<\/p>\n<p>Carvajal, S. (2020). Reservas Internacionales, Desaf\u00edos Fiscales y Banco Central en Dolarizaci\u00f3n. En I. y. Observatorio de Historia, <em>El Leviat\u00e1n de papel<\/em> (p\u00e1g. 48). Quito: Pontificia Universidad Cat\u00f3lica del Ecuador. Disponible en: http:\/\/iie-puce.com\/wp-content\/uploads\/2021\/01\/El-Leviata%CC%81n-de-papel-N1-A1-5.1-FINAL.pdf.<\/p>\n<p>CDES. (2019). <em>Privilegios en Ecuador: Incentivos tributarios a las grandes empresas de telecomunicaciones.<\/em> Lima: Latindadd &amp; CDES. Disponible en: https:\/\/cdes.org.ec\/webantigua\/wp-content\/uploads\/2019\/06\/Privilegios-en-Ecuador.pdf.<\/p>\n<p>CEF. (2019). <em>Los convenios para evitar la doble imposici\u00f3n.<\/em> Servicio de Rentas Internas &#8211; SRI. Disponible en: https:\/\/cef.sri.gob.ec\/pluginfile.php\/20139\/mod_page\/content\/80\/F1.2.pdf.<\/p>\n<p>CEPAL. (2020). <em>Panorama Fiscal de Am\u00e9rica Latina y El Caribe: La pol\u00edtica fiscal ante la crisis derivada de la pandemia de la enfermedad por coronavirus (COVID-19).<\/em> Disponible en: https:\/\/www.cepal.org\/sites\/default\/files\/publication\/files\/45730\/S2000154_es.pdf.<\/p>\n<p>El Comercio. (13 de octubre de 2020). <em>FMI: &#8216;Hay pocas personas pagando impuestos en Ecuador&#8217;.<\/em> https:\/\/www.elcomercio.com\/actualidad\/fmi-ecuador-impuestos-exenciones-ingresos.html.<\/p>\n<p>GFI. (2020). <em>Trade-Related Illicit Financial Flows in 135 Developing Countries: 2008-2017.<\/em> Global Financial Integrity. Disponible en: https:\/\/secureservercdn.net\/45.40.149.159\/34n.8bd.myftpupload.com\/wp-content\/uploads\/2020\/03\/GFI-Trade-IFF-Report-2020-Final.pdf?time=1619103251.<\/p>\n<p>IGF. (2019). <em>Insights on Incentives: tax competition in mining.<\/em> https:\/\/www.iisd.org\/system\/files\/publications\/insights-incentives-tax-competition-mining.pdf?q=sites\/default\/files\/publications\/insights-incentives-tax-competition-mining.pdf.<\/p>\n<p>SRI. (2017). <em>Notas de Reflexi\u00f3n Pol\u00edtica Fiscal y Tributaci\u00f3n: An\u00e1lisis de regresividad del IVA.<\/em> Quito: file:\/\/\/D:\/1A%20SECTOR%20FISCAL\/1A%20Ingresos%20fiscales\/regresividad%20del%20IVA%20NR_1740.PDF.<\/p>\n<p>SRI. (2021). <em>Manual de Gasto Tributario.<\/em> Consultado por \u00faltima vez el 8 de marzo del 2021: https:\/\/www.sri.gob.ec\/estudios-investigaciones-e-indicadores: Servicio de Rentas Internas del Ecuador.<\/p>\n<p>Tax Justice Network. (2020). <em>El Estado de la Justicia Fiscal: 2020: La justicia fiscal en tiempos de la Covid-19.<\/em> Disponible en: https:\/\/taxjustice.net\/wp-content\/uploads\/2020\/11\/The_State_of_Tax_Justice_2020_SPANISH.pdf.<\/p>\n<p>&nbsp;<\/p>\n<p><a href=\"#_ftnref1\" name=\"_ftn1\">[1]<\/a> Sobre la reestructuraci\u00f3n de la deuda, el 3 de agosto de 2020 Ecuador logr\u00f3 que m\u00e1s del 95% de los tenedores de sus bonos Global, acepten una renegociaci\u00f3n que implic\u00f3 una quita de capital de la deuda por un valor de \u00a0$1.539 millones, pasando este segmento de deuda de $17.374 a $15.835 millones. Adem\u00e1s, se redujo el inter\u00e9s promedio pasando de 9.2 a 5.3%; el plazo m\u00e1ximo de pago se ampli\u00f3 a 12.7 a\u00f1os y 5 a\u00f1os de gracia para cancelar el capital. Y se permiti\u00f3 el diferimiento de los intereses acumulados entre marzo y agosto de 2020 \u2014que equival\u00edan a m\u00e1s de mil millones,\u00a0\u2014para que sean pagados entre 2026 y 2030, sin intereses.<\/p>\n<p>&nbsp;<\/p>\n<p><strong> <a href=\"https:\/\/cdes.org.ec\/webantigua\/wp-content\/uploads\/2022\/06\/logo-union-europea.jpg\"><img decoding=\"async\" class=\"alignnone  wp-image-9508\" src=\"https:\/\/cdes.org.ec\/webantigua\/wp-content\/uploads\/2022\/06\/logo-union-europea-300x201.jpg\" alt=\"\" width=\"106\" height=\"71\" srcset=\"https:\/\/cdes.org.ec\/webantigua\/wp-content\/uploads\/2022\/06\/logo-union-europea-200x134.jpg 200w, https:\/\/cdes.org.ec\/webantigua\/wp-content\/uploads\/2022\/06\/logo-union-europea-300x201.jpg 300w, https:\/\/cdes.org.ec\/webantigua\/wp-content\/uploads\/2022\/06\/logo-union-europea-310x205.jpg 310w, https:\/\/cdes.org.ec\/webantigua\/wp-content\/uploads\/2022\/06\/logo-union-europea-400x267.jpg 400w, https:\/\/cdes.org.ec\/webantigua\/wp-content\/uploads\/2022\/06\/logo-union-europea-470x310.jpg 470w, https:\/\/cdes.org.ec\/webantigua\/wp-content\/uploads\/2022\/06\/logo-union-europea.jpg 600w\" sizes=\"(max-width: 106px) 100vw, 106px\" \/><\/a><\/strong><\/p>\n<p><span style=\"color: #808080;\">Esta publicaci\u00f3n ha sido realizada con el apoyo de la Uni\u00f3n Europea. El contenido de la misma es responsabilidad exclusiva de CDES y no refleja, necesariamente, la opini\u00f3n del cooperante.<\/span><\/p>\n","protected":false},"excerpt":{"rendered":"<p>Contenido Gesti\u00f3n de la deuda Gobernanza general y espacio civil [&hellip;]<\/p>\n","protected":false},"author":1,"featured_media":8726,"comment_status":"open","ping_status":"open","sticky":false,"template":"","format":"standard","meta":{"_siteseo_robots_primary_cat":"","_joinchat":[],"footnotes":""},"categories":[87,1],"tags":[],"class_list":["post-8841","post","type-post","status-publish","format-standard","has-post-thumbnail","hentry","category-home-slider","category-uncategorized"],"_links":{"self":[{"href":"https:\/\/cdes.org.ec\/webantigua\/wp-json\/wp\/v2\/posts\/8841","targetHints":{"allow":["GET"]}}],"collection":[{"href":"https:\/\/cdes.org.ec\/webantigua\/wp-json\/wp\/v2\/posts"}],"about":[{"href":"https:\/\/cdes.org.ec\/webantigua\/wp-json\/wp\/v2\/types\/post"}],"author":[{"embeddable":true,"href":"https:\/\/cdes.org.ec\/webantigua\/wp-json\/wp\/v2\/users\/1"}],"replies":[{"embeddable":true,"href":"https:\/\/cdes.org.ec\/webantigua\/wp-json\/wp\/v2\/comments?post=8841"}],"version-history":[{"count":6,"href":"https:\/\/cdes.org.ec\/webantigua\/wp-json\/wp\/v2\/posts\/8841\/revisions"}],"predecessor-version":[{"id":9509,"href":"https:\/\/cdes.org.ec\/webantigua\/wp-json\/wp\/v2\/posts\/8841\/revisions\/9509"}],"wp:featuredmedia":[{"embeddable":true,"href":"https:\/\/cdes.org.ec\/webantigua\/wp-json\/wp\/v2\/media\/8726"}],"wp:attachment":[{"href":"https:\/\/cdes.org.ec\/webantigua\/wp-json\/wp\/v2\/media?parent=8841"}],"wp:term":[{"taxonomy":"category","embeddable":true,"href":"https:\/\/cdes.org.ec\/webantigua\/wp-json\/wp\/v2\/categories?post=8841"},{"taxonomy":"post_tag","embeddable":true,"href":"https:\/\/cdes.org.ec\/webantigua\/wp-json\/wp\/v2\/tags?post=8841"}],"curies":[{"name":"wp","href":"https:\/\/api.w.org\/{rel}","templated":true}]}}