{"id":8880,"date":"2022-07-01T15:28:24","date_gmt":"2022-07-01T15:28:24","guid":{"rendered":"https:\/\/cdes.org.ec\/webantigua\/?p=8880"},"modified":"2022-07-01T15:28:24","modified_gmt":"2022-07-01T15:28:24","slug":"relator-de-la-onu-sobre-independencia-judicial-critico-el-proceso-penal-contra-leonidas-iza","status":"publish","type":"post","link":"https:\/\/cdes.org.ec\/webantigua\/relator-de-la-onu-sobre-independencia-judicial-critico-el-proceso-penal-contra-leonidas-iza\/","title":{"rendered":"Relator de la ONU sobre Independencia Judicial critic\u00f3 el proceso penal contra Leonidas Iza"},"content":{"rendered":"<p><strong>Diego Garc\u00eda Say\u00e1n<\/strong>, relator de la Organizaci\u00f3n de las Naciones Unidas (ONU) sobre Independencia Judicial, critic\u00f3 el\u00a0<strong>proceso penal\u00a0<\/strong>en contra de<strong>\u00a0Leonidas Iza<\/strong>, presidente de la Confederaci\u00f3n de Nacionalidades Ind\u00edgenas del Ecuador (Conaie).<\/p>\n<p>El 15 de junio de este a\u00f1o se conoci\u00f3 que la\u00a0<strong>Fiscal\u00eda de Cotopaxi\u00a0<\/strong>proces\u00f3 al dirigente ind\u00edgena por presunta paralizaci\u00f3n de un servicio p\u00fablico. Actualmente, \u00e9l cumple medidas alternativas a la prisi\u00f3n preventiva.<\/p>\n<p>El l\u00edder ind\u00edgena fue detenido el 14 de junio del 2022. Seg\u00fan los primeros reportes policiales, Iza y sus seguidores habr\u00edan bloqueado la carretera E35 cerca de<strong>\u00a0Pastocalle<\/strong>, en Cotopaxi.<\/p>\n<p>Este jueves 30 de junio del 2022, a trav\u00e9s de su cuenta de Twitter,\u00a0<strong>Garc\u00eda Say\u00e1n<\/strong>\u00a0dijo que le \u201cpreocupa\u201d que en el proceso judicial contra Iza la \u201cactuaci\u00f3n de la\u00a0<strong>Fiscal\u00eda de Cotopaxi\u00a0<\/strong>podr\u00eda haber estado parcializada\u201d y que tambi\u00e9n se habr\u00eda afectado su derecho a la defensa durante 10 d\u00edas<\/p>\n<p>\u201cSigo con<strong>\u00a0preocupaci\u00f3n cierto hechos<\/strong>, dentro del contexto de la protesta ind\u00edgena. Estos hechos afectan, entre otros, al presidente de Conaie, Leonidas Iza Salazar\u201d, indic\u00f3 el Relator de la ONU.<\/p>\n<p>\u00c9l a\u00f1adi\u00f3 lo siguiente: \u201cPor el ejercicio de sus derechos, fue detenido el 14 de junio y trasladado a una base militar en donde estuvo\u00a0<strong>incomunicado durante 17 horas<\/strong>. Luego se le habr\u00edan imputado cargos por paralizaci\u00f3n de servicio p\u00fablico, obstrucci\u00f3n de v\u00eda p\u00fablica. La Fiscal\u00eda emiti\u00f3 cargos\u201d.<\/p>\n<p>Garc\u00eda Say\u00e1n tambi\u00e9n dijo que recibi\u00f3 informaci\u00f3n de que por \u201cel ejercicio de sus derechos a la libertad de expresi\u00f3n se habr\u00eda calificado (a Iza) como \u2018terrorista\u2019 o \u2018conspirador\u2019 desde espacios gubernamentales\u201d.<\/p>\n<h2 id=\"h-pedido-de-iza\"><strong>Pedido de Iza<\/strong><\/h2>\n<p>La tarde de este jueves 30 de junio del 2022, antes de que el Gobierno y el movimiento ind\u00edgena firmara el acuerdo que puso fin al paro nacional, el presidente de la\u00a0<strong>Conaie<\/strong>\u00a0pidi\u00f3 que se conforme una mesa de justicia para que no se criminalice la lucha social.<\/p>\n<p>\u201cDiscutamos una mesa de justicia para que la lucha social no sea criminalizada en el pa\u00eds. Nos hemos levantado por el derecho a la resistencia y por el derecho a la lucha, pero por favor Gobierno Nacional ya basta de seguir estigmatizando, racializando a los luchadores sociales. Basta de decirnos que somos terroristas\u201d, se\u00f1al\u00f3 Iza<\/p>\n<h2><strong>Audiencia prevista<\/strong><\/h2>\n<p>El 15 de junio del 2022 se conoci\u00f3 que una jueza dispuso que la causa judicial de Iza se tramite bajo procedimiento directo.<\/p>\n<p>El art\u00edculo 640 del C\u00f3digo Integral Penal (COIP) establece que \u201ceste procedimiento concentra todas las etapas del proceso penal en una sola audiencia\u201d.<\/p>\n<p>Es decir que en una misma\u00a0<strong>audiencia<\/strong>\u00a0se realiza la acusaci\u00f3n penal, se presentan las evidencias y se realiza el juicio. Y tras analizar las pruebas, la magistrada decidir\u00e1 si lo condena o no.<\/p>\n<p>El art\u00edculo 346 del C\u00f3digo Integral Penal establece que la paralizaci\u00f3n de un<strong>\u00a0servicio p\u00fablico<\/strong>\u00a0se sanciona con pena privativa de libertad de uno a tres a\u00f1os.<\/p>\n<p>La magistrada Bed\u00f3n ya fij\u00f3 fecha y hora para realizar esa audiencia. La diligencia est\u00e1 prevista para el pr\u00f3ximo 4 de julio del 2022, a las 10:40, en la Sala 9 del Complejo Judicial de Latacunga.<\/p>\n<p>&nbsp;<\/p>\n<pre>Fuente: El Comercio<\/pre>\n","protected":false},"excerpt":{"rendered":"<p>Diego Garc\u00eda Say\u00e1n, relator de la Organizaci\u00f3n de las Naciones [&hellip;]<\/p>\n","protected":false},"author":1,"featured_media":8881,"comment_status":"open","ping_status":"open","sticky":false,"template":"","format":"standard","meta":{"_siteseo_robots_primary_cat":"","_joinchat":[],"footnotes":""},"categories":[79,87,38],"tags":[],"class_list":["post-8880","post","type-post","status-publish","format-standard","has-post-thumbnail","hentry","category-derechos-politicos-y-civiles","category-home-slider","category-pueblos-indigenas"],"_links":{"self":[{"href":"https:\/\/cdes.org.ec\/webantigua\/wp-json\/wp\/v2\/posts\/8880","targetHints":{"allow":["GET"]}}],"collection":[{"href":"https:\/\/cdes.org.ec\/webantigua\/wp-json\/wp\/v2\/posts"}],"about":[{"href":"https:\/\/cdes.org.ec\/webantigua\/wp-json\/wp\/v2\/types\/post"}],"author":[{"embeddable":true,"href":"https:\/\/cdes.org.ec\/webantigua\/wp-json\/wp\/v2\/users\/1"}],"replies":[{"embeddable":true,"href":"https:\/\/cdes.org.ec\/webantigua\/wp-json\/wp\/v2\/comments?post=8880"}],"version-history":[{"count":2,"href":"https:\/\/cdes.org.ec\/webantigua\/wp-json\/wp\/v2\/posts\/8880\/revisions"}],"predecessor-version":[{"id":8883,"href":"https:\/\/cdes.org.ec\/webantigua\/wp-json\/wp\/v2\/posts\/8880\/revisions\/8883"}],"wp:featuredmedia":[{"embeddable":true,"href":"https:\/\/cdes.org.ec\/webantigua\/wp-json\/wp\/v2\/media\/8881"}],"wp:attachment":[{"href":"https:\/\/cdes.org.ec\/webantigua\/wp-json\/wp\/v2\/media?parent=8880"}],"wp:term":[{"taxonomy":"category","embeddable":true,"href":"https:\/\/cdes.org.ec\/webantigua\/wp-json\/wp\/v2\/categories?post=8880"},{"taxonomy":"post_tag","embeddable":true,"href":"https:\/\/cdes.org.ec\/webantigua\/wp-json\/wp\/v2\/tags?post=8880"}],"curies":[{"name":"wp","href":"https:\/\/api.w.org\/{rel}","templated":true}]}}