{"id":8925,"date":"2022-09-14T18:29:33","date_gmt":"2022-09-14T18:29:33","guid":{"rendered":"https:\/\/cdes.org.ec\/webantigua\/?p=8925"},"modified":"2022-09-14T20:34:44","modified_gmt":"2022-09-14T20:34:44","slug":"presentamos-nuestra-traduccion-al-espanol-de-la-ultima-revision-del-acuerdo-con-el-fmi","status":"publish","type":"post","link":"https:\/\/cdes.org.ec\/webantigua\/presentamos-nuestra-traduccion-al-espanol-de-la-ultima-revision-del-acuerdo-con-el-fmi\/","title":{"rendered":"Presentamos nuestra traducci\u00f3n al espa\u00f1ol de la cuarta y quinta revisi\u00f3n del acuerdo con el FMI"},"content":{"rendered":"<p>Hemos traducido la Cuarta y Quinta Revisiones bajo el Acuerdo Ampliado bajo la Facilidad Ampliada del Fondo, Solicitud de Exenci\u00f3n por Incumplimiento del Criterio de Desempe\u00f1o, Reprogramaci\u00f3n del Acceso y Revisi\u00f3n de Garant\u00edas de Financiamiento-Comunicado de Prensa; Informe del personal; Declaraci\u00f3n del personal; y Declaraci\u00f3n del Director Ejecutivo por Ecuador.<\/p>\n<div id=\"attachment_8935\" style=\"width: 237px\" class=\"wp-caption aligncenter\"><a class=\"https:\/\/cdes.org.ec\/webantigua\/wp-content\/uploads\/2022\/09\/Staff-Report-1ECUEA2022001-ESPANOL-Rev.2.0.pdf noopener\" href=\"https:\/\/cdes.org.ec\/webantigua\/wp-content\/uploads\/2022\/09\/Staff-Report-1ECUEA2022001-ESPANOL-Rev.2.0.pdf\" target=\"_blank\" rel=\"https:\/\/cdes.org.ec\/webantigua\/wp-content\/uploads\/2022\/09\/Staff-Report-1ECUEA2022001-ESPANOL-Rev.2.0.pdf noopener\"><img decoding=\"async\" aria-describedby=\"caption-attachment-8935\" class=\"wp-image-8935 size-medium\" title=\"StaffReportEspa\u00f1ol\" src=\"https:\/\/cdes.org.ec\/webantigua\/wp-content\/uploads\/2022\/09\/4toy5toStaffReportFMI-1-227x300.png\" alt=\"\" width=\"227\" height=\"300\" srcset=\"https:\/\/cdes.org.ec\/webantigua\/wp-content\/uploads\/2022\/09\/4toy5toStaffReportFMI-1-200x265.png 200w, https:\/\/cdes.org.ec\/webantigua\/wp-content\/uploads\/2022\/09\/4toy5toStaffReportFMI-1-227x300.png 227w, https:\/\/cdes.org.ec\/webantigua\/wp-content\/uploads\/2022\/09\/4toy5toStaffReportFMI-1-400x529.png 400w, https:\/\/cdes.org.ec\/webantigua\/wp-content\/uploads\/2022\/09\/4toy5toStaffReportFMI-1.png 452w\" sizes=\"(max-width: 227px) 100vw, 227px\" \/><\/a><p id=\"caption-attachment-8935\" class=\"wp-caption-text\">Quinta y cuarta revisi\u00f3n del Acuerdo con el FMI (en espa\u00f1ol)<\/p><\/div>\n<p><span style=\"vertical-align: inherit;\"><span style=\"vertical-align: inherit;\">Sobre la necesidad de una traducci\u00f3n, tenemos que decir que el gobierno nacional estar\u00eda en la obligaci\u00f3n de publicar en su portal web la informaci\u00f3n del desarrollo del acuerdo con el Fondo Monetario Internacional. <\/span><span style=\"vertical-align: inherit;\">Esta informaci\u00f3n deber\u00eda estar publicada en espa\u00f1ol para cumplir con los principios de m\u00e1xima difusi\u00f3n y buena fe.\u00a0 <\/span><\/span><\/p>\n<p><span style=\"vertical-align: inherit;\"><span style=\"vertical-align: inherit;\">Sin embargo, desde el a\u00f1o 2019,<a href=\"https:\/\/www.finanzas.gob.ec\/carta-de intenci\u00f3n\/\"> s\u00f3lo una vez<\/a> se ha publicado los documentos que correspond\u00eda a la primera carta de intenci\u00f3n. <\/span><\/span><span style=\"vertical-align: inherit;\"><span style=\"vertical-align: inherit;\">En virtud de esta omisi\u00f3n, hemos decidido promocionar una versi\u00f3n del Acuerdo con el FMI traducido al espa\u00f1ol para contribuir con la transparencia y la participaci\u00f3n ciudadana sobre los contenidos de la revisi\u00f3n del Acuerdo, debido a que contienen orientaciones de pol\u00edtica p\u00fablica que son de inter\u00e9s general por sus efectos en las condiciones de vida y los derechos de la poblaci\u00f3n.\u00a0\u00a0<\/span><\/span><\/p>\n<p>Esta traducci\u00f3n tiene restricciones propias de un documento no oficial. Se trata de una interpretaci\u00f3n al castellano r\u00e1pida, de 116 p\u00e1ginas, que habr\u00eda sido muy dif\u00edcil traducir, en un tiempo prudente, sin las <a href=\"https:\/\/translate.google.com\/?hl=es&amp;sl=auto&amp;tl=es&amp;op=docs\">herramientas<\/a> del internet que permiten arrojar una primera versi\u00f3n de documento que luego pudo ser corregido por el equipo de CDES.<\/p>\n<p>El documento original en ingl\u00e9s, se puede encontrar en el portal del FMI, con el t\u00edtulo: <a href=\"https:\/\/www.imf.org\/en\/Publications\/CR\/Issues\/2022\/07\/16\/Ecuador-Fourth-and-Fifth-Reviews-under-the-Extended-Arrangement-under-the-Extended-Fund-520879\">Ecuador: Fourth and Fifth Reviews under the Extended Arrangement under the Extended Fund Facility, Request for a Waiver of Nonobservance of Performance Criterion, Rephasing of Access, and Financing Assurances Review-Press Release; Staff Report; Staff Statement; and Statement by the Executive Director for Ecuador<\/a>, publicado el 15 de julio del 2022.<\/p>\n<p>Por \u00faltimo, queremos recordar que el Acuerdo con el FMI debe someterse a las normas de transparencia, control pol\u00edtico y social seg\u00fan la Constituci\u00f3n y los convenios internacionales. Esto implica que el Ministerio de Econom\u00eda y Finanzas deber\u00eda publicar en su p\u00e1gina web, en un lugar visibles y transparente \u2014y en espa\u00f1ol\u2014 toda la informaci\u00f3n sobre el Acuerdo, para que est\u00e9 a disposici\u00f3n de los ciudadanos en garant\u00eda del derecho de acceso a la informaci\u00f3n p\u00fablica.<\/p>\n","protected":false},"excerpt":{"rendered":"<p>Hemos traducido la Cuarta y Quinta Revisiones bajo el Acuerdo [&hellip;]<\/p>\n","protected":false},"author":1,"featured_media":8941,"comment_status":"open","ping_status":"open","sticky":false,"template":"","format":"standard","meta":{"_siteseo_robots_primary_cat":"","_joinchat":[],"footnotes":""},"categories":[46,52,87],"tags":[],"class_list":["post-8925","post","type-post","status-publish","format-standard","has-post-thumbnail","hentry","category-deuda","category-trabajo","category-home-slider"],"_links":{"self":[{"href":"https:\/\/cdes.org.ec\/webantigua\/wp-json\/wp\/v2\/posts\/8925","targetHints":{"allow":["GET"]}}],"collection":[{"href":"https:\/\/cdes.org.ec\/webantigua\/wp-json\/wp\/v2\/posts"}],"about":[{"href":"https:\/\/cdes.org.ec\/webantigua\/wp-json\/wp\/v2\/types\/post"}],"author":[{"embeddable":true,"href":"https:\/\/cdes.org.ec\/webantigua\/wp-json\/wp\/v2\/users\/1"}],"replies":[{"embeddable":true,"href":"https:\/\/cdes.org.ec\/webantigua\/wp-json\/wp\/v2\/comments?post=8925"}],"version-history":[{"count":11,"href":"https:\/\/cdes.org.ec\/webantigua\/wp-json\/wp\/v2\/posts\/8925\/revisions"}],"predecessor-version":[{"id":8942,"href":"https:\/\/cdes.org.ec\/webantigua\/wp-json\/wp\/v2\/posts\/8925\/revisions\/8942"}],"wp:featuredmedia":[{"embeddable":true,"href":"https:\/\/cdes.org.ec\/webantigua\/wp-json\/wp\/v2\/media\/8941"}],"wp:attachment":[{"href":"https:\/\/cdes.org.ec\/webantigua\/wp-json\/wp\/v2\/media?parent=8925"}],"wp:term":[{"taxonomy":"category","embeddable":true,"href":"https:\/\/cdes.org.ec\/webantigua\/wp-json\/wp\/v2\/categories?post=8925"},{"taxonomy":"post_tag","embeddable":true,"href":"https:\/\/cdes.org.ec\/webantigua\/wp-json\/wp\/v2\/tags?post=8925"}],"curies":[{"name":"wp","href":"https:\/\/api.w.org\/{rel}","templated":true}]}}