{"id":8945,"date":"2022-10-05T18:25:10","date_gmt":"2022-10-05T18:25:10","guid":{"rendered":"https:\/\/cdes.org.ec\/webantigua\/?p=8945"},"modified":"2023-11-20T13:44:39","modified_gmt":"2023-11-20T13:44:39","slug":"monitoreo-pobreza-y-condiciones-laborales","status":"publish","type":"post","link":"https:\/\/cdes.org.ec\/webantigua\/monitoreo-pobreza-y-condiciones-laborales\/","title":{"rendered":"Monitoreo: pobreza y condiciones laborales"},"content":{"rendered":"<p>Visibilizar el estado de los derechos econ\u00f3micos y sociales est\u00e1 asociado a la creaci\u00f3n de capacidades estad\u00edsticas. En este caso producimos informaci\u00f3n con un enfoque de empleo y grupos sociales en situaci\u00f3n de vulnerabilidad social.<\/p>\n<p>As\u00ed, este monitoreo presenta indicadores sobre derechos econ\u00f3micos y sociales que est\u00e1 elaborado en base a la Encuesta de Empleo, Desempleo y Subempleo &#8211; ENEMDU. Procesamos la base de datos para obtener variables sobre\u00a0 pobreza y empleo desagregados por rama de actividad econ\u00f3mica, tipos de trabajo, etnia, sexo y seguridad social.<\/p>\n<p><a href=\"https:\/\/cdes.org.ec\/webantigua\/wp-content\/uploads\/2022\/10\/2022-10-05-Monitoreo-Indicadores-Laborales-CDES.xlsx\">Resultados tabulados en la hoja de Excel aqu\u00ed:<\/a><\/p>\n<p><a href=\"https:\/\/cdes.org.ec\/webantigua\/wp-content\/uploads\/2022\/10\/2022-10-05-Monitoreo-Indicadores-Laborales-CDES.xlsx\"><img decoding=\"async\" class=\"alignnone size-medium wp-image-8946\" src=\"https:\/\/cdes.org.ec\/webantigua\/wp-content\/uploads\/2022\/10\/Captura-300x241.png\" alt=\"\" width=\"300\" height=\"241\" srcset=\"https:\/\/cdes.org.ec\/webantigua\/wp-content\/uploads\/2022\/10\/Captura-177x142.png 177w, https:\/\/cdes.org.ec\/webantigua\/wp-content\/uploads\/2022\/10\/Captura-200x161.png 200w, https:\/\/cdes.org.ec\/webantigua\/wp-content\/uploads\/2022\/10\/Captura-300x241.png 300w, https:\/\/cdes.org.ec\/webantigua\/wp-content\/uploads\/2022\/10\/Captura-400x322.png 400w, https:\/\/cdes.org.ec\/webantigua\/wp-content\/uploads\/2022\/10\/Captura-600x483.png 600w, https:\/\/cdes.org.ec\/webantigua\/wp-content\/uploads\/2022\/10\/Captura.png 669w\" sizes=\"(max-width: 300px) 100vw, 300px\" \/><\/a><\/p>\n<p>Los indicadores han sido elaborados entre los a\u00f1os 2016 y 2021. La informaci\u00f3n ser\u00e1 actualizada peri\u00f3dicamente para cada mes de diciembre del a\u00f1o.\u00a0 Para acceder a detalles sobre los pasos para obtener los datos, puede consultar nuestro <a href=\"https:\/\/cdes.org.ec\/webantigua\/wp-content\/uploads\/2022\/10\/Manual-CDES-Indicadores.pdf\">Manual de Metodolog\u00eda y Sintaxis<\/a>.<\/p>\n<p><strong>Principales resultados<\/strong><\/p>\n<p>La insuficiencia de ingresos afecta de manera desproporcionada a la poblaci\u00f3n econ\u00f3micamente activa (PEA) agrupada en la rama de agricultura; la poblaci\u00f3n ind\u00edgena y montubia; y los trabajadores no remunerados, sin seguridad social o con alg\u00fan tipo de seguridad social que no es p\u00fablico.<\/p>\n<p><a href=\"https:\/\/cdes.org.ec\/webantigua\/wp-content\/uploads\/2022\/10\/3.png\"><img decoding=\"async\" class=\"alignnone size-medium wp-image-8954\" src=\"https:\/\/cdes.org.ec\/webantigua\/wp-content\/uploads\/2022\/10\/3-300x138.png\" alt=\"\" width=\"300\" height=\"138\" srcset=\"https:\/\/cdes.org.ec\/webantigua\/wp-content\/uploads\/2022\/10\/3-200x92.png 200w, https:\/\/cdes.org.ec\/webantigua\/wp-content\/uploads\/2022\/10\/3-300x138.png 300w, https:\/\/cdes.org.ec\/webantigua\/wp-content\/uploads\/2022\/10\/3-400x184.png 400w, https:\/\/cdes.org.ec\/webantigua\/wp-content\/uploads\/2022\/10\/3.png 586w\" sizes=\"(max-width: 300px) 100vw, 300px\" \/><\/a><a href=\"https:\/\/cdes.org.ec\/webantigua\/wp-content\/uploads\/2022\/10\/6.png\"><img decoding=\"async\" class=\"alignnone size-medium wp-image-8951\" src=\"https:\/\/cdes.org.ec\/webantigua\/wp-content\/uploads\/2022\/10\/6-300x141.png\" alt=\"\" width=\"300\" height=\"141\" srcset=\"https:\/\/cdes.org.ec\/webantigua\/wp-content\/uploads\/2022\/10\/6-200x94.png 200w, https:\/\/cdes.org.ec\/webantigua\/wp-content\/uploads\/2022\/10\/6-300x141.png 300w, https:\/\/cdes.org.ec\/webantigua\/wp-content\/uploads\/2022\/10\/6-400x188.png 400w, https:\/\/cdes.org.ec\/webantigua\/wp-content\/uploads\/2022\/10\/6.png 581w\" sizes=\"(max-width: 300px) 100vw, 300px\" \/><\/a><\/p>\n<p><a href=\"https:\/\/cdes.org.ec\/webantigua\/wp-content\/uploads\/2022\/10\/1.png\"><img decoding=\"async\" class=\"alignnone size-medium wp-image-8956\" src=\"https:\/\/cdes.org.ec\/webantigua\/wp-content\/uploads\/2022\/10\/1-300x157.png\" alt=\"\" width=\"300\" height=\"157\" srcset=\"https:\/\/cdes.org.ec\/webantigua\/wp-content\/uploads\/2022\/10\/1-200x105.png 200w, https:\/\/cdes.org.ec\/webantigua\/wp-content\/uploads\/2022\/10\/1-300x157.png 300w, https:\/\/cdes.org.ec\/webantigua\/wp-content\/uploads\/2022\/10\/1-400x210.png 400w, https:\/\/cdes.org.ec\/webantigua\/wp-content\/uploads\/2022\/10\/1.png 519w\" sizes=\"(max-width: 300px) 100vw, 300px\" \/><\/a><a href=\"https:\/\/cdes.org.ec\/webantigua\/wp-content\/uploads\/2022\/10\/4.png\"><img decoding=\"async\" class=\"alignnone size-medium wp-image-8953\" src=\"https:\/\/cdes.org.ec\/webantigua\/wp-content\/uploads\/2022\/10\/4-300x157.png\" alt=\"\" width=\"300\" height=\"157\" srcset=\"https:\/\/cdes.org.ec\/webantigua\/wp-content\/uploads\/2022\/10\/4-200x105.png 200w, https:\/\/cdes.org.ec\/webantigua\/wp-content\/uploads\/2022\/10\/4-300x157.png 300w, https:\/\/cdes.org.ec\/webantigua\/wp-content\/uploads\/2022\/10\/4-400x210.png 400w, https:\/\/cdes.org.ec\/webantigua\/wp-content\/uploads\/2022\/10\/4.png 519w\" sizes=\"(max-width: 300px) 100vw, 300px\" \/><\/a><\/p>\n<p><a href=\"https:\/\/cdes.org.ec\/webantigua\/wp-content\/uploads\/2022\/10\/2.png\"><img decoding=\"async\" class=\"alignnone size-medium wp-image-8955\" src=\"https:\/\/cdes.org.ec\/webantigua\/wp-content\/uploads\/2022\/10\/2-300x158.png\" alt=\"\" width=\"300\" height=\"158\" srcset=\"https:\/\/cdes.org.ec\/webantigua\/wp-content\/uploads\/2022\/10\/2-200x105.png 200w, https:\/\/cdes.org.ec\/webantigua\/wp-content\/uploads\/2022\/10\/2-300x158.png 300w, https:\/\/cdes.org.ec\/webantigua\/wp-content\/uploads\/2022\/10\/2-400x211.png 400w, https:\/\/cdes.org.ec\/webantigua\/wp-content\/uploads\/2022\/10\/2.png 512w\" sizes=\"(max-width: 300px) 100vw, 300px\" \/><\/a><img decoding=\"async\" class=\"alignnone size-medium wp-image-8952\" src=\"https:\/\/cdes.org.ec\/webantigua\/wp-content\/uploads\/2022\/10\/5-300x160.png\" alt=\"\" width=\"300\" height=\"160\" srcset=\"https:\/\/cdes.org.ec\/webantigua\/wp-content\/uploads\/2022\/10\/5-200x107.png 200w, https:\/\/cdes.org.ec\/webantigua\/wp-content\/uploads\/2022\/10\/5-300x160.png 300w, https:\/\/cdes.org.ec\/webantigua\/wp-content\/uploads\/2022\/10\/5-400x213.png 400w, https:\/\/cdes.org.ec\/webantigua\/wp-content\/uploads\/2022\/10\/5.png 512w\" sizes=\"(max-width: 300px) 100vw, 300px\" \/><\/p>\n<p>La informaci\u00f3n de la base de datos <a href=\"https:\/\/cdes.org.ec\/webantigua\/por-la-justicia-social-es-urgente-reducir-la-pobreza-extrema\/\">se puede analizar<\/a> en una l\u00ednea de tiempo; por ejemplo, nos muestra que entre 2017 y 2021 la extrema pobreza creci\u00f3 11.7 puntos para la poblaci\u00f3n ind\u00edgena, 13 para la montubia, 10.3 para la poblaci\u00f3n rural, 7.8 para la poblaci\u00f3n no remunerada.<\/p>\n<p><img decoding=\"async\" class=\"alignleft\" src=\"https:\/\/cdes.org.ec\/webantigua\/wp-content\/uploads\/2022\/02\/2-extrem.png\" width=\"449\" height=\"190\" \/><\/p>\n<p>&nbsp;<\/p>\n<p>&nbsp;<\/p>\n<p>&nbsp;<\/p>\n<p>&nbsp;<\/p>\n<p>&nbsp;<\/p>\n<p>&nbsp;<\/p>\n<p>Sobre el empleo adecuado loe mejores resultados est\u00e1n las ramas de actividad de servicios financieros, ense\u00f1anza y servicios sociales y administraci\u00f3n p\u00fablica. Mientras tanto las ramas con menor empleo adecuado son las de agricultura, comercio, alojamiento y servicios de comida y servicios dom\u00e9stico.<\/p>\n<p><a href=\"https:\/\/cdes.org.ec\/webantigua\/wp-content\/uploads\/2022\/10\/7.png\"><img decoding=\"async\" class=\"alignnone size-medium wp-image-8950\" src=\"https:\/\/cdes.org.ec\/webantigua\/wp-content\/uploads\/2022\/10\/7-300x184.png\" alt=\"\" width=\"300\" height=\"184\" srcset=\"https:\/\/cdes.org.ec\/webantigua\/wp-content\/uploads\/2022\/10\/7-200x123.png 200w, https:\/\/cdes.org.ec\/webantigua\/wp-content\/uploads\/2022\/10\/7-300x184.png 300w, https:\/\/cdes.org.ec\/webantigua\/wp-content\/uploads\/2022\/10\/7-400x246.png 400w, https:\/\/cdes.org.ec\/webantigua\/wp-content\/uploads\/2022\/10\/7.png 503w\" sizes=\"(max-width: 300px) 100vw, 300px\" \/><\/a><a href=\"https:\/\/cdes.org.ec\/webantigua\/wp-content\/uploads\/2022\/10\/11.png\"><img decoding=\"async\" class=\"alignnone size-medium wp-image-8957\" src=\"https:\/\/cdes.org.ec\/webantigua\/wp-content\/uploads\/2022\/10\/11-300x170.png\" alt=\"\" width=\"300\" height=\"170\" srcset=\"https:\/\/cdes.org.ec\/webantigua\/wp-content\/uploads\/2022\/10\/11-200x113.png 200w, https:\/\/cdes.org.ec\/webantigua\/wp-content\/uploads\/2022\/10\/11-300x170.png 300w, https:\/\/cdes.org.ec\/webantigua\/wp-content\/uploads\/2022\/10\/11-400x226.png 400w, https:\/\/cdes.org.ec\/webantigua\/wp-content\/uploads\/2022\/10\/11.png 507w\" sizes=\"(max-width: 300px) 100vw, 300px\" \/><\/a><\/p>\n<p>El empleo adecuado tambi\u00e9n es mucho menor para la poblaci\u00f3n ind\u00edgena, montubios, cuenta propistas y mujeres. En contraste, con mejor empleo adecuado est\u00e1n los patronos, empleados asalariados, poblaci\u00f3n auto identificada blanca y mestiza.<\/p>\n<p>Se debe considerar que en el gr\u00e1fico de rama de actividad econ\u00f3mica no hemos incluido todas las ramas con el objetivo de simplificar, pero se puede consultar la base de datos en el archivo Excel.<\/p>\n<p>En la base de datos tambi\u00e9n puede encontrar informaci\u00f3n sobre la distribuci\u00f3n del ingreso per c\u00e1pita por deciles para la poblaci\u00f3n en general y para la poblaci\u00f3n econ\u00f3micamente activa; y puede consultar una comparaci\u00f3n de la evoluci\u00f3n temporal de la canasta familiar b\u00e1sica y canasta familiar vital.<\/p>\n<p><a href=\"https:\/\/cdes.org.ec\/webantigua\/wp-content\/uploads\/2022\/10\/9.png\"><img decoding=\"async\" class=\"alignnone size-medium wp-image-8948\" src=\"https:\/\/cdes.org.ec\/webantigua\/wp-content\/uploads\/2022\/10\/9-300x164.png\" alt=\"\" width=\"300\" height=\"164\" srcset=\"https:\/\/cdes.org.ec\/webantigua\/wp-content\/uploads\/2022\/10\/9-200x109.png 200w, https:\/\/cdes.org.ec\/webantigua\/wp-content\/uploads\/2022\/10\/9-300x164.png 300w, https:\/\/cdes.org.ec\/webantigua\/wp-content\/uploads\/2022\/10\/9-400x219.png 400w, https:\/\/cdes.org.ec\/webantigua\/wp-content\/uploads\/2022\/10\/9-600x328.png 600w, https:\/\/cdes.org.ec\/webantigua\/wp-content\/uploads\/2022\/10\/9.png 757w\" sizes=\"(max-width: 300px) 100vw, 300px\" \/><\/a><\/p>\n<p>Para conocer detalles de la metodolog\u00eda y sintaxis consultar el <a href=\"https:\/\/cdes.org.ec\/webantigua\/wp-content\/uploads\/2022\/10\/Manual-CDES-Indicadores.pdf\">manual<\/a>. La documentaci\u00f3n t\u00e9cnica y la elaboraci\u00f3n estad\u00edstica fue realizada por Irma Jaya, con la coordinaci\u00f3n de Pablo Iturralde. Env\u00edenos sus sugerencias y comentarios al correo piturralde@cdes.org.ec.<\/p>\n<p>&nbsp;<\/p>\n<p><strong><a href=\"https:\/\/cdes.org.ec\/webantigua\/wp-content\/uploads\/2022\/06\/logo-union-europea.jpg\"><img decoding=\"async\" class=\"alignnone wp-image-9508\" src=\"https:\/\/cdes.org.ec\/webantigua\/wp-content\/uploads\/2022\/06\/logo-union-europea-300x201.jpg\" alt=\"\" width=\"106\" height=\"71\" srcset=\"https:\/\/cdes.org.ec\/webantigua\/wp-content\/uploads\/2022\/06\/logo-union-europea-200x134.jpg 200w, https:\/\/cdes.org.ec\/webantigua\/wp-content\/uploads\/2022\/06\/logo-union-europea-300x201.jpg 300w, https:\/\/cdes.org.ec\/webantigua\/wp-content\/uploads\/2022\/06\/logo-union-europea-310x205.jpg 310w, https:\/\/cdes.org.ec\/webantigua\/wp-content\/uploads\/2022\/06\/logo-union-europea-400x267.jpg 400w, https:\/\/cdes.org.ec\/webantigua\/wp-content\/uploads\/2022\/06\/logo-union-europea-470x310.jpg 470w, https:\/\/cdes.org.ec\/webantigua\/wp-content\/uploads\/2022\/06\/logo-union-europea.jpg 600w\" sizes=\"(max-width: 106px) 100vw, 106px\" \/><\/a><\/strong><\/p>\n<p><span style=\"color: #808080;\">Esta publicaci\u00f3n ha sido realizada con el apoyo de la Uni\u00f3n Europea. El contenido de la misma es responsabilidad exclusiva de CDES y no refleja, necesariamente, la opini\u00f3n del cooperante.<\/span><\/p>\n","protected":false},"excerpt":{"rendered":"<p>Visibilizar el estado de los derechos econ\u00f3micos y sociales est\u00e1 [&hellip;]<\/p>\n","protected":false},"author":1,"featured_media":8726,"comment_status":"open","ping_status":"open","sticky":false,"template":"","format":"standard","meta":{"_siteseo_robots_primary_cat":"","_joinchat":[],"footnotes":""},"categories":[46,52,38],"tags":[],"class_list":["post-8945","post","type-post","status-publish","format-standard","has-post-thumbnail","hentry","category-deuda","category-trabajo","category-pueblos-indigenas"],"_links":{"self":[{"href":"https:\/\/cdes.org.ec\/webantigua\/wp-json\/wp\/v2\/posts\/8945","targetHints":{"allow":["GET"]}}],"collection":[{"href":"https:\/\/cdes.org.ec\/webantigua\/wp-json\/wp\/v2\/posts"}],"about":[{"href":"https:\/\/cdes.org.ec\/webantigua\/wp-json\/wp\/v2\/types\/post"}],"author":[{"embeddable":true,"href":"https:\/\/cdes.org.ec\/webantigua\/wp-json\/wp\/v2\/users\/1"}],"replies":[{"embeddable":true,"href":"https:\/\/cdes.org.ec\/webantigua\/wp-json\/wp\/v2\/comments?post=8945"}],"version-history":[{"count":6,"href":"https:\/\/cdes.org.ec\/webantigua\/wp-json\/wp\/v2\/posts\/8945\/revisions"}],"predecessor-version":[{"id":9510,"href":"https:\/\/cdes.org.ec\/webantigua\/wp-json\/wp\/v2\/posts\/8945\/revisions\/9510"}],"wp:featuredmedia":[{"embeddable":true,"href":"https:\/\/cdes.org.ec\/webantigua\/wp-json\/wp\/v2\/media\/8726"}],"wp:attachment":[{"href":"https:\/\/cdes.org.ec\/webantigua\/wp-json\/wp\/v2\/media?parent=8945"}],"wp:term":[{"taxonomy":"category","embeddable":true,"href":"https:\/\/cdes.org.ec\/webantigua\/wp-json\/wp\/v2\/categories?post=8945"},{"taxonomy":"post_tag","embeddable":true,"href":"https:\/\/cdes.org.ec\/webantigua\/wp-json\/wp\/v2\/tags?post=8945"}],"curies":[{"name":"wp","href":"https:\/\/api.w.org\/{rel}","templated":true}]}}