{"id":8979,"date":"2022-10-17T18:12:34","date_gmt":"2022-10-17T18:12:34","guid":{"rendered":"https:\/\/cdes.org.ec\/webantigua\/?p=8979"},"modified":"2022-10-17T21:03:30","modified_gmt":"2022-10-17T21:03:30","slug":"para-preservar-amazonia-grupos-indigenas-piden-condonacion-de-deuda","status":"publish","type":"post","link":"https:\/\/cdes.org.ec\/webantigua\/para-preservar-amazonia-grupos-indigenas-piden-condonacion-de-deuda\/","title":{"rendered":"Para preservar Amazon\u00eda, grupos ind\u00edgenas piden condonaci\u00f3n de deuda"},"content":{"rendered":"<p id=\"tw-target-text\" class=\"tw-data-text tw-text-large tw-ta\" dir=\"ltr\" data-placeholder=\"Traducci\u00f3n\"><span class=\"Y2IQFc\" lang=\"es\">Grupos ind\u00edgenas de toda la cuenca del Amazonas pidieron a las instituciones financieras que condonen las deudas soberanas de las naciones sudamericanas que componen la selva amaz\u00f3nica, a cambio de compromisos para preservar el medio ambiente.<\/span><\/p>\n<p>La Amazon\u00eda es la selva tropical m\u00e1s grande del mundo y su salud se considera clave para evitar los impactos m\u00e1s catastr\u00f3ficos del cambio clim\u00e1tico. El llamado proviene de un <a href=\"https:\/\/amazonia80x2025.earth\/wp-content\/uploads\/2022\/09\/Informe-Regional-Full-Version-ENG-vsf.docx.pdf\">informe publicado<\/a> por Coica, una organizaci\u00f3n de grupos ind\u00edgenas que viven en la Amazon\u00eda en nueve pa\u00edses diferentes.<\/p>\n<p>Versi\u00f3n original <a href=\"https:\/\/amazonia80x2025.earth\/wp-content\/uploads\/2022\/09\/Informe-Regional-Full-Version-ENG-vsf.docx.pdf\">aqu\u00ed<\/a><\/p>\n<p>Versi\u00f3n espa\u00f1ol <a href=\"https:\/\/cdes.org.ec\/webantigua\/wp-content\/uploads\/2022\/10\/Informe-Regional-Version-ESP-vsf.docx-1.docx\">aqu\u00ed<\/a><\/p>\n","protected":false},"excerpt":{"rendered":"<p>Grupos ind\u00edgenas de toda la cuenca del Amazonas pidieron a [&hellip;]<\/p>\n","protected":false},"author":1,"featured_media":8980,"comment_status":"open","ping_status":"open","sticky":false,"template":"","format":"standard","meta":{"_siteseo_robots_primary_cat":"","_joinchat":[],"footnotes":""},"categories":[87,12],"tags":[],"class_list":["post-8979","post","type-post","status-publish","format-standard","has-post-thumbnail","hentry","category-home-slider","category-justiciaambiental"],"_links":{"self":[{"href":"https:\/\/cdes.org.ec\/webantigua\/wp-json\/wp\/v2\/posts\/8979","targetHints":{"allow":["GET"]}}],"collection":[{"href":"https:\/\/cdes.org.ec\/webantigua\/wp-json\/wp\/v2\/posts"}],"about":[{"href":"https:\/\/cdes.org.ec\/webantigua\/wp-json\/wp\/v2\/types\/post"}],"author":[{"embeddable":true,"href":"https:\/\/cdes.org.ec\/webantigua\/wp-json\/wp\/v2\/users\/1"}],"replies":[{"embeddable":true,"href":"https:\/\/cdes.org.ec\/webantigua\/wp-json\/wp\/v2\/comments?post=8979"}],"version-history":[{"count":6,"href":"https:\/\/cdes.org.ec\/webantigua\/wp-json\/wp\/v2\/posts\/8979\/revisions"}],"predecessor-version":[{"id":8989,"href":"https:\/\/cdes.org.ec\/webantigua\/wp-json\/wp\/v2\/posts\/8979\/revisions\/8989"}],"wp:featuredmedia":[{"embeddable":true,"href":"https:\/\/cdes.org.ec\/webantigua\/wp-json\/wp\/v2\/media\/8980"}],"wp:attachment":[{"href":"https:\/\/cdes.org.ec\/webantigua\/wp-json\/wp\/v2\/media?parent=8979"}],"wp:term":[{"taxonomy":"category","embeddable":true,"href":"https:\/\/cdes.org.ec\/webantigua\/wp-json\/wp\/v2\/categories?post=8979"},{"taxonomy":"post_tag","embeddable":true,"href":"https:\/\/cdes.org.ec\/webantigua\/wp-json\/wp\/v2\/tags?post=8979"}],"curies":[{"name":"wp","href":"https:\/\/api.w.org\/{rel}","templated":true}]}}