{"id":9104,"date":"2022-10-27T15:38:07","date_gmt":"2022-10-27T15:38:07","guid":{"rendered":"https:\/\/cdes.org.ec\/webantigua\/?p=9104"},"modified":"2022-10-28T22:00:56","modified_gmt":"2022-10-28T22:00:56","slug":"guia-para-fortalecer-procesos-de-formacion-y-organizacion-de-las-mujeres-amazonicas-desde-las-bases","status":"publish","type":"post","link":"https:\/\/cdes.org.ec\/webantigua\/guia-para-fortalecer-procesos-de-formacion-y-organizacion-de-las-mujeres-amazonicas-desde-las-bases\/","title":{"rendered":"GU\u00cdA PARA FORTALECER  PROCESOS DE FORMACI\u00d3N Y ORGANIZACI\u00d3N DE LAS MUJERES AMAZ\u00d3NICAS DESDE LAS BASES"},"content":{"rendered":"<p style=\"font-weight: 400;\">Fortalecer la vida organizativa y la participaci\u00f3n de las mujeres es clave para transformar y mejorar la realidad que rodea a los pueblos y nacionalidades ind\u00edgenas. En esta direcci\u00f3n, hemos creado esta gu\u00eda pedag\u00f3gica que orienta la pr\u00e1ctica de acciones colectivas, experiencias de politizaci\u00f3n y r\u00e9plica de los procesos de formaci\u00f3n de las compa\u00f1eras \u2014junto a los compa\u00f1eros\u2014 en los diversos territorios amaz\u00f3nicos.<\/p>\n<p style=\"font-weight: 400;\">Su contenido es el resultado de la elaboraci\u00f3n colectiva junto a mujeres amaz\u00f3nicas que participaron en las tres escuelas de formaci\u00f3n de dirigentas: <a href=\"https:\/\/twitter.com\/cdes_derechos\/status\/1495803961097478147?s=20&amp;t=Xs0DeGwZLZprHjJM11rmCQ\" target=\"_blank\" rel=\"noopener\">Yapit (FENASH-P)<\/a>,\u00a0<a href=\"https:\/\/twitter.com\/cdes_derechos\/status\/1535751995956551681?s=20&amp;t=89D3HZJVxoHGRMuWx9oQZg\" target=\"_blank\" rel=\"noopener\">Wankurishka warmikuna (NAKIAN-FOIN)<\/a> y <a href=\"https:\/\/twitter.com\/cdes_derechos\/status\/1551311971978547205\" target=\"_blank\" rel=\"noopener\">la Red de Mujeres por la Vida<\/a> (<a href=\"https:\/\/udapt.org\/\">UDAPT<\/a>).<\/p>\n<div id=\"attachment_9018\" style=\"width: 610px\" class=\"wp-caption alignleft\"><img decoding=\"async\" aria-describedby=\"caption-attachment-9018\" class=\"wp-image-9018 size-fusion-600\" src=\"https:\/\/cdes.org.ec\/webantigua\/wp-content\/uploads\/2022\/10\/PHOTO-2022-02-19-18-47-35-2-600x450.jpg\" alt=\"\" width=\"600\" height=\"450\" srcset=\"https:\/\/cdes.org.ec\/webantigua\/wp-content\/uploads\/2022\/10\/PHOTO-2022-02-19-18-47-35-2-200x150.jpg 200w, https:\/\/cdes.org.ec\/webantigua\/wp-content\/uploads\/2022\/10\/PHOTO-2022-02-19-18-47-35-2-300x225.jpg 300w, https:\/\/cdes.org.ec\/webantigua\/wp-content\/uploads\/2022\/10\/PHOTO-2022-02-19-18-47-35-2-400x300.jpg 400w, https:\/\/cdes.org.ec\/webantigua\/wp-content\/uploads\/2022\/10\/PHOTO-2022-02-19-18-47-35-2-600x450.jpg 600w, https:\/\/cdes.org.ec\/webantigua\/wp-content\/uploads\/2022\/10\/PHOTO-2022-02-19-18-47-35-2-768x576.jpg 768w, https:\/\/cdes.org.ec\/webantigua\/wp-content\/uploads\/2022\/10\/PHOTO-2022-02-19-18-47-35-2-800x600.jpg 800w, https:\/\/cdes.org.ec\/webantigua\/wp-content\/uploads\/2022\/10\/PHOTO-2022-02-19-18-47-35-2-1024x768.jpg 1024w, https:\/\/cdes.org.ec\/webantigua\/wp-content\/uploads\/2022\/10\/PHOTO-2022-02-19-18-47-35-2-1200x900.jpg 1200w, https:\/\/cdes.org.ec\/webantigua\/wp-content\/uploads\/2022\/10\/PHOTO-2022-02-19-18-47-35-2-1536x1152.jpg 1536w, https:\/\/cdes.org.ec\/webantigua\/wp-content\/uploads\/2022\/10\/PHOTO-2022-02-19-18-47-35-2.jpg 1600w\" sizes=\"(max-width: 600px) 100vw, 600px\" \/><p id=\"caption-attachment-9018\" class=\"wp-caption-text\">Foto: construcci\u00f3n de herramientas de investigaci\u00f3n-acci\u00f3n-participativa para fortalecer los procesos de organizaci\u00f3n de las mujeres, junto a compa\u00f1eras de FENASH-P.<\/p><\/div>\n<div id=\"attachment_9017\" style=\"width: 610px\" class=\"wp-caption alignnone\"><img decoding=\"async\" aria-describedby=\"caption-attachment-9017\" class=\"wp-image-9017 size-fusion-600\" src=\"https:\/\/cdes.org.ec\/webantigua\/wp-content\/uploads\/2022\/10\/FVARNoAWYAAuQWw-600x450.jpeg\" alt=\"\" width=\"600\" height=\"450\" srcset=\"https:\/\/cdes.org.ec\/webantigua\/wp-content\/uploads\/2022\/10\/FVARNoAWYAAuQWw-200x150.jpeg 200w, https:\/\/cdes.org.ec\/webantigua\/wp-content\/uploads\/2022\/10\/FVARNoAWYAAuQWw-300x225.jpeg 300w, https:\/\/cdes.org.ec\/webantigua\/wp-content\/uploads\/2022\/10\/FVARNoAWYAAuQWw-400x300.jpeg 400w, https:\/\/cdes.org.ec\/webantigua\/wp-content\/uploads\/2022\/10\/FVARNoAWYAAuQWw-600x450.jpeg 600w, https:\/\/cdes.org.ec\/webantigua\/wp-content\/uploads\/2022\/10\/FVARNoAWYAAuQWw-768x576.jpeg 768w, https:\/\/cdes.org.ec\/webantigua\/wp-content\/uploads\/2022\/10\/FVARNoAWYAAuQWw-800x600.jpeg 800w, https:\/\/cdes.org.ec\/webantigua\/wp-content\/uploads\/2022\/10\/FVARNoAWYAAuQWw-1024x768.jpeg 1024w, https:\/\/cdes.org.ec\/webantigua\/wp-content\/uploads\/2022\/10\/FVARNoAWYAAuQWw.jpeg 1040w\" sizes=\"(max-width: 600px) 100vw, 600px\" \/><p id=\"caption-attachment-9017\" class=\"wp-caption-text\">Foto: desarrollo del taller de dise\u00f1o participativo para la construcci\u00f3n de la gu\u00eda \u201cMujeres de las nacionalidades: nuestro m\u00e9todo organizativo\u201d, junto a compa\u00f1eras de NAKIAN-FOIN en Tzawata.<\/p><\/div>\n<p>&nbsp;<\/p>\n<p>La gu\u00eda se basa en aprendizajes del acumulado hist\u00f3rico de las din\u00e1micas organizativas del movimiento ind\u00edgena ecuatoriano. Adem\u00e1s, sus contenidos son una adaptaci\u00f3n, a la realidad amaz\u00f3nica, de los principios de educaci\u00f3n popular y comunitaria que siguen el curso que nos dej\u00f3 Paulo Freire, sobre la \u00abacci\u00f3n\u2014reflexi\u00f3n\u2014acci\u00f3n\u00bb.<\/p>\n<p style=\"font-weight: 400;\"><img decoding=\"async\" class=\"alignnone wp-image-9150 size-fusion-600\" src=\"https:\/\/cdes.org.ec\/webantigua\/wp-content\/uploads\/2022\/10\/ImagenesInternas2-1-600x398.jpg\" alt=\"\" width=\"600\" height=\"398\" srcset=\"https:\/\/cdes.org.ec\/webantigua\/wp-content\/uploads\/2022\/10\/ImagenesInternas2-1-200x133.jpg 200w, https:\/\/cdes.org.ec\/webantigua\/wp-content\/uploads\/2022\/10\/ImagenesInternas2-1-300x199.jpg 300w, https:\/\/cdes.org.ec\/webantigua\/wp-content\/uploads\/2022\/10\/ImagenesInternas2-1-310x205.jpg 310w, https:\/\/cdes.org.ec\/webantigua\/wp-content\/uploads\/2022\/10\/ImagenesInternas2-1-400x265.jpg 400w, https:\/\/cdes.org.ec\/webantigua\/wp-content\/uploads\/2022\/10\/ImagenesInternas2-1-600x398.jpg 600w, https:\/\/cdes.org.ec\/webantigua\/wp-content\/uploads\/2022\/10\/ImagenesInternas2-1-768x509.jpg 768w, https:\/\/cdes.org.ec\/webantigua\/wp-content\/uploads\/2022\/10\/ImagenesInternas2-1-800x530.jpg 800w, https:\/\/cdes.org.ec\/webantigua\/wp-content\/uploads\/2022\/10\/ImagenesInternas2-1-1024x678.jpg 1024w, https:\/\/cdes.org.ec\/webantigua\/wp-content\/uploads\/2022\/10\/ImagenesInternas2-1-1200x795.jpg 1200w, https:\/\/cdes.org.ec\/webantigua\/wp-content\/uploads\/2022\/10\/ImagenesInternas2-1.jpg 1209w\" sizes=\"(max-width: 600px) 100vw, 600px\" \/><\/p>\n<p>En tanto herramienta pedag\u00f3gica, esta gu\u00eda no es una descripci\u00f3n sobre el \u00abc\u00f3mo hacer\u00bb, sino que invita a reflexionar sobre el \u00abporqu\u00e9\u00bb de cada acci\u00f3n organizativa. La gu\u00eda tambi\u00e9n provee recursos did\u00e1cticos que permiten pensar las acciones particulares para enlazarlos con los procesos \u00a0hist\u00f3ricos, sacando aprendizajes que dan sentido e identidad a cada acci\u00f3n.<\/p>\n<div id=\"attachment_9076\" style=\"width: 610px\" class=\"wp-caption alignnone\"><a href=\"https:\/\/cdes.org.ec\/webantigua\/wp-content\/uploads\/2022\/10\/Screen-Shot-2022-10-26-at-22.30.46.png\" target=\"_blank\" rel=\"noopener\"><img decoding=\"async\" aria-describedby=\"caption-attachment-9076\" class=\"wp-image-9076 size-fusion-600\" src=\"https:\/\/cdes.org.ec\/webantigua\/wp-content\/uploads\/2022\/10\/Screen-Shot-2022-10-26-at-22.30.46-600x397.png\" alt=\"\" width=\"600\" height=\"397\" srcset=\"https:\/\/cdes.org.ec\/webantigua\/wp-content\/uploads\/2022\/10\/Screen-Shot-2022-10-26-at-22.30.46-200x132.png 200w, https:\/\/cdes.org.ec\/webantigua\/wp-content\/uploads\/2022\/10\/Screen-Shot-2022-10-26-at-22.30.46-300x198.png 300w, https:\/\/cdes.org.ec\/webantigua\/wp-content\/uploads\/2022\/10\/Screen-Shot-2022-10-26-at-22.30.46-310x205.png 310w, https:\/\/cdes.org.ec\/webantigua\/wp-content\/uploads\/2022\/10\/Screen-Shot-2022-10-26-at-22.30.46-400x264.png 400w, https:\/\/cdes.org.ec\/webantigua\/wp-content\/uploads\/2022\/10\/Screen-Shot-2022-10-26-at-22.30.46-470x310.png 470w, https:\/\/cdes.org.ec\/webantigua\/wp-content\/uploads\/2022\/10\/Screen-Shot-2022-10-26-at-22.30.46-600x397.png 600w, https:\/\/cdes.org.ec\/webantigua\/wp-content\/uploads\/2022\/10\/Screen-Shot-2022-10-26-at-22.30.46-768x508.png 768w, https:\/\/cdes.org.ec\/webantigua\/wp-content\/uploads\/2022\/10\/Screen-Shot-2022-10-26-at-22.30.46-800x529.png 800w, https:\/\/cdes.org.ec\/webantigua\/wp-content\/uploads\/2022\/10\/Screen-Shot-2022-10-26-at-22.30.46-1024x677.png 1024w, https:\/\/cdes.org.ec\/webantigua\/wp-content\/uploads\/2022\/10\/Screen-Shot-2022-10-26-at-22.30.46-1200x793.png 1200w, https:\/\/cdes.org.ec\/webantigua\/wp-content\/uploads\/2022\/10\/Screen-Shot-2022-10-26-at-22.30.46-1536x1015.png 1536w, https:\/\/cdes.org.ec\/webantigua\/wp-content\/uploads\/2022\/10\/Screen-Shot-2022-10-26-at-22.30.46.png 1852w\" sizes=\"(max-width: 600px) 100vw, 600px\" \/><\/a><p id=\"caption-attachment-9076\" class=\"wp-caption-text\">Izquierda: CAP\u00cdTULO 5: La comunicaci\u00f3n en nuestra acci\u00f3n organizativa. EJERCICIO: \u00bfC\u00f3mo usar la palabra? Derecha: CAP\u00cdTULO 6: Dirigencias, cambios de mando y juventud. RESE\u00d1A HIST\u00d3RICA: Marcha Allpamanta, Kawsaymanta, Jatarishun.<\/p><\/div>\n<p>&nbsp;<\/p>\n<p style=\"font-weight: 400;\">Refuerza en sus aprendizajes, t\u00e9cnicas y m\u00e9todos la democracia comunitaria, que tienen que ver con la participaci\u00f3n directa de comunidades hist\u00f3ricamente marginadas \u2014como son las nacionalidades\u2014, y las mujeres que forman parte de dichas comunidades. Rescatando c\u00f3mo para que la democracia sea real y justa, uno de los temas fundamentales es la integraci\u00f3n de las mujeres en ella.<\/p>\n<div id=\"attachment_9090\" style=\"width: 610px\" class=\"wp-caption alignnone\"><a href=\"https:\/\/cdes.org.ec\/webantigua\/wp-content\/uploads\/2022\/10\/Screen-Shot-2022-10-26-at-23.15.26.png\" target=\"_blank\" rel=\"noopener\"><img decoding=\"async\" aria-describedby=\"caption-attachment-9090\" class=\"wp-image-9090 size-fusion-600\" src=\"https:\/\/cdes.org.ec\/webantigua\/wp-content\/uploads\/2022\/10\/Screen-Shot-2022-10-26-at-23.15.26-600x853.png\" alt=\"\" width=\"600\" height=\"853\" srcset=\"https:\/\/cdes.org.ec\/webantigua\/wp-content\/uploads\/2022\/10\/Screen-Shot-2022-10-26-at-23.15.26-200x284.png 200w, https:\/\/cdes.org.ec\/webantigua\/wp-content\/uploads\/2022\/10\/Screen-Shot-2022-10-26-at-23.15.26-211x300.png 211w, https:\/\/cdes.org.ec\/webantigua\/wp-content\/uploads\/2022\/10\/Screen-Shot-2022-10-26-at-23.15.26-400x568.png 400w, https:\/\/cdes.org.ec\/webantigua\/wp-content\/uploads\/2022\/10\/Screen-Shot-2022-10-26-at-23.15.26-600x853.png 600w, https:\/\/cdes.org.ec\/webantigua\/wp-content\/uploads\/2022\/10\/Screen-Shot-2022-10-26-at-23.15.26-721x1024.png 721w, https:\/\/cdes.org.ec\/webantigua\/wp-content\/uploads\/2022\/10\/Screen-Shot-2022-10-26-at-23.15.26-768x1091.png 768w, https:\/\/cdes.org.ec\/webantigua\/wp-content\/uploads\/2022\/10\/Screen-Shot-2022-10-26-at-23.15.26-800x1137.png 800w, https:\/\/cdes.org.ec\/webantigua\/wp-content\/uploads\/2022\/10\/Screen-Shot-2022-10-26-at-23.15.26.png 974w\" sizes=\"(max-width: 600px) 100vw, 600px\" \/><\/a><p id=\"caption-attachment-9090\" class=\"wp-caption-text\">CAP\u00cdTULO 3: Democracia comunitaria. REFLEXI\u00d3N COLECTIVA: Una democracia real y justa integra a las mujeres de los nacionalidades y sus comunidades<\/p><\/div>\n<p>&nbsp;<\/p>\n<p style=\"font-weight: 400;\">Esta gu\u00eda es una propuesta intercultural que ambiciona abarcar la realidad de varias nacionalidades ind\u00edgenas, por eso incluye lenguas y pictogramas de nueve nacionalidades amaz\u00f3nicas: Siekopai, Siona, Ai\u2019Kof\u00e1n, Kichwa, Waorani, Andwa, Shiwiar, Achuar y Shuar.<\/p>\n<p>Finalmente, este trabajo se ha enriquecido por la experiencia de las autoras. El proceso de investigaci\u00f3n para la gu\u00eda, as\u00ed como el dise\u00f1o de los pictogramas siguieron m\u00e9todos participativos, presentes en un\u00a0<a href=\"https:\/\/confeniae.net\/emergencia-de-educacion\" target=\"_blank\" rel=\"noopener\"><b>proyecto<\/b><\/a>\u00a0de Nathaly Pinto, impulsado con estudiantes universitarios de la CONFENIAE. Mientras que Camila Mart\u00ednez nutri\u00f3 al texto de su experiencia en educaci\u00f3n popular realizada un los barrios marginales de Guayaquil. No est\u00e1 por dem\u00e1s decir que las dos autoras han puesto aqu\u00ed su contingente acad\u00e9mico marcado por sus preocupaciones de justicia social y de g\u00e9nero.<\/p>\n<div id=\"attachment_9081\" style=\"width: 610px\" class=\"wp-caption alignnone\"><a href=\"https:\/\/cdes.org.ec\/webantigua\/wp-content\/uploads\/2022\/10\/ImagenesInternas2.jpg\" target=\"_blank\" rel=\"noopener\"><img decoding=\"async\" aria-describedby=\"caption-attachment-9081\" class=\"wp-image-9081 size-fusion-600\" src=\"https:\/\/cdes.org.ec\/webantigua\/wp-content\/uploads\/2022\/10\/ImagenesInternas2-600x872.jpg\" alt=\"\" width=\"600\" height=\"872\" srcset=\"https:\/\/cdes.org.ec\/webantigua\/wp-content\/uploads\/2022\/10\/ImagenesInternas2-200x291.jpg 200w, https:\/\/cdes.org.ec\/webantigua\/wp-content\/uploads\/2022\/10\/ImagenesInternas2-206x300.jpg 206w, https:\/\/cdes.org.ec\/webantigua\/wp-content\/uploads\/2022\/10\/ImagenesInternas2-400x581.jpg 400w, https:\/\/cdes.org.ec\/webantigua\/wp-content\/uploads\/2022\/10\/ImagenesInternas2-600x872.jpg 600w, https:\/\/cdes.org.ec\/webantigua\/wp-content\/uploads\/2022\/10\/ImagenesInternas2-705x1024.jpg 705w, https:\/\/cdes.org.ec\/webantigua\/wp-content\/uploads\/2022\/10\/ImagenesInternas2-768x1116.jpg 768w, https:\/\/cdes.org.ec\/webantigua\/wp-content\/uploads\/2022\/10\/ImagenesInternas2.jpg 801w\" sizes=\"(max-width: 600px) 100vw, 600px\" \/><\/a><p id=\"caption-attachment-9081\" class=\"wp-caption-text\">Arriba: CAP\u00cdTULO 1: De d\u00f3nde partimos Abajo: CAP\u00cdTULO 2: Espacios de toma de decisi\u00f3n. MAPA: Estructura org\u00e1nica de la CONFENIAE, y Espacios de fortalecimiento organizativo.<\/p><\/div>\n<p>&nbsp;<\/p>\n<p>En primera instancia, esta gu\u00eda ha vuelto a las manos de las mujeres que participaron en su construcci\u00f3n. Ahora, <span style=\"text-decoration: underline;\">esperamos que su publicaci\u00f3n, por este medio digital, permita su copia, distribuci\u00f3n y utilizaci\u00f3n para alcanzar un mayor n\u00famero de organizaciones y personas.<\/span><\/p>\n<div id=\"attachment_9116\" style=\"width: 610px\" class=\"wp-caption alignnone\"><a href=\"https:\/\/cdes.org.ec\/webantigua\/wp-content\/uploads\/2022\/10\/fe5a983c-82a7-4171-8ce7-d02c8c1aedaf.jpg\"><img decoding=\"async\" aria-describedby=\"caption-attachment-9116\" class=\"wp-image-9116 size-fusion-600\" src=\"https:\/\/cdes.org.ec\/webantigua\/wp-content\/uploads\/2022\/10\/fe5a983c-82a7-4171-8ce7-d02c8c1aedaf-600x480.jpg\" alt=\"\" width=\"600\" height=\"480\" srcset=\"https:\/\/cdes.org.ec\/webantigua\/wp-content\/uploads\/2022\/10\/fe5a983c-82a7-4171-8ce7-d02c8c1aedaf-177x142.jpg 177w, https:\/\/cdes.org.ec\/webantigua\/wp-content\/uploads\/2022\/10\/fe5a983c-82a7-4171-8ce7-d02c8c1aedaf-200x160.jpg 200w, https:\/\/cdes.org.ec\/webantigua\/wp-content\/uploads\/2022\/10\/fe5a983c-82a7-4171-8ce7-d02c8c1aedaf-300x240.jpg 300w, https:\/\/cdes.org.ec\/webantigua\/wp-content\/uploads\/2022\/10\/fe5a983c-82a7-4171-8ce7-d02c8c1aedaf-400x320.jpg 400w, https:\/\/cdes.org.ec\/webantigua\/wp-content\/uploads\/2022\/10\/fe5a983c-82a7-4171-8ce7-d02c8c1aedaf-600x480.jpg 600w, https:\/\/cdes.org.ec\/webantigua\/wp-content\/uploads\/2022\/10\/fe5a983c-82a7-4171-8ce7-d02c8c1aedaf.jpg 720w\" sizes=\"(max-width: 600px) 100vw, 600px\" \/><\/a><p id=\"caption-attachment-9116\" class=\"wp-caption-text\">Foto: en la comunidad de Ankuash, mujeres Shuar activas revisan la gu\u00eda.<\/p><\/div>\n<div id=\"attachment_9118\" style=\"width: 610px\" class=\"wp-caption alignnone\"><a href=\"https:\/\/cdes.org.ec\/webantigua\/wp-content\/uploads\/2022\/10\/PHOTO-2022-10-22-22-57-16.jpg\"><img decoding=\"async\" aria-describedby=\"caption-attachment-9118\" class=\"wp-image-9118 size-fusion-600\" src=\"https:\/\/cdes.org.ec\/webantigua\/wp-content\/uploads\/2022\/10\/PHOTO-2022-10-22-22-57-16-600x480.jpg\" alt=\"\" width=\"600\" height=\"480\" srcset=\"https:\/\/cdes.org.ec\/webantigua\/wp-content\/uploads\/2022\/10\/PHOTO-2022-10-22-22-57-16-177x142.jpg 177w, https:\/\/cdes.org.ec\/webantigua\/wp-content\/uploads\/2022\/10\/PHOTO-2022-10-22-22-57-16-200x160.jpg 200w, https:\/\/cdes.org.ec\/webantigua\/wp-content\/uploads\/2022\/10\/PHOTO-2022-10-22-22-57-16-300x240.jpg 300w, https:\/\/cdes.org.ec\/webantigua\/wp-content\/uploads\/2022\/10\/PHOTO-2022-10-22-22-57-16-400x320.jpg 400w, https:\/\/cdes.org.ec\/webantigua\/wp-content\/uploads\/2022\/10\/PHOTO-2022-10-22-22-57-16-600x480.jpg 600w, https:\/\/cdes.org.ec\/webantigua\/wp-content\/uploads\/2022\/10\/PHOTO-2022-10-22-22-57-16-768x614.jpg 768w, https:\/\/cdes.org.ec\/webantigua\/wp-content\/uploads\/2022\/10\/PHOTO-2022-10-22-22-57-16-800x640.jpg 800w, https:\/\/cdes.org.ec\/webantigua\/wp-content\/uploads\/2022\/10\/PHOTO-2022-10-22-22-57-16-1024x819.jpg 1024w, https:\/\/cdes.org.ec\/webantigua\/wp-content\/uploads\/2022\/10\/PHOTO-2022-10-22-22-57-16.jpg 1200w\" sizes=\"(max-width: 600px) 100vw, 600px\" \/><\/a><p id=\"caption-attachment-9118\" class=\"wp-caption-text\">Foto: en la sede de NAKIAN-FOIN, mujeres reflexionan sobre su participaci\u00f3n en las organizaciones. La gu\u00eda metodol\u00f3gica fue un aporte en la jornada de reflexi\u00f3n.<\/p><\/div>\n<hr \/>\n<p><strong>Nathaly Pinto &amp; Camila Mart\u00ednez<\/strong>. MUJERES DE LAS NACIONALIDADES: NUESTRO M\u00c9TODO ORGANIZATIVO. Centro de Derechos Econ\u00f3micos y Sociales \u2014CDES. Junio 2022.<span class=\"Apple-converted-space\">\u00a0\u00a0<\/span><\/p>\n<p><strong>Metodolog\u00eda y dise\u00f1o participativo<\/strong>: Nathaly Pinto<\/p>\n<p><strong>Oficial de programa en CDES<\/strong>: Katy Machoa<\/p>\n<p><strong>Coordinador general de CDES<\/strong>: Pablo Iturralde<\/p>\n<p><strong>Participantes Amaz\u00f3nicas:<\/strong> Mujeres de base y dirigencias de nacionalidades Siekopai, Kichwa, Siona, y Shuar, de Napo y Pastaza. Entre ellas, Consuelo Piaguage, Alicia Criollo, Bertila Alvarado. Yessenia Noriega, Dirigencia de la Mujer \u2014FOIN; Salome Tanamashi, Dirigencia de la Mujer \u2014FENASH-P. Con el apoyo de dirigencia de la mujer \u2014CONFENIAE.<\/p>\n<p><a href=\"https:\/\/confeniae.net\/emergencia-de-educacion\" target=\"_blank\" rel=\"noopener\"><strong>Dise\u00f1o y concepto pictogramas de nacionalidades amaz\u00f3nicas<\/strong><\/a>: Estudiantes de nacionalidades amaz\u00f3nicas: Esperanza Piaguaje \u2014Siekopai; Sabina Guerreo \u2014Siona; Shakira Yumbo \u2014Ai&#8217;Kof\u00e1n; Esteban Timias \u2014Shiwiar; Jeaneth Mashian \u2014Achuar; Royer Santi \u2014Andwa; Nicxon Nihua \u2014Waorani; Yankuam Wampash \u2014Shuar; Liz T\u00e1nguila \u2014Kichwa. Con el apoyo de dirigencia de educaci\u00f3n \u2014CONFENIAE.<\/p>\n<p>&nbsp;<\/p>\n<p>Publicaci\u00f3n realizada con el apoyo financiero de la Cooperaci\u00f3n Espa\u00f1ola a trav\u00e9s de la Agencia Espa\u00f1ola de Cooperaci\u00f3n (AECID) y la Coalici\u00f3n Flamenca para la Cooperaci\u00f3n NorteSur 11.11.11. El contenido de la misma es responsabilidad exclusiva de CDES y no refleja, necesariamente, la postura de la AECID u 11.11.11.<\/p>\n<p><a href=\"https:\/\/cdes.org.ec\/webantigua\/wp-content\/uploads\/2022\/10\/CE_hor_web_intranet.jpg\"><img decoding=\"async\" class=\" wp-image-9153\" src=\"https:\/\/cdes.org.ec\/webantigua\/wp-content\/uploads\/2022\/10\/CE_hor_web_intranet.jpg\" alt=\"\" width=\"135\" height=\"93\" srcset=\"https:\/\/cdes.org.ec\/webantigua\/wp-content\/uploads\/2022\/10\/CE_hor_web_intranet-200x137.jpg 200w, https:\/\/cdes.org.ec\/webantigua\/wp-content\/uploads\/2022\/10\/CE_hor_web_intranet.jpg 217w\" sizes=\"(max-width: 135px) 100vw, 135px\" \/><\/a><\/p>\n<p><a href=\"https:\/\/cdes.org.ec\/webantigua\/wp-content\/uploads\/2022\/10\/logo-11-kleur-500x217-RGB-72dpi.jpg\"><img decoding=\"async\" class=\"alignnone  wp-image-9152\" src=\"https:\/\/cdes.org.ec\/webantigua\/wp-content\/uploads\/2022\/10\/logo-11-kleur-500x217-RGB-72dpi-300x130.jpg\" alt=\"\" width=\"113\" height=\"49\" srcset=\"https:\/\/cdes.org.ec\/webantigua\/wp-content\/uploads\/2022\/10\/logo-11-kleur-500x217-RGB-72dpi-200x87.jpg 200w, https:\/\/cdes.org.ec\/webantigua\/wp-content\/uploads\/2022\/10\/logo-11-kleur-500x217-RGB-72dpi-300x130.jpg 300w, https:\/\/cdes.org.ec\/webantigua\/wp-content\/uploads\/2022\/10\/logo-11-kleur-500x217-RGB-72dpi-310x132.jpg 310w, https:\/\/cdes.org.ec\/webantigua\/wp-content\/uploads\/2022\/10\/logo-11-kleur-500x217-RGB-72dpi-400x174.jpg 400w, https:\/\/cdes.org.ec\/webantigua\/wp-content\/uploads\/2022\/10\/logo-11-kleur-500x217-RGB-72dpi.jpg 500w\" sizes=\"(max-width: 113px) 100vw, 113px\" \/><\/a><\/p>\n","protected":false},"excerpt":{"rendered":"<p>Fortalecer la vida organizativa y la participaci\u00f3n de las mujeres [&hellip;]<\/p>\n","protected":false},"author":1,"featured_media":9110,"comment_status":"open","ping_status":"open","sticky":false,"template":"pdf-single.php","format":"standard","meta":{"_siteseo_robots_primary_cat":"","_joinchat":[],"footnotes":""},"categories":[87,16,38,71],"tags":[],"class_list":["post-9104","post","type-post","status-publish","format-standard","has-post-thumbnail","hentry","category-home-slider","category-mujeres-indigenas","category-pueblos-indigenas","category-sujetos"],"_links":{"self":[{"href":"https:\/\/cdes.org.ec\/webantigua\/wp-json\/wp\/v2\/posts\/9104","targetHints":{"allow":["GET"]}}],"collection":[{"href":"https:\/\/cdes.org.ec\/webantigua\/wp-json\/wp\/v2\/posts"}],"about":[{"href":"https:\/\/cdes.org.ec\/webantigua\/wp-json\/wp\/v2\/types\/post"}],"author":[{"embeddable":true,"href":"https:\/\/cdes.org.ec\/webantigua\/wp-json\/wp\/v2\/users\/1"}],"replies":[{"embeddable":true,"href":"https:\/\/cdes.org.ec\/webantigua\/wp-json\/wp\/v2\/comments?post=9104"}],"version-history":[{"count":35,"href":"https:\/\/cdes.org.ec\/webantigua\/wp-json\/wp\/v2\/posts\/9104\/revisions"}],"predecessor-version":[{"id":9154,"href":"https:\/\/cdes.org.ec\/webantigua\/wp-json\/wp\/v2\/posts\/9104\/revisions\/9154"}],"wp:featuredmedia":[{"embeddable":true,"href":"https:\/\/cdes.org.ec\/webantigua\/wp-json\/wp\/v2\/media\/9110"}],"wp:attachment":[{"href":"https:\/\/cdes.org.ec\/webantigua\/wp-json\/wp\/v2\/media?parent=9104"}],"wp:term":[{"taxonomy":"category","embeddable":true,"href":"https:\/\/cdes.org.ec\/webantigua\/wp-json\/wp\/v2\/categories?post=9104"},{"taxonomy":"post_tag","embeddable":true,"href":"https:\/\/cdes.org.ec\/webantigua\/wp-json\/wp\/v2\/tags?post=9104"}],"curies":[{"name":"wp","href":"https:\/\/api.w.org\/{rel}","templated":true}]}}