{"id":9165,"date":"2022-11-23T00:06:59","date_gmt":"2022-11-23T00:06:59","guid":{"rendered":"https:\/\/cdes.org.ec\/webantigua\/?p=9165"},"modified":"2022-12-09T20:12:16","modified_gmt":"2022-12-09T20:12:16","slug":"la-agencia-de-prensa-dire-entrevista-a-nuestro-colega-pablo-iturralde-cuidado-hay-riesgo-de-narcosociedad","status":"publish","type":"post","link":"https:\/\/cdes.org.ec\/webantigua\/la-agencia-de-prensa-dire-entrevista-a-nuestro-colega-pablo-iturralde-cuidado-hay-riesgo-de-narcosociedad\/","title":{"rendered":"Violencia en Ecuador: Entrevista a Pablo Iturralde (Cdes)"},"content":{"rendered":"<h4>Pablo Iturralde en la entrevista a la Dire mientras rige el estado de excepci\u00f3n en tres provincias. \u00abLas bandas criminales se aprovechan de las pol\u00edticas fallidas\u00bb<\/h4>\n<p>ROMA &#8211; La\u00a0<strong>violencia<\/strong>\u00a0y la\u00a0<strong>inseguridad<\/strong>\u00a0que afectan a\u00a0<strong>Ecuador<\/strong>\u00a0, donde rige el\u00a0<strong>estado de emergencia<\/strong>\u00a0en tres provincias , son el resultado \u00abde\u00a0<strong>pol\u00edticas de austeridad absurdas<\/strong>\u00a0en tiempos de pandemia y la falta de lectura de los efectos de los acuerdos de paz en la vecina Colombia\u00bb .\u00a0Y ahora el pa\u00eds sudamericano \u00abcorre el peligro de convertirse en algo peor que un &#8216;\u00a0<strong>narcoestado<\/strong>\u00a0&#8216;: una &#8216;\u00a0<strong>narcosociedad<\/strong>\u00a0&#8216;\u00bb.\u00a0Estas palabras fueron articuladas por\u00a0<strong>Pablo Jos\u00e9 Iturralde<\/strong>\u00a0, coordinador general del\u00a0<strong>Centro de Derechos Econ\u00f3micos y Sociales<\/strong> (Cdes), una organizaci\u00f3n de la sociedad civil que ha venido abordando <strong>la defensa de los derechos humanos<\/strong>\u00a0y la promoci\u00f3n de la igualdad social.<\/p>\n<p>El contexto de la entrevista con la\u00a0<strong>agencia Dire<\/strong>\u00a0es el de la violencia que a principios de noviembre llev\u00f3 al gobierno del presidente\u00a0<strong>Guillermo Lasso<\/strong>\u00a0a declarar el estado de emergencia en dos provincias:\u00a0<strong>Guayas<\/strong> , un territorio costero del suroeste cuya capital es la ciudad m\u00e1s poblada del pa\u00eds,\u00a0<strong>Guyaquil<\/strong>\u00a0, y luego\u00a0<strong>Esmeraldas<\/strong>\u00a0, en el norte- y luego extenderlo d\u00edas atr\u00e1s a una tercera provincia,\u00a0<strong>Santo Domingo de los Ts\u00e1chilas<\/strong>\u00a0, en el centro-norte.\u00a0En total, estas tres \u00e1reas albergan a\u00a0<strong>un tercio<\/strong>\u00a0de los habitantes de Ecuador.<\/p>\n<h3 id=\"h-omicidi-triplicati-in-quattro-anni\">ASESINATOS SE TRIPLICARON EN CUATRO A\u00d1OS<\/h3>\n<p>Desde hace un tiempo, el pa\u00eds sudamericano es testigo de un aumento en la tasa de\u00a0<strong>robos y homicidios<\/strong>\u00a0: esta \u00faltima cifra, por ejemplo, casi se ha\u00a0<strong>triplicado en cuatro a\u00f1os<\/strong>\u00a0, al pasar de 5,8 muertes violentas por cada 100.000 habitantes en 2018 a\u00a0<strong>15,48 en el presente a\u00f1o<\/strong>\u00a0. seg\u00fan cifras de la Polic\u00eda Nacional recopiladas por el diario Primicias.<\/p>\n<p>En concreto, la medida buscada por el gobierno de Lasso, la segunda de este tipo en unos cuatro meses, se impuso a partir de una serie de\u00a0<strong>asesinatos y atentados con explosivos perpetrados<\/strong>\u00a0por bandas armadas y narcotraficantes presentes en el pa\u00eds en\u00a0<strong>represalia por el traslado de m\u00e1s de 1.000 reos<\/strong>\u00a0de dos de los penales m\u00e1s grandes del pa\u00eds, a Guayaquil y Esmeraldas, capital de la provincia del mismo nombre.\u00a0La preocupaci\u00f3n es tal que Lasso ha decidido\u00a0<strong>rechazar la invitaci\u00f3n al partido inaugural del Mundial de Qatar<\/strong>\u00a0, el pr\u00f3ximo 20 de noviembre, precisamente\u00a0<strong>Ecuador-Qatar<\/strong>\u00a0, para quedarse en casa y seguir de cerca la situaci\u00f3n.<\/p>\n<p>\u201cEn este momento definir\u00eda la situaci\u00f3n del pa\u00eds como\u00a0<strong>una de las peores del mundo<\/strong>\u00a0, equiparable a la de zonas cr\u00edticas de pa\u00edses ya muy inseguros como M\u00e9xico, como\u00a0<strong>Sinaloa<\/strong>\u00a0\u201d, dice Iturralde al abrir su an\u00e1lisis.\u00a0\u201cLa crisis afecta a todos, empezando por los\u00a0<strong>comerciantes<\/strong>\u00a0, que no pueden trabajar como deber\u00edan, y\u00a0<strong>los j\u00f3venes<\/strong>\u00a0, que no pueden ni siquiera disfrutar del entretenimiento que ofrecen las ciudades.\u00a0Esmeraldas -da un ejemplo el coordinador-\u00a0<strong>cierra sus puertas completamente a las siete de la noche<\/strong>\u00a0, todos los d\u00edas, por el miedo que hay entre la gente\u201d.<\/p>\n<h3 id=\"h-politiche-hanno-fatto-aumentare-poverta\">LAS POL\u00cdTICAS HAN AUMENTADO LA POBREZA<\/h3>\n<p>En los or\u00edgenes de esta\u00a0<strong>crisis<\/strong>\u00a0, seg\u00fan el ejecutivo de Cdes, hay una serie de\u00a0<strong>elecciones econ\u00f3micas y pol\u00edticas precisas<\/strong>\u00a0.\u00a0\u201cEl nuestro fue el \u00fanico pa\u00eds que\u00a0<strong>disminuy\u00f3 la inversi\u00f3n p\u00fablica<\/strong>\u00a0durante la pandemia de la Covid-19, cuyos efectos econ\u00f3micos se vieron agravados por las consecuencias globales de la guerra en Ucrania.\u00a0La pobreza ,\u00a0<strong>que<\/strong>\u00a0ya estaba creciendo, ha aumentado exponencialmente\u201d.\u00a0En la mesa de los acusados, dice Iturralde, \u00abest\u00e1 el gobierno actual pero tambi\u00e9n el de su antecesor\u00a0<strong>Len\u00edn Moreno<\/strong>\u00a0, as\u00ed como el\u00a0<strong>Fondo Monetario Internacional<\/strong>\u00a0\u00ab, que negocia con nuestro pa\u00eds medidas que reduzcan el d\u00e9ficit fiscal en detrimento de la estado de bienestar\u00bb.<\/p>\n<p>Los efectos de estas estrategias se han visto sobre todo en\u00a0<strong>los barrios populares<\/strong>\u00a0de las grandes ciudades, y hay quienes han sabido aprovecharlos.\u00a0\u201cDurante el\u00a0<strong>confinamiento<\/strong>\u00a0impuesto para frenar la propagaci\u00f3n del Covid-19, los grupos criminales entregaban a las familias\u00a0<strong>diez d\u00f3lares diarios para poder inscribir a sus hijos<\/strong> . Su influencia ha crecido much\u00edsimo\u201d, denuncia el activista. Estas organizaciones son consideradas las principales responsables de la crisis que vive el pa\u00eds, desde los \u00bb <strong>Choneros<\/strong>\u00a0\u00ab, el grupo m\u00e1s numeroso seg\u00fan estimaciones de los medios quite\u00f1os, con unos 20.000 afiliados, hasta los \u00bb\u00a0<strong>Los Lobos<\/strong>\u00a0\u00ab, con unos 8.000 afiliados, o los \u00bb\u00a0<strong>Tigurones<\/strong>\u00a0\u00ab.<\/p>\n<p>\u201cEstas bandas son\u00a0<strong>cada vez m\u00e1s fuertes<\/strong>\u00a0,\u00a0<strong>ramificadas y vinculadas al poder pol\u00edtico<\/strong>\u00a0\u201d, confirma el coordinador.\u00a0\u201cEl Estado no act\u00faa como debe, tal es el grado de connivencia, y mientras tanto va creciendo toda una\u00a0<strong>cultura popular<\/strong>\u00a0de pertenecer al mundo del narcotr\u00e1fico , los j\u00f3venes sue\u00f1an con convertirse en delincuentes.\u00a0El riesgo es el de avanzar hacia una &#8216;\u00a0<strong>narco<\/strong>\u00a0-sociedad &#8216;.<\/p>\n<h3 id=\"h-l-effetto-degli-accordi-di-pace-in-colombia\">EL EFECTO DE LOS ACUERDOS DE PAZ EN COLOMBIA<\/h3>\n<p>Seg\u00fan varios an\u00e1lisis, los grupos de traficantes ecuatorianos tienen estrechas relaciones con organizaciones m\u00e1s grandes en\u00a0<strong>M\u00e9xico<\/strong>\u00a0y\u00a0<strong>Colombia<\/strong>\u00a0.\u00a0Con respecto a las relaciones con este segundo pa\u00eds, Iturralde ampl\u00eda el an\u00e1lisis: \u00abLos\u00a0<strong>acuerdos de paz de 2016<\/strong>\u00a0tuvieron un efecto sobre todo previsible: las\u00a0<strong>Fuerzas Armadas Revolucionarias de Colombia (Farc)<\/strong>\u00a0que firmaron el acuerdo salieron del bosque y los\u00a0<strong>grupos paramilitares<\/strong>\u00a0que operaban all\u00ed han ganado la partida,\u00a0<strong>extendi\u00e9ndose hacia el vecino Ecuador<\/strong> \u201d.<\/p>\n<pre>Fuete: Agenzia DIRE\u00a0 <a href=\"https:\/\/www.dire.it\/#\">www.dire.it<\/a><\/pre>\n<pre>Traducci\u00f3n al espa\u00f1ol no oficial<\/pre>\n<p>Versi\u00f3n en italiano <a href=\"https:\/\/www.dire.it\/10-11-2022\/829881-violenze-in-ecuador-lavvertimento-di-iturralde-cdes-attenti-ce-il-rischio-narco-societa\/\">aqu\u00ed<\/a><\/p>\n","protected":false},"excerpt":{"rendered":"<p>Pablo Iturralde en la entrevista a la Dire mientras rige [&hellip;]<\/p>\n","protected":false},"author":1,"featured_media":9166,"comment_status":"open","ping_status":"open","sticky":false,"template":"","format":"standard","meta":{"_siteseo_robots_primary_cat":"","_joinchat":[],"footnotes":""},"categories":[79,87],"tags":[],"class_list":["post-9165","post","type-post","status-publish","format-standard","has-post-thumbnail","hentry","category-derechos-politicos-y-civiles","category-home-slider"],"_links":{"self":[{"href":"https:\/\/cdes.org.ec\/webantigua\/wp-json\/wp\/v2\/posts\/9165","targetHints":{"allow":["GET"]}}],"collection":[{"href":"https:\/\/cdes.org.ec\/webantigua\/wp-json\/wp\/v2\/posts"}],"about":[{"href":"https:\/\/cdes.org.ec\/webantigua\/wp-json\/wp\/v2\/types\/post"}],"author":[{"embeddable":true,"href":"https:\/\/cdes.org.ec\/webantigua\/wp-json\/wp\/v2\/users\/1"}],"replies":[{"embeddable":true,"href":"https:\/\/cdes.org.ec\/webantigua\/wp-json\/wp\/v2\/comments?post=9165"}],"version-history":[{"count":7,"href":"https:\/\/cdes.org.ec\/webantigua\/wp-json\/wp\/v2\/posts\/9165\/revisions"}],"predecessor-version":[{"id":9175,"href":"https:\/\/cdes.org.ec\/webantigua\/wp-json\/wp\/v2\/posts\/9165\/revisions\/9175"}],"wp:featuredmedia":[{"embeddable":true,"href":"https:\/\/cdes.org.ec\/webantigua\/wp-json\/wp\/v2\/media\/9166"}],"wp:attachment":[{"href":"https:\/\/cdes.org.ec\/webantigua\/wp-json\/wp\/v2\/media?parent=9165"}],"wp:term":[{"taxonomy":"category","embeddable":true,"href":"https:\/\/cdes.org.ec\/webantigua\/wp-json\/wp\/v2\/categories?post=9165"},{"taxonomy":"post_tag","embeddable":true,"href":"https:\/\/cdes.org.ec\/webantigua\/wp-json\/wp\/v2\/tags?post=9165"}],"curies":[{"name":"wp","href":"https:\/\/api.w.org\/{rel}","templated":true}]}}