{"id":9228,"date":"2023-01-03T18:34:01","date_gmt":"2023-01-03T18:34:01","guid":{"rendered":"https:\/\/cdes.org.ec\/webantigua\/?p=9228"},"modified":"2023-01-03T18:53:56","modified_gmt":"2023-01-03T18:53:56","slug":"se-amplia-plazo-para-aplicar-a-refinanciamientos-de-creditos-segun-los-acuerdos-de-las-mesas-de-dialogo","status":"publish","type":"post","link":"https:\/\/cdes.org.ec\/webantigua\/se-amplia-plazo-para-aplicar-a-refinanciamientos-de-creditos-segun-los-acuerdos-de-las-mesas-de-dialogo\/","title":{"rendered":"Se ampl\u00eda plazo para aplicar a refinanciamientos de cr\u00e9ditos seg\u00fan los acuerdos de las mesas de di\u00e1logo"},"content":{"rendered":"<p><strong>Despu\u00e9s de solicitud realizada por el movimiento ind\u00edgena la Junta de Pol\u00edtica y Regulaci\u00f3n Financiera concede m\u00e1s plazo para arreglar deudas: Hasta el 31 de marzo de 2023 estar\u00e1 vigente alivio financiero<\/strong><\/p>\n<p>El plazo original venc\u00eda el 31 de diciembre, pero debido a la falta de difusi\u00f3n y notificaci\u00f3n a los clientes en mora, pocas personas se acercaron a aplicar las regulaciones; ante aquello el movimiento ind\u00edgena dirigi\u00f3 un oficio solicitando se ampl\u00ede el plazo para aplicar a las reestructuraciones o refinanciamientos de las deudas.<\/p>\n<p>A continuaci\u00f3n, una nota de prensa al respecto:<\/p>\n<p>Resoluci\u00f3n de la Junta de Pol\u00edtica y Regulaci\u00f3n Financiera ampl\u00eda plazo para acceder a medidas acordadas en mesa de di\u00e1logo que se dio tras el Paro Nacional.<\/p>\n<p>La refinanciaci\u00f3n o reestructuraci\u00f3n de los cr\u00e9ditos que vencieron en la pandemia hasta junio de 2022 podr\u00e1 tramitarse hasta el 31 de marzo del 2023 con las medidas acordadas en la mesa de di\u00e1logo entre Gobierno y sectores sociales.<\/p>\n<p>Las medidas de alivio financiero acordadas en la mesa de di\u00e1logo sobre banca, luego del paro nacional que vivi\u00f3 el pa\u00eds en junio pasado, se ampliaron hasta el 31 de marzo de 2023. BanEcuador realiz\u00f3 ese pedido para poder masificar sus beneficios en la ciudadan\u00eda y reducir su cartera improductiva e \u00edndice de morosidad, y la Junta de Pol\u00edtica y Regulaci\u00f3n Financiera emiti\u00f3 la Resoluci\u00f3n n.\u00ba JPRF-F-2022-052 incluyendo la nueva fecha.<\/p>\n<p>As\u00ed, BanEcuador extiende el plazo para acceder al mecanismo de alivio financiero por tres meses m\u00e1s, con lo que busca que los clientes puedan cumplir con el pago de sus obligaciones y que eso permita seguir con la reactivaci\u00f3n de los sectores productivos.<\/p>\n<p>En una resoluci\u00f3n anterior emitida en julio la Junta puso<strong>\u00a0<\/strong>en vigencia el Mecanismo Extraordinario y Temporal de Alivio, aplicable a los sectores financieros p\u00fablico y privado y tambi\u00e9n para el sector de econom\u00eda popular y solidaria, y ah\u00ed se estableci\u00f3 que estar\u00eda vigente hasta el 31 de diciembre de 2022. Ahora se lo extiende.<\/p>\n<p>Los beneficiarios de este mecanismo son las personas naturales que tengan microcr\u00e9dito, pymes productivo y que sus deudas hayan ca\u00eddo en mora entre el 1 de enero de 2020 al 30 de junio de 2022, cuyo saldo capital sea menor o igual a $ 20.000.<\/p>\n<p>Podr\u00e1n acogerse a un plazo de hasta 10 a\u00f1os con periodo de gracia de tres a\u00f1os de no pagar ni capital ni inter\u00e9s, y el inter\u00e9s vencido generado sobre la operaci\u00f3n original ser\u00e1 cobrado en el refinanciamiento o reestructura a partir de los tres antepen\u00faltimos a\u00f1os del plazo total otorgado.<\/p>\n<p>Los cr\u00e9ditos refinanciados o reestructurados bajo este mecanismo obtendr\u00e1n la calificaci\u00f3n de riesgo \u201cA1\u2033 al momento de su instrumentaci\u00f3n y mientras se mantenga al d\u00eda con sus pagos. Esto facilitar\u00e1 que los clientes accedan a nuevas operaciones de cr\u00e9dito en el sistema financiero.<\/p>\n<p>Este banco p\u00fablico inform\u00f3 que en el arreglo de obligaciones el interesado podr\u00e1 contar con la asesor\u00eda de un oficial de forma personalizada, con el objetivo de ajustarse a la situaci\u00f3n particular de cada cliente que requiera apoyo.<\/p>\n<p>BanEcuador notificar\u00e1 previamente al cliente mediante mensaje de texto, posteriormente v\u00eda llamada telef\u00f3nica a fin de que el beneficiario reciba la informaci\u00f3n de las ventajas del alivio financiero. O el cliente puede acercarse a las instalaciones de la entidad para poder verificar el arreglo de sus obligaciones y acceder a la reestructuraci\u00f3n. Ser\u00e1n 26.600 personas quienes podr\u00e1n aplicar a este beneficio.<\/p>\n<p>Los acuerdos en la mesa de di\u00e1logo tambi\u00e9n contemplaron la condonaci\u00f3n de deudas de hasta $ 3.000. En ese caso, se aplic\u00f3 a cr\u00e9ditos vencidos por m\u00e1s de 180 d\u00edas hasta el 31 de mayo de 2021 y en BanEcuador fueron 25.928 cr\u00e9ditos condonados por un monto de $ 58\u2032857.358,21.<\/p>\n<p>Con el arreglo de deudas el Gobierno destaca que se ayuda a la reactivaci\u00f3n econ\u00f3mica, a generar nuevas posibilidades para la gente y se evita caer en mora, manteniendo el bur\u00f3 crediticio saludablemente. (I)<\/p>\n<p>Fuente: con datos propios e informaci\u00f3n de El Universo.<\/p>\n","protected":false},"excerpt":{"rendered":"<p>Despu\u00e9s de solicitud realizada por el movimiento ind\u00edgena la Junta [&hellip;]<\/p>\n","protected":false},"author":1,"featured_media":9230,"comment_status":"open","ping_status":"open","sticky":false,"template":"","format":"standard","meta":{"_siteseo_robots_primary_cat":"","_joinchat":[],"footnotes":""},"categories":[87,51],"tags":[],"class_list":["post-9228","post","type-post","status-publish","format-standard","has-post-thumbnail","hentry","category-home-slider","category-politicamonetaria"],"_links":{"self":[{"href":"https:\/\/cdes.org.ec\/webantigua\/wp-json\/wp\/v2\/posts\/9228","targetHints":{"allow":["GET"]}}],"collection":[{"href":"https:\/\/cdes.org.ec\/webantigua\/wp-json\/wp\/v2\/posts"}],"about":[{"href":"https:\/\/cdes.org.ec\/webantigua\/wp-json\/wp\/v2\/types\/post"}],"author":[{"embeddable":true,"href":"https:\/\/cdes.org.ec\/webantigua\/wp-json\/wp\/v2\/users\/1"}],"replies":[{"embeddable":true,"href":"https:\/\/cdes.org.ec\/webantigua\/wp-json\/wp\/v2\/comments?post=9228"}],"version-history":[{"count":6,"href":"https:\/\/cdes.org.ec\/webantigua\/wp-json\/wp\/v2\/posts\/9228\/revisions"}],"predecessor-version":[{"id":9235,"href":"https:\/\/cdes.org.ec\/webantigua\/wp-json\/wp\/v2\/posts\/9228\/revisions\/9235"}],"wp:featuredmedia":[{"embeddable":true,"href":"https:\/\/cdes.org.ec\/webantigua\/wp-json\/wp\/v2\/media\/9230"}],"wp:attachment":[{"href":"https:\/\/cdes.org.ec\/webantigua\/wp-json\/wp\/v2\/media?parent=9228"}],"wp:term":[{"taxonomy":"category","embeddable":true,"href":"https:\/\/cdes.org.ec\/webantigua\/wp-json\/wp\/v2\/categories?post=9228"},{"taxonomy":"post_tag","embeddable":true,"href":"https:\/\/cdes.org.ec\/webantigua\/wp-json\/wp\/v2\/tags?post=9228"}],"curies":[{"name":"wp","href":"https:\/\/api.w.org\/{rel}","templated":true}]}}