{"id":9236,"date":"2023-01-16T16:12:27","date_gmt":"2023-01-16T16:12:27","guid":{"rendered":"https:\/\/cdes.org.ec\/webantigua\/?p=9236"},"modified":"2023-01-16T16:32:21","modified_gmt":"2023-01-16T16:32:21","slug":"ecuador-trato-de-frenar-la-extraccion-de-petroleo-y-proteger-la-amazonia-pero-sucedio-lo-contrario","status":"publish","type":"post","link":"https:\/\/cdes.org.ec\/webantigua\/ecuador-trato-de-frenar-la-extraccion-de-petroleo-y-proteger-la-amazonia-pero-sucedio-lo-contrario\/","title":{"rendered":"Ecuador trat\u00f3 de frenar la extracci\u00f3n de petr\u00f3leo y proteger la Amazon\u00eda, pero sucedi\u00f3 lo contrario"},"content":{"rendered":"<p style=\"text-align: left;\"><strong>Una idea novedosa para dejar en el subsuelo las enormes reservas de petr\u00f3leo del pa\u00eds fracas\u00f3 por falta de apoyo de la comunidad internacional. Ahora, con una fuerte carga de deuda, el presidente est\u00e1 ampliando la extracci\u00f3n en la selva.<\/strong><\/p>\n<p class=\"css-at9mc1 evys1bk0\" style=\"text-align: left;\">PARQUE NACIONAL YASUN\u00cd, Ecuador \u2014 En una frondosa franja de la selva amaz\u00f3nica en esta regi\u00f3n, cerca de donde viven algunas de las \u00faltimas poblaciones ind\u00edgenas del mundo en aislamiento voluntario, hace poco un equipo de trabajadores termin\u00f3 la construcci\u00f3n de una nueva plataforma petrolera erigida en plena jungla.<\/p>\n<p class=\"css-at9mc1 evys1bk0\" style=\"text-align: left;\">Los equipos est\u00e1n perforando en uno de los ecosistemas m\u00e1s importantes de la Tierra en t\u00e9rminos ambientales porque alberga enormes cantidades de carbono, un elemento que contribuye al calentamiento del planeta. Se acercan cada vez m\u00e1s a una zona restringida que est\u00e1 destinada a proteger a los pueblos ind\u00edgenas. Pero resulta que algunos de los mayores yacimientos petroleros del pa\u00eds tambi\u00e9n se ubican ah\u00ed.<\/p>\n<p class=\"css-at9mc1 evys1bk0\" style=\"text-align: left;\">Ecuador es un pa\u00eds carente de fondos y asediado por deudas. El gobierno considera que la extracci\u00f3n de petr\u00f3leo es la mejor soluci\u00f3n a sus problemas. La historia de este lugar, el Parque Nacional Yasun\u00ed, brinda un ejemplo pr\u00e1ctico de c\u00f3mo las fuerzas financieras globales siguen arrinconando a los pa\u00edses en desarrollo para que exploten algunas de las regiones con mayor biodiversidad del mundo.<\/p>\n<p class=\"css-at9mc1 evys1bk0\" style=\"text-align: left;\">Los pa\u00edses como Ecuador est\u00e1n \u201ccontra las cuerdas\u201d, coment\u00f3 Mar\u00eda Fernanda Espinosa, diplom\u00e1tica ecuatoriana y expresidenta de la Asamblea General de las Naciones Unidas.<\/p>\n<p style=\"text-align: left;\">Extraer petr\u00f3leo en esta zona de la selva amaz\u00f3nica no fue la primera opci\u00f3n de Ecuador. En 2007, Rafael Correa, quien en ese entonces era el presidente del pa\u00eds, propuso una alternativa novedosa que habr\u00eda mantenido las reservas petroleras nacionales, que en aquella \u00e9poca se calculaba que equival\u00edan a alrededor de mil millones de barriles, en una parcela designada como\u00a0<a class=\"css-yywogo\" title=\"\" href=\"https:\/\/www.nytimes.com\/2007\/07\/23\/business\/worldbusiness\/23iht-ecuador.4.6792787.html\">Bloque 43, bajo tierra.<\/a><\/p>\n<p class=\"css-at9mc1 evys1bk0\" style=\"text-align: left;\">Este plan habr\u00eda requerido que los pa\u00edses crearan un fondo de 3600 millones de d\u00f3lares, la mitad del valor estimado de su petr\u00f3leo, para compensar a Ecuador por preservar sus reservas intactas. Los partidarios de la idea dijeron que habr\u00eda favorecido al medioambiente, la biodiversidad y los derechos de las comunidades ind\u00edgenas. Afirmaron que, adem\u00e1s, habr\u00eda sido una victoria moral que habr\u00eda sentado un precedente: una peque\u00f1a naci\u00f3n en desarrollo habr\u00eda sido remunerada por renunciar a un recurso que ayud\u00f3 a que lugares como Estados Unidos y Europa fueran muy ricos.<\/p>\n<p class=\"css-at9mc1 evys1bk0\" style=\"text-align: left;\">Sin embargo, tras las fanfarrias iniciales, solo llegaron contribuciones insignificantes. Ecuador recurri\u00f3 a China para solicitarle pr\u00e9stamos, unos 8000 millones de d\u00f3lares en el transcurso del gobierno de Correa, algunos de los cuales se pagar\u00edan con petr\u00f3leo.<\/p>\n<p class=\"css-at9mc1 evys1bk0\" style=\"text-align: left;\">\u201cAhora que la tendencia mundial es el abandono de los combustibles f\u00f3siles, lleg\u00f3 el momento de extraer hasta la \u00faltima gota de provecho de nuestro petr\u00f3leo para que llegue al servicio de los m\u00e1s pobres, respetando el medioambiente\u201d, declar\u00f3 el a\u00f1o pasado el actual presidente, Guillermo Lasso.<\/p>\n<p class=\"css-at9mc1 evys1bk0\" style=\"text-align: left;\">Otras naciones tambi\u00e9n est\u00e1n en busca de nuevos desarrollos de petr\u00f3leo, aunque la Agencia Internacional de la Energ\u00eda ha declarado que\u00a0<a class=\"css-yywogo\" title=\"\" href=\"https:\/\/www.nytimes.com\/2021\/05\/18\/climate\/climate-change-emissions-IEA.html\">los pa\u00edses deben frenar todos los nuevos proyectos<\/a>\u00a0para evitar un escenario catastr\u00f3fico de cambio clim\u00e1tico. Los pa\u00edses en desarrollo afirman que deber\u00edan permitirles seguir usando combustibles f\u00f3siles porque, en t\u00e9rminos hist\u00f3ricos, son los que menos han contribuido al cambio clim\u00e1tico. Pero suelen ser estos mismos pa\u00edses los que albergan los ecosistemas m\u00e1s valiosos para los esfuerzos por detener el cambio clim\u00e1tico y el colapso de la biodiversidad. La Rep\u00fablica Democr\u00e1tica del Congo, por ejemplo, ha\u00a0<a class=\"css-yywogo\" title=\"\" href=\"https:\/\/www.nytimes.com\/es\/2022\/07\/27\/espanol\/congo-subasta-petrolera.html\">comenzado a subastar bloques petrol\u00edferos<\/a>\u00a0que incluyen zonas de selva tropical, turberas y partes de un santuario para gorilas de monta\u00f1a.<\/p>\n<p class=\"css-at9mc1 evys1bk0\" style=\"text-align: left;\">En Ecuador, la industria petrolera insiste en que pueden desarrollarse nuevos proyectos de extracci\u00f3n sin provocar tantos da\u00f1os, pero los cient\u00edficos indican que, hasta ahora, incluso los mejores casos han derivado en deforestaci\u00f3n inesperada y otras presiones para el medioambiente.<\/p>\n<p class=\"css-at9mc1 evys1bk0\" style=\"text-align: left;\">Este incremento de la extracci\u00f3n de petr\u00f3leo en los bosques sucede durante uno de los peores momentos para el planeta. Los cient\u00edficos advierten que la Amazon\u00eda, debilitada por la deforestaci\u00f3n y el cambio clim\u00e1tico, est\u00e1 por alcanzar un punto en el que comenzar\u00eda a degradarse hasta convertirse en un pastizal. Algunas \u00e1reas\u00a0<a class=\"css-yywogo\" title=\"\" href=\"https:\/\/www.nytimes.com\/es\/2021\/07\/16\/espanol\/amazonia-dioxido-carbono.html\">ya emiten m\u00e1s carbono del que almacenan<\/a>, lo cual representa una bomba de tiempo de gases de efecto invernadero.<\/p>\n<p class=\"css-at9mc1 evys1bk0\" style=\"text-align: left;\">\u201cLa riqueza m\u00e1s grande que tiene el Ecuador es su biodiversidad\u201d, afirm\u00f3 Carlos Larrea, profesor de la Universidad Sim\u00f3n Bolivar en Quito, la capital del pa\u00eds, que ayud\u00f3 a dise\u00f1ar el fondo fallido. Para Larrea, la destrucci\u00f3n de Yasun\u00ed \u201ces un suicidio\u201d.<\/p>\n<h2 id=\"link-7264caf\" class=\"css-xactqe eoo0vm40\" style=\"text-align: left;\">\u2018Siempre pierde la naturaleza\u2019<\/h2>\n<p style=\"text-align: left;\"><img decoding=\"async\" src=\"https:\/\/static01.nyt.com\/images\/2023\/01\/05\/multimedia\/14cli-ecuador-ESP-04\/00cli-ecuador-1-888d-articleLarge.jpg?quality=75&amp;auto=webp&amp;disable=upscale\" alt=\"Light colored birds flutter above green treetops and against a steel blue sky.\" \/><\/p>\n<p style=\"text-align: left;\">El \u00e1rea protegida de Yasun\u00ed est\u00e1 llena de vida. Trina, grazna y a\u00falla. Los monos m\u00e1s peque\u00f1os del mundo, llamados tit\u00edes pigmeos, corren deprisa por las ramas y los roedores m\u00e1s grandes del planeta, los capibaras, se tumban en las riberas.<\/p>\n<p class=\"css-at9mc1 evys1bk0\" style=\"text-align: left;\">Tan solo en una parcela de 25 hect\u00e1reas, los cient\u00edficos han documentado unas 1000 especies de \u00e1rboles nativos, m\u00e1s o menos la misma cantidad que existe en todo Estados Unidos.<\/p>\n<p class=\"css-at9mc1 evys1bk0\" style=\"text-align: left;\">Esta regi\u00f3n, donde la Amazon\u00eda sube por las faldas de los Andes, contiene m\u00e1s biodiversidad que cualquier otra \u00e1rea terrestre del mundo, seg\u00fan los cient\u00edficos. La diversidad gen\u00e9tica es un recurso vasto e inexplorado que podr\u00eda develar curas para enfermedades y abrir puertas a innovaciones tecnol\u00f3gicas. Pero la fragmentaci\u00f3n en este lugar ya comenz\u00f3.<\/p>\n<p class=\"css-at9mc1 evys1bk0\" style=\"text-align: left;\">\u201cSiempre pierde la naturaleza\u201d, sentenci\u00f3 Renato Valencia, ecologista de bosques de la Pontificia Universidad Cat\u00f3lica del Ecuador que ha estudiado esta regi\u00f3n desde hace d\u00e9cadas. \u201cEn relaci\u00f3n al tema econ\u00f3mico, esa es la regla\u201d.<\/p>\n<p class=\"css-at9mc1 evys1bk0\" style=\"text-align: left;\">Incluso con las mejores pr\u00e1cticas de la industria, el ecosistema ha sufrido.<\/p>\n<p class=\"css-at9mc1 evys1bk0\" style=\"text-align: left;\">En la d\u00e9cada de los noventa, cuando comenz\u00f3 la producci\u00f3n de petr\u00f3leo cerca de esas 25 hect\u00e1reas, los ejecutivos hicieron grandes esfuerzos para proteger a la naturaleza, seg\u00fan afirmaron algunos cient\u00edficos. Procuraron mantener al m\u00ednimo la deforestaci\u00f3n, adem\u00e1s de que contrataron a cient\u00edficos para que estudiaran la biodiversidad local.<\/p>\n<p style=\"text-align: left;\"><img decoding=\"async\" class=\"\" src=\"https:\/\/static01.nyt.com\/images\/2023\/01\/05\/multimedia\/00cli-ecuador-nature-2-5cf3\/00cli-ecuador-nature-2-5cf3-mobileMasterAt3x.jpg?auto=webp&amp;quality=90\" width=\"300\" height=\"300\" \/> <img decoding=\"async\" class=\"\" src=\"https:\/\/static01.nyt.com\/images\/2023\/01\/05\/multimedia\/00cli-ecuador-nature-4-5cf3\/00cli-ecuador-nature-4-5cf3-mobileMasterAt3x.jpg?auto=webp&amp;quality=90\" width=\"300\" height=\"300\" \/><\/p>\n<p class=\"css-at9mc1 evys1bk0\" style=\"text-align: left;\">\u201cSiempre tuvimos la esperanza de que esto sirviera para demostrar que la explotaci\u00f3n petrolera pod\u00eda coexistir con un bosque silvestre y su biota\u201d, relat\u00f3 Robert S. Ridgely, ornit\u00f3logo que lider\u00f3 el estudio sobre aves. \u201cPero, al final, no fue as\u00ed\u201d.<\/p>\n<p class=\"css-at9mc1 evys1bk0\" style=\"text-align: left;\">Los cient\u00edficos se\u00f1alaron que el peor da\u00f1o ambiental no vino de la contaminaci\u00f3n del petr\u00f3leo, sino del camino que abrieron estas empresas. Pese a los controles estrictos, este atrajo a nuevos ecuatorianos ind\u00edgenas a la zona, quienes talaron \u00e1rboles y sembraron cultivos. Los cazadores locales empezaron a matar m\u00e1s animales para venderlos, incluidas las especies amenazadas. La tala ilegal es un gran problema.<\/p>\n<p class=\"css-at9mc1 evys1bk0\" style=\"text-align: left;\">The New York Times se comunic\u00f3 con los autores de los estudios financiados por empresas petroleras. Seis de los siete respondieron y todos ellos expresaron una profunda preocupaci\u00f3n sobre los nuevos proyectos de extracci\u00f3n en el Bloque 43.<\/p>\n<p class=\"css-at9mc1 evys1bk0\" style=\"text-align: left;\">\u201cVa a ser otro completo desastre\u201d, advirti\u00f3 Morley Read, bi\u00f3logo que lider\u00f3 el estudio sobre anfibios y reptiles.<\/p>\n<p class=\"css-at9mc1 evys1bk0\" style=\"text-align: left;\">Tambi\u00e9n hay personas en riesgo. En Yasun\u00ed, un n\u00famero desconocido de hombres, mujeres y ni\u00f1os viven en lo que se conoce como aislamiento voluntario, pues rechazan el contacto con el mundo exterior. Se les denomina los tagaeris y los taromenanes.<\/p>\n<p class=\"css-at9mc1 evys1bk0\" style=\"text-align: left;\">Su reserva y una zona de contenci\u00f3n est\u00e1n fuera de los l\u00edmites para la perforaci\u00f3n, pero las autoridades han discutido la reducci\u00f3n de esa zona de protecci\u00f3n para poder extraer m\u00e1s petr\u00f3leo.<\/p>\n<p class=\"css-at9mc1 evys1bk0\" style=\"text-align: left;\">\u201cAh\u00ed lo puso la naturaleza\u201d, declar\u00f3 Fernando Santos, el ministro de Energ\u00eda, en una entrevista en noviembre. \u201cY de ah\u00ed tenemos que sacarlo, pero con cuidado\u201d.<\/p>\n<h2 id=\"link-5ad5fe73\" class=\"css-xactqe eoo0vm40\" style=\"text-align: left;\">Una naci\u00f3n \u2018dependiente del petr\u00f3leo\u2019<\/h2>\n<p style=\"text-align: left;\"><img decoding=\"async\" src=\"https:\/\/static01.nyt.com\/images\/2023\/01\/05\/multimedia\/14cli-ecuador-ESP-05\/00cli-ecuador-3-ca40-articleLarge.jpg?quality=75&amp;auto=webp&amp;disable=upscale\" alt=\"Two people in the foreground are looking over a large illuminated screen that illustrates different methods of oil drilling. \" \/><\/p>\n<p style=\"text-align: left;\">Ecuador ha exportado petr\u00f3leo de su parte de la Amazon\u00eda durante medio siglo, desde que\u00a0<a class=\"css-yywogo\" title=\"\" href=\"https:\/\/timesmachine.nytimes.com\/timesmachine\/1972\/08\/17\/81977303.html?pageNumber=49\">las empresas estadounidenses lo descubrieron ah\u00ed<\/a>. En 1972, el ej\u00e9rcito desfil\u00f3 con un primer barril simb\u00f3lico por las calles de Quito. \u201cEl pueblo no puede contener su emoci\u00f3n\u201d, dec\u00eda el narrador que describe\u00a0<a class=\"css-yywogo\" title=\"\" href=\"https:\/\/www.facebook.com\/CinematecaDelEcuador\/videos\/229642124950172\/\" target=\"_blank\" rel=\"noopener noreferrer\">las escenas de filmadas ese d\u00eda<\/a>.<\/p>\n<div class=\"css-s99gbd StoryBodyCompanionColumn\" style=\"text-align: left;\">\n<div class=\"css-53u6y8\">\n<p class=\"css-at9mc1 evys1bk0\">En los siguientes 50 a\u00f1os, el producto interno bruto casi se duplic\u00f3, un ritmo algo m\u00e1s veloz que en el resto de Am\u00e9rica Latina. Muchos le atribuyen esto al petr\u00f3leo.<\/p>\n<p class=\"css-at9mc1 evys1bk0\">\u201cHa habido un cambio de un Ecuador muy atrasado a un Ecuador de un progreso no de primer mundo, pero mediano: un gran avance\u201d, manifest\u00f3 Santos el ministro de Energ\u00eda.<\/p>\n<p class=\"css-at9mc1 evys1bk0\">Sin embargo, a medida que ascendieron los ingresos del petr\u00f3leo, los mercados globales le permitieron al gobierno solicitar pr\u00e9stamos m\u00e1s cuantiosos.<\/p>\n<p class=\"css-at9mc1 evys1bk0\">\u201cLo que se ve en Ecuador es que, siempre que hay auges petrol\u00edferos en el pa\u00eds es cuando la deuda p\u00fablica se dispara\u201d, explic\u00f3 Juli\u00e1n P. D\u00edaz, profesor de Econom\u00eda en la Universidad de Loyola Chicago.<\/p>\n<p class=\"css-at9mc1 evys1bk0\">Los economistas afirman que los pa\u00edses pobres pueden ser presas f\u00e1ciles de este tipo de trampas de endeudamiento porque, para empezar, tienen econom\u00edas e infraestructuras menos robustas y suelen pedir pr\u00e9stamos con tasas de inter\u00e9s mucho m\u00e1s elevadas porque se les considera prestatarios m\u00e1s riesgosos.<\/p>\n<p class=\"css-at9mc1 evys1bk0\">\u201cObviamente estamos con una deuda monstruosa\u201d, admiti\u00f3 Santos. Pero, aunque reconoce que el petr\u00f3leo contribuy\u00f3 a crear el problema, tambi\u00e9n considera que el petr\u00f3leo es la soluci\u00f3n. Con un mayor desarrollo minero y de extracci\u00f3n, \u201cel pa\u00eds podr\u00e1 salir de su deuda\u201d, afirm\u00f3.<\/p>\n<p class=\"css-at9mc1 evys1bk0\">No obstante, los beneficios econ\u00f3micos apenas han llegado a las comunidades que desde hace d\u00e9cadas han vivido cerca de desarrollos petroleros. M\u00e1s de\u00a0<a class=\"css-yywogo\" title=\"\" href=\"https:\/\/app.powerbi.com\/view?r=eyJrIjoiYTIzYjE1Y2YtMTA0OS00OGJhLWE1YzMtZTVhYTY1ZGRjMDc3IiwidCI6ImYxNThhMmU4LWNhZWMtNDQwNi1iMGFiLWY1ZTI1OWJkYTExMiJ9\" target=\"_blank\" rel=\"noopener noreferrer\">la mitad de las personas<\/a>\u00a0que viven en la regi\u00f3n amaz\u00f3nica de Ecuador, de donde proviene la gran mayor\u00eda del petr\u00f3leo del pa\u00eds, son pobres.<\/p>\n<\/div>\n<aside class=\"css-ew4tgv\" aria-label=\"companion column\"><\/aside>\n<\/div>\n<div>\n<div id=\"story-ad-6-wrapper\" class=\"css-uajuzz\">\n<div id=\"story-ad-6-slug\" class=\"css-l9onyx\">\n<p class=\"css-at9mc1 evys1bk0\" style=\"text-align: left;\">Ramiro P\u00e1ez Rivera, un ejecutivo que ha trabajado para varias empresas petroleras en la zona, dijo que era tarea del gobierno hacer buen uso de los impuestos que pagan las petroleras.<\/p>\n<p class=\"css-at9mc1 evys1bk0\" style=\"text-align: left;\">\u201cPagamos millones de d\u00f3lares y la gente no tiene agua potable\u201d, se\u00f1al\u00f3.<\/p>\n<p class=\"css-at9mc1 evys1bk0\" style=\"text-align: left;\">El a\u00f1o pasado,<a class=\"css-yywogo\" title=\"\" href=\"https:\/\/www.nytimes.com\/es\/2022\/06\/24\/espanol\/ecuador-protestas.html\">\u00a0miles de ind\u00edgenas ecuatorianos<\/a>\u00a0participaron en un paro de 18 d\u00edas que fren\u00f3 gran parte de las operaciones petrol\u00edferas del pa\u00eds. \u201cNo queremos petr\u00f3leo\u201d, expres\u00f3 Leonidas Iza, presidente de la Confederaci\u00f3n de Nacionalidades Ind\u00edgenas del Ecuador, organizaci\u00f3n que ayud\u00f3 a liderar las protestas.<\/p>\n<p class=\"css-at9mc1 evys1bk0\" style=\"text-align: left;\">Pero si bien los manifestantes exigieron que se detuvieran los planes del presidente de redoblar la producci\u00f3n de petr\u00f3leo, tambi\u00e9n insistieron en que el gobierno redujera los precios de la gasolina, una medida que suele incrementar la demanda de combustibles.<\/p>\n<p class=\"css-at9mc1 evys1bk0\" style=\"text-align: left;\">\u201cHay una cruda realidad: que en estos 50 a\u00f1os volvieron nuestras econom\u00edas dependientes del petr\u00f3leo\u201d, reconoci\u00f3 Iza.<\/p>\n<h2 id=\"link-6ebacbf5\" class=\"css-xactqe eoo0vm40\" style=\"text-align: left;\">\u2018El mundo nos ha fallado\u2019<\/h2>\n<p style=\"text-align: left;\"><img decoding=\"async\" src=\"https:\/\/static01.nyt.com\/images\/2023\/01\/05\/multimedia\/14cli-ecuador-ESP-10\/00cli-ecuador-1-9d43-articleLarge.jpg?quality=75&amp;auto=webp&amp;disable=upscale\" alt=\"Hundreds of brown, dead trees lie in an large bowl-shaped area, in front of a stand of tall green trees. \" \/><\/p>\n<p style=\"text-align: left;\">En 2007, la propuesta de dejar el petr\u00f3leo en el subsuelo fue un intento de trazar un camino distinto. Una figura sorprendente respald\u00f3 la propuesta: el ministro de Energ\u00eda, Alberto Acosta.<\/p>\n<p class=\"css-at9mc1 evys1bk0\" style=\"text-align: left;\">Se trataba del \u201cministro de Petr\u00f3leo proponiendo no extraer petr\u00f3leo\u201d, record\u00f3 Acosta. Cuando era m\u00e1s joven, hab\u00eda aceptado como verdad absoluta el hecho de que el petr\u00f3leo era la clave para sacar a Ecuador de la pobreza. Pero, despu\u00e9s de d\u00e9cadas de producci\u00f3n, los mayores efectos que ve\u00eda eran la contaminaci\u00f3n y la deforestaci\u00f3n.<\/p>\n<p class=\"css-at9mc1 evys1bk0\" style=\"text-align: left;\">As\u00ed que Ecuador le pidi\u00f3 al mundo 3600 millones de d\u00f3lares, la mitad de lo que predec\u00eda que generar\u00eda con la venta del combustible. Al principio, hubo se\u00f1ales positivas. Naciones Unidas accedi\u00f3 a gestionar el fondo. Alemania e Italia se comprometieron a contribuir con recursos.<\/p>\n<p class=\"css-at9mc1 evys1bk0\" style=\"text-align: left;\">Sin embargo, algunos gobiernos no confiaban en el presidente Correa, un populista\u00a0<a class=\"css-yywogo\" title=\"\" href=\"https:\/\/www.nytimes.com\/2008\/12\/13\/world\/americas\/13briefs-PRESIDENTORD_BRF.html\">que hab\u00eda incumplido a prop\u00f3sito el pago de la deuda externa<\/a>. Muchos se quedaron perplejos ante la idea de pagarle a un pa\u00eds para que no hiciera algo. Correa fue acusado de extorsi\u00f3n porque planeaba seguir extrayendo petr\u00f3leo si no llegaban los recursos monetarios.<\/p>\n<p class=\"css-at9mc1 evys1bk0\" style=\"text-align: left;\">Conforme la propuesta de Yasun\u00ed perdi\u00f3 fuerza, China adquiri\u00f3 cada vez m\u00e1s influencia en Ecuador, pues intervino con miles de millones de d\u00f3lares en pr\u00e9stamos, alguno de los cuales se pagar\u00edan en petr\u00f3leo.<\/p>\n<p class=\"css-at9mc1 evys1bk0\" style=\"text-align: left;\">Al final, la propuesta de Yasun\u00ed\u00a0<a class=\"css-yywogo\" title=\"\" href=\"https:\/\/www.nytimes.com\/2013\/08\/17\/business\/energy-environment\/ecuador-drops-plan-to-ban-drilling-in-jungle.html\">solo recaud\u00f3 unos 13 millones de d\u00f3lares<\/a>. \u201cEl mundo nos ha fallado\u201d, le dijo Correa a la naci\u00f3n en agosto de 2013.<\/p>\n<p class=\"css-at9mc1 evys1bk0\" style=\"text-align: left;\">Ahora, Correa vive en B\u00e9lgica y corre el riesgo de ser detenido\u00a0<a class=\"css-yywogo\" title=\"\" href=\"https:\/\/www.nytimes.com\/2020\/04\/07\/world\/americas\/ecuador-correa-corruption-verdict.html\">a causa de una condena por corrupci\u00f3n<\/a>.<\/p>\n<div class=\"css-s99gbd StoryBodyCompanionColumn\">\n<div class=\"css-53u6y8\">\n<h2 id=\"link-615de9e\" class=\"css-xactqe eoo0vm40\" style=\"text-align: left;\">En busca de \u2018otro tipo de econom\u00eda\u2019<\/h2>\n<p style=\"text-align: left;\"><img decoding=\"async\" src=\"https:\/\/static01.nyt.com\/images\/2023\/01\/05\/multimedia\/14cli-ecuador-ESP-11\/00cli-ecuador-1-0249-articleLarge.jpg?quality=75&amp;auto=webp&amp;disable=upscale\" alt=\"A young child with dark eyes and a mop of dark hair is submerged up to the neck in swirling brown water. \" \/><\/p>\n<div class=\"css-s99gbd StoryBodyCompanionColumn\" style=\"text-align: left;\">\n<div class=\"css-53u6y8\">\n<p class=\"css-at9mc1 evys1bk0\">Tras el fracaso del proyecto de Yasun\u00ed, una petrolera estatal que ahora es parte de Petroecuador, empez\u00f3 a tocar las puertas de las comunidades ind\u00edgenas en todo el Bloque 43, ofreciendo dinero, viviendas y proyectos de saneamiento.<\/p>\n<p class=\"css-at9mc1 evys1bk0\">En la actualidad, hay 12 plataformas a lo largo del bosque, conectadas por un camino de grava.<\/p>\n<p class=\"css-at9mc1 evys1bk0\">En cada plataforma, los trabajadores perforan decenas de pozos, torcidos en distintas direcciones para evitar una mayor deforestaci\u00f3n. Cientos de trabajadores se afanan por turnos, las 24 horas del d\u00eda.<\/p>\n<p class=\"css-at9mc1 evys1bk0\">\u201cEstamos en esa campa\u00f1a agresiva dentro de los l\u00edmites de actividad que se pueda hacer ah\u00ed\u201d, dijo Hugo Aguiar, el gerente general de Petroecuador.<\/p>\n<\/div>\n<aside class=\"css-ew4tgv\" aria-label=\"companion column\"><\/aside>\n<\/div>\n<div>\n<div id=\"scrolly-instance-3\" class=\"css-72v2ez scrolly-container\">\n<div class=\"css-138aqwl\">\n<p class=\"css-at9mc1 evys1bk0\" style=\"text-align: left;\">No obstante, no est\u00e1 claro por cu\u00e1nto tiempo valdr\u00e1 la pena seguir invirtiendo en el petr\u00f3leo del Bloque 43. El petr\u00f3leo pesado es menos valioso y emite m\u00e1s di\u00f3xido de carbono que el crudo liviano. M\u00e1s del 90 por ciento de lo que se bombea es agua t\u00f3xica que debe tratarse, y eso encarece las operaciones.<\/p>\n<p class=\"css-at9mc1 evys1bk0\" style=\"text-align: left;\">Se han estudiado muchas alternativas econ\u00f3micas, como<a class=\"css-yywogo\" title=\"\" href=\"https:\/\/www.nytimes.com\/2022\/05\/18\/climate\/offset-carbon-footprint-air-travel.html\">\u00a0proyectos de compensaci\u00f3n de carbono<\/a>\u00a0y el desarrollo de mercados para productos locales como las nueces.<\/p>\n<p class=\"css-at9mc1 evys1bk0\" style=\"text-align: left;\">Sin embargo, el petr\u00f3leo es una de las industrias m\u00e1s lucrativas del mundo. Seg\u00fan los investigadores, para competir con ella, se requieren pol\u00edticas gubernamentales y cooperaci\u00f3n internacional.<\/p>\n<p class=\"css-at9mc1 evys1bk0\" style=\"text-align: left;\">Una de las ideas que est\u00e1 cobrando impulso tiene que ver con los \u201ccanjes de deuda por naturaleza\u201d. Ecuador est\u00e1 considerando un gran acuerdo en los pr\u00f3ximos meses, con lo que lograr\u00eda que los bancos renegocien una parte considerable de su deuda\u00a0<a class=\"css-yywogo\" title=\"\" href=\"https:\/\/www.comunicacion.gob.ec\/ecuador-abre-la-cop26-con-el-anuncio-de-creacion-de-una-nueva-reserva-marina-en-galapagos\/\" target=\"_blank\" rel=\"noopener noreferrer\">a cambio de inversi\u00f3n en una nueva reserva marina<\/a>\u00a0en la costa de las islas Gal\u00e1pagos.<\/p>\n<p class=\"css-at9mc1 evys1bk0\" style=\"text-align: left;\">Es posible que otro pa\u00eds intente iniciar su propia versi\u00f3n de la propuesta de Yasun\u00ed. Las Seychelles, una naci\u00f3n insular en el oc\u00e9ano \u00cdndico que est\u00e1 bajo amenaza por el aumento del nivel del mar, est\u00e1n promoviendo la exploraci\u00f3n de petr\u00f3leo que podr\u00eda aprovecharse como ventaja al momento de pedirles a las naciones ricas que ayuden a financiar proyectos de energ\u00eda renovable.<\/p>\n<p class=\"css-at9mc1 evys1bk0\" style=\"text-align: left;\">La presi\u00f3n contra el petr\u00f3leo se sigue incrementando en Ecuador. Tras a\u00f1os de obst\u00e1culos jur\u00eddicos, un referendo para definir si el gobierno debe dejar las reservas de crudo del Bloque 43 en el subsuelo al fin podr\u00eda someterse a votaci\u00f3n.<\/p>\n<p class=\"css-at9mc1 evys1bk0\" style=\"text-align: left;\">\u201cVamos a acabar con todos los bloques petroleros, vamos a acabar con todos los ecosistemas, pero no vamos a resolver el problema de la econom\u00eda de Ecuador\u201d, sentenci\u00f3 Iza, el l\u00edder ind\u00edgena. \u201cEstamos obligados a pensar en otro tipo de econom\u00eda\u201d.<\/p>\n<p style=\"text-align: left;\"><img decoding=\"async\" src=\"https:\/\/static01.nyt.com\/images\/2023\/01\/05\/multimedia\/14cli-ecuador-ESP-15\/00cli-ecuador-1-6e8b-articleLarge.jpg?quality=75&amp;auto=webp&amp;disable=upscale\" alt=\"A barge carrying fuel tanker trucks on a wide river. On the far shoreline, dense trees rise high. \" \/><\/p>\n<p class=\"css-1xuzukf e1jsehar1\" style=\"text-align: left;\"><em><span class=\"byline-prefix\">Por\u00a0<\/span><span class=\"css-1baulvz\"><a class=\"css-n8ff4n e1jsehar0\" href=\"https:\/\/www.nytimes.com\/by\/catrin-einhorn\">Catrin Einhorn<\/a><\/span>\u00a0y\u00a0<span class=\"css-1baulvz last-byline\"><a class=\"css-n8ff4n e1jsehar0\" href=\"https:\/\/www.nytimes.com\/by\/manuela-andreoni\">Manuela Andreoni<\/a><\/span><\/em><\/p>\n<p class=\"css-1xuzukf e1jsehar1\" style=\"text-align: left;\"><em><span class=\"byline-prefix\">Fotograf\u00edas por <\/span><span class=\"css-1baulvz last-byline\"><a class=\"css-n8ff4n e1jsehar0\" href=\"https:\/\/www.nytimes.com\/by\/erin-schaff\">Erin Schaff<\/a><\/span><\/em><\/p>\n<p style=\"text-align: left;\">Fuente: The New York Times<\/p>\n<\/div>\n<\/div>\n<\/div>\n<\/div>\n<\/div>\n<\/div>\n<\/div>\n<\/div>\n","protected":false},"excerpt":{"rendered":"<p>Una idea novedosa para dejar en el subsuelo las enormes [&hellip;]<\/p>\n","protected":false},"author":1,"featured_media":9237,"comment_status":"open","ping_status":"open","sticky":false,"template":"","format":"standard","meta":{"_siteseo_robots_primary_cat":"","_joinchat":[],"footnotes":""},"categories":[46,87,12],"tags":[],"class_list":["post-9236","post","type-post","status-publish","format-standard","has-post-thumbnail","hentry","category-deuda","category-home-slider","category-justiciaambiental"],"_links":{"self":[{"href":"https:\/\/cdes.org.ec\/webantigua\/wp-json\/wp\/v2\/posts\/9236","targetHints":{"allow":["GET"]}}],"collection":[{"href":"https:\/\/cdes.org.ec\/webantigua\/wp-json\/wp\/v2\/posts"}],"about":[{"href":"https:\/\/cdes.org.ec\/webantigua\/wp-json\/wp\/v2\/types\/post"}],"author":[{"embeddable":true,"href":"https:\/\/cdes.org.ec\/webantigua\/wp-json\/wp\/v2\/users\/1"}],"replies":[{"embeddable":true,"href":"https:\/\/cdes.org.ec\/webantigua\/wp-json\/wp\/v2\/comments?post=9236"}],"version-history":[{"count":5,"href":"https:\/\/cdes.org.ec\/webantigua\/wp-json\/wp\/v2\/posts\/9236\/revisions"}],"predecessor-version":[{"id":9242,"href":"https:\/\/cdes.org.ec\/webantigua\/wp-json\/wp\/v2\/posts\/9236\/revisions\/9242"}],"wp:featuredmedia":[{"embeddable":true,"href":"https:\/\/cdes.org.ec\/webantigua\/wp-json\/wp\/v2\/media\/9237"}],"wp:attachment":[{"href":"https:\/\/cdes.org.ec\/webantigua\/wp-json\/wp\/v2\/media?parent=9236"}],"wp:term":[{"taxonomy":"category","embeddable":true,"href":"https:\/\/cdes.org.ec\/webantigua\/wp-json\/wp\/v2\/categories?post=9236"},{"taxonomy":"post_tag","embeddable":true,"href":"https:\/\/cdes.org.ec\/webantigua\/wp-json\/wp\/v2\/tags?post=9236"}],"curies":[{"name":"wp","href":"https:\/\/api.w.org\/{rel}","templated":true}]}}