{"id":9244,"date":"2023-01-25T16:50:52","date_gmt":"2023-01-25T16:50:52","guid":{"rendered":"https:\/\/cdes.org.ec\/webantigua\/?p=9244"},"modified":"2023-01-25T19:25:26","modified_gmt":"2023-01-25T19:25:26","slug":"estos-son-los-impuestos-que-rigen-solo-hasta-2023","status":"publish","type":"post","link":"https:\/\/cdes.org.ec\/webantigua\/estos-son-los-impuestos-que-rigen-solo-hasta-2023\/","title":{"rendered":"Estos son los impuestos que rigen solo hasta 2023"},"content":{"rendered":"<p><strong>A partir de enero de 2024, el SRI tiene que dejar de cobrar dos impuestos: el que grava a las botellas pl\u00e1sticas y el Impuesto \u00danico al Banano.<\/strong><\/p>\n<p>Los bananeros y algunas empresas del sector de alimentos tendr\u00e1n que <a href=\"https:\/\/www.primicias.ec\/noticias\/economia\/corte-insconstitucionalidad-reforma-tributaria-correista-ecuador\/\">pagar menos impuestos<\/a> en 2024.<\/p>\n<p>Dos impuestos se dejar\u00e1n de cobrar a partir de <strong>enero de 2024<\/strong>:<\/p>\n<ul>\n<li>El <strong>Impuesto<\/strong> Redimible a las <strong>Botellas Pl\u00e1sticas<\/strong>.<\/li>\n<li><strong>Impuesto \u00danico al Banano<\/strong>.<\/li>\n<\/ul>\n<p>Pero, por otro lado, las <strong>personas y empresas<\/strong> que reciban pagos del exterior, <strong>por dividendos<\/strong>, ya no estar\u00e1n exoneradas del <strong>Impuesto a la Salida de Divisas<\/strong> (ISD), explica Yael Fierro, abogada tributaria.<\/p>\n<p>Los tres cambios se dar\u00e1n porque la <a href=\"https:\/\/www.primicias.ec\/noticias\/economia\/impuestos-correa-inconstitucionalidad-ecuador\/\">Ley de Fomento Ambiental<\/a>, que conten\u00eda estas medidas tributarias, fue declarada inconstitucional en enero de 2022.<\/p>\n<p>La <strong>Corte Constitucional<\/strong> dispuso que los impuestos y reformas que contiene la norma est\u00e9n <strong>vigentes<\/strong> solo hasta <strong>diciembre de 2023<\/strong>.<\/p>\n<p>As\u00ed, la Corte dio tiempo al Ejecutivo para que env\u00ede <strong>una reforma<\/strong>. Aunque el Gobierno de Guillermo Lasso ha descartado nuevas leyes tributarias.<br \/>\n<small><br \/>\n<\/small><\/p>\n<h2>Una norma corre\u00edsta<\/h2>\n<p>La Corte dict\u00f3 la <strong>inconstitucionalidad<\/strong> porque, al ser una ley con enfoque ambiental, <strong>no cumpl\u00eda<\/strong> el requisito de <strong>unidad de materia<\/strong> porque tambi\u00e9n hizo cambios, por ejemplo, al sector petrolero.<\/p>\n<p>Otro argumento de la Corte es que la ley, promulgada durante el <strong>gobierno de Rafael Correa <\/strong>en 2011, <strong>no se debati\u00f3 en el Pleno de la Asamblea.<\/strong><\/p>\n<h3>Recaudaci\u00f3n del impuesto a las botellas no retornables<\/h3>\n<h3>En millones de USD<\/h3>\n<p><a href=\"https:\/\/cdes.org.ec\/webantigua\/wp-content\/uploads\/2023\/01\/WhatsApp-Image-2023-01-25-at-11.16.37-AM.jpeg\"><img decoding=\"async\" class=\"alignnone wp-image-9250\" src=\"https:\/\/cdes.org.ec\/webantigua\/wp-content\/uploads\/2023\/01\/WhatsApp-Image-2023-01-25-at-11.16.37-AM-300x262.jpeg\" alt=\"\" width=\"601\" height=\"524\" srcset=\"https:\/\/cdes.org.ec\/webantigua\/wp-content\/uploads\/2023\/01\/WhatsApp-Image-2023-01-25-at-11.16.37-AM-200x175.jpeg 200w, https:\/\/cdes.org.ec\/webantigua\/wp-content\/uploads\/2023\/01\/WhatsApp-Image-2023-01-25-at-11.16.37-AM-300x262.jpeg 300w, https:\/\/cdes.org.ec\/webantigua\/wp-content\/uploads\/2023\/01\/WhatsApp-Image-2023-01-25-at-11.16.37-AM-400x349.jpeg 400w, https:\/\/cdes.org.ec\/webantigua\/wp-content\/uploads\/2023\/01\/WhatsApp-Image-2023-01-25-at-11.16.37-AM-600x524.jpeg 600w, https:\/\/cdes.org.ec\/webantigua\/wp-content\/uploads\/2023\/01\/WhatsApp-Image-2023-01-25-at-11.16.37-AM.jpeg 720w\" sizes=\"(max-width: 601px) 100vw, 601px\" \/><\/a><\/p>\n<h2>M\u00e1s impuestos, m\u00e1s pl\u00e1stico<\/h2>\n<p>El impuesto que grava a las<a href=\"https:\/\/srienlinea.sri.gob.ec\/sri-en-linea\/inicio\/NAT\"> botellas pl\u00e1sticas<\/a> fue creado con la finalidad de reducir <strong>la contaminaci\u00f3n ambiental<\/strong>.<\/p>\n<p>Pero el Servicio de Rentas Internas (SRI) <strong>recaud\u00f3 USD 39,6 millones<\/strong> en 2022, casi el triple de lo recaudado en 2012. Es decir, ha existido cada vez <strong>m\u00e1s uso de botellas de pl\u00e1stico<\/strong>.<\/p>\n<p>La coordinadora general de la Alianza Basura Cero Ecuador, Mar\u00eda Fernanda Sol\u00edz, cree que la decisi\u00f3n de la Corte Constitucional derivar\u00e1 en m\u00e1s desechos pl\u00e1sticos.<\/p>\n<p>Si bien reduce costos y, con ello, el precio para el consumidor, la eliminaci\u00f3n del impuesto <strong>incentivar\u00e1 un mayor consumo de botellas<\/strong>.<\/p>\n<h2>\u00bfY el reciclaje?<\/h2>\n<p>La eliminaci\u00f3n del tributo dejar\u00e1 un <strong>vac\u00edo para los recicladores<\/strong>, explica Javier Bustos, profesor de la Universidad de Especialidades Esp\u00edritu Santo (UEES).<\/p>\n<p>El SRI establec\u00eda que los recicladores reciban una <strong>tarifa m\u00ednima de USD 0,02<\/strong> por cada botella que entreguen a las embotelladoras o plantas recicladoras.<\/p>\n<p>Sol\u00edz a\u00f1ade que en Ecuador casi el 95% de estos desechos termina bajo tierra, no se recicla. La medida reducir\u00e1 m\u00e1s el reciclaje, agrega.<\/p>\n<p>Aunque, todav\u00eda queda un impuesto para <strong>desincentivar el uso de pl\u00e1stico<\/strong>: el Impuesto a los Consumos Especiales (<strong>ICE<\/strong>) que <strong>grava a las fundas pl\u00e1sticas<\/strong>.<\/p>\n<p>La tarifa del tributo para las fundas se <strong>increment\u00f3 en 2023<\/strong>, en funci\u00f3n de la <strong>inflaci\u00f3n<\/strong>. No obstante, el <strong>Gobierno decidi\u00f3 reducir el ICE<\/strong>, que era de USD 0,10 por funda a USD 0,08<\/p>\n<h3><span class=\"block-inner\">Reducci\u00f3n de impuestos en 2023<\/span><\/h3>\n<h3 class=\"block description-block datawrapper-Q8vcL-8dksx8\"><span class=\"block-inner\">Cifras en d\u00f3lares<\/span><\/h3>\n<p><a href=\"https:\/\/cdes.org.ec\/webantigua\/wp-content\/uploads\/2023\/01\/graf2.png\"><img decoding=\"async\" class=\"alignnone wp-image-9253\" src=\"https:\/\/cdes.org.ec\/webantigua\/wp-content\/uploads\/2023\/01\/graf2-300x117.png\" alt=\"\" width=\"600\" height=\"234\" srcset=\"https:\/\/cdes.org.ec\/webantigua\/wp-content\/uploads\/2023\/01\/graf2-200x78.png 200w, https:\/\/cdes.org.ec\/webantigua\/wp-content\/uploads\/2023\/01\/graf2-300x117.png 300w, https:\/\/cdes.org.ec\/webantigua\/wp-content\/uploads\/2023\/01\/graf2-400x156.png 400w, https:\/\/cdes.org.ec\/webantigua\/wp-content\/uploads\/2023\/01\/graf2-600x235.png 600w, https:\/\/cdes.org.ec\/webantigua\/wp-content\/uploads\/2023\/01\/graf2-768x300.png 768w, https:\/\/cdes.org.ec\/webantigua\/wp-content\/uploads\/2023\/01\/graf2-800x313.png 800w, https:\/\/cdes.org.ec\/webantigua\/wp-content\/uploads\/2023\/01\/graf2-1024x400.png 1024w, https:\/\/cdes.org.ec\/webantigua\/wp-content\/uploads\/2023\/01\/graf2.png 1156w\" sizes=\"(max-width: 600px) 100vw, 600px\" \/><\/a><\/p>\n<h2>\u00bfY los bananeros?<\/h2>\n<p>Los <strong>bananeros<\/strong> pagan un <strong>impuesto \u00fanico<\/strong> de hasta 2% sobre las ventas, en lugar del Impuesto a la Renta, que tiene una tarifa del 25%.<\/p>\n<p>Pero no era un tributo justo, dice Leonidas Estrada, presidente del directorio de Corporaci\u00f3n Regional de Bananeros Ecuatorianos Agroban.<\/p>\n<p>Hay productores que, por el <a href=\"https:\/\/www.primicias.ec\/noticias\/economia\/fertilizantes-rusia-ucrania-agricultura-ecuador\/\">encarecimiento de los fertilizantes<\/a>, tuvieron <strong>baja productividad<\/strong> y mayores costos. Por eso <a href=\"https:\/\/www.primicias.ec\/noticias\/economia\/exportadores-precios-mineria-politica-ecuador\/\">no tuvieron ganancias<\/a> en 2022, agrega Estrada.<\/p>\n<p>Con la eliminaci\u00f3n del impuesto, ahora <strong>solo pagar\u00e1n<\/strong> los que tengan <strong>ganancias<\/strong>, a\u00f1ade Richard Salazar, director ejecutivo de la Asociaci\u00f3n de Exportadores de Banano (Acorbanec).<\/p>\n<h3>Evoluci\u00f3n de las exportaciones de banano<\/h3>\n<h3>En millones de USD<\/h3>\n<p><a href=\"https:\/\/cdes.org.ec\/webantigua\/wp-content\/uploads\/2023\/01\/WhatsApp-Image-2023-01-25-at-11.47.03-AM-1.jpeg\"><img decoding=\"async\" class=\"alignnone wp-image-9254\" src=\"https:\/\/cdes.org.ec\/webantigua\/wp-content\/uploads\/2023\/01\/WhatsApp-Image-2023-01-25-at-11.47.03-AM-1-300x275.jpeg\" alt=\"\" width=\"600\" height=\"550\" srcset=\"https:\/\/cdes.org.ec\/webantigua\/wp-content\/uploads\/2023\/01\/WhatsApp-Image-2023-01-25-at-11.47.03-AM-1-200x184.jpeg 200w, https:\/\/cdes.org.ec\/webantigua\/wp-content\/uploads\/2023\/01\/WhatsApp-Image-2023-01-25-at-11.47.03-AM-1-300x275.jpeg 300w, https:\/\/cdes.org.ec\/webantigua\/wp-content\/uploads\/2023\/01\/WhatsApp-Image-2023-01-25-at-11.47.03-AM-1-400x367.jpeg 400w, https:\/\/cdes.org.ec\/webantigua\/wp-content\/uploads\/2023\/01\/WhatsApp-Image-2023-01-25-at-11.47.03-AM-1-600x551.jpeg 600w, https:\/\/cdes.org.ec\/webantigua\/wp-content\/uploads\/2023\/01\/WhatsApp-Image-2023-01-25-at-11.47.03-AM-1.jpeg 720w\" sizes=\"(max-width: 600px) 100vw, 600px\" \/><\/a><\/p>\n<h2>Quedan vac\u00edos legales<\/h2>\n<p>Pero el fin de esta Ley dejar\u00e1 algunos vac\u00edos legales, advierte Fierro.<\/p>\n<p>Uno de ellos es que no existir\u00eda el <strong>Comit\u00e9 de Pol\u00edtica Tributaria<\/strong>, que estable cada a\u00f1o el listado de <strong>materias primas<\/strong> libres de <a href=\"https:\/\/www.primicias.ec\/noticias\/economia\/beneficios-reduccion-isd-ecuador\/\">ISD<\/a> para los importadores.<\/p>\n<p>Adem\u00e1s, el Gobierno deber\u00e1 emitir normativa para establecer o ratificar las f\u00f3rmulas para <strong>cobrar el ICE<\/strong>.<\/p>\n<p>Fuente: Primicias ec<\/p>\n","protected":false},"excerpt":{"rendered":"<p>A partir de enero de 2024, el SRI tiene que [&hellip;]<\/p>\n","protected":false},"author":1,"featured_media":9256,"comment_status":"open","ping_status":"open","sticky":false,"template":"","format":"standard","meta":{"_siteseo_robots_primary_cat":"","_joinchat":[],"footnotes":""},"categories":[87,9],"tags":[],"class_list":["post-9244","post","type-post","status-publish","format-standard","has-post-thumbnail","hentry","category-home-slider","category-justiciafiscal"],"_links":{"self":[{"href":"https:\/\/cdes.org.ec\/webantigua\/wp-json\/wp\/v2\/posts\/9244","targetHints":{"allow":["GET"]}}],"collection":[{"href":"https:\/\/cdes.org.ec\/webantigua\/wp-json\/wp\/v2\/posts"}],"about":[{"href":"https:\/\/cdes.org.ec\/webantigua\/wp-json\/wp\/v2\/types\/post"}],"author":[{"embeddable":true,"href":"https:\/\/cdes.org.ec\/webantigua\/wp-json\/wp\/v2\/users\/1"}],"replies":[{"embeddable":true,"href":"https:\/\/cdes.org.ec\/webantigua\/wp-json\/wp\/v2\/comments?post=9244"}],"version-history":[{"count":6,"href":"https:\/\/cdes.org.ec\/webantigua\/wp-json\/wp\/v2\/posts\/9244\/revisions"}],"predecessor-version":[{"id":9257,"href":"https:\/\/cdes.org.ec\/webantigua\/wp-json\/wp\/v2\/posts\/9244\/revisions\/9257"}],"wp:featuredmedia":[{"embeddable":true,"href":"https:\/\/cdes.org.ec\/webantigua\/wp-json\/wp\/v2\/media\/9256"}],"wp:attachment":[{"href":"https:\/\/cdes.org.ec\/webantigua\/wp-json\/wp\/v2\/media?parent=9244"}],"wp:term":[{"taxonomy":"category","embeddable":true,"href":"https:\/\/cdes.org.ec\/webantigua\/wp-json\/wp\/v2\/categories?post=9244"},{"taxonomy":"post_tag","embeddable":true,"href":"https:\/\/cdes.org.ec\/webantigua\/wp-json\/wp\/v2\/tags?post=9244"}],"curies":[{"name":"wp","href":"https:\/\/api.w.org\/{rel}","templated":true}]}}