{"id":9283,"date":"2023-03-16T22:54:33","date_gmt":"2023-03-16T22:54:33","guid":{"rendered":"https:\/\/cdes.org.ec\/webantigua\/?p=9283"},"modified":"2023-03-16T22:54:33","modified_gmt":"2023-03-16T22:54:33","slug":"como-afecta-a-las-mujeres-el-endeudamiento-del-ecuador-con-el-fmi-entrevista-a-andrea-guillem-en-wambra-medio-comunitario","status":"publish","type":"post","link":"https:\/\/cdes.org.ec\/webantigua\/como-afecta-a-las-mujeres-el-endeudamiento-del-ecuador-con-el-fmi-entrevista-a-andrea-guillem-en-wambra-medio-comunitario\/","title":{"rendered":"\u00bfC\u00f3mo afecta a las mujeres el endeudamiento del Ecuador con el FMI? ENTREVISTA A ANDREA GUILLEM EN WAMBRA MEDIO COMUNITARIO"},"content":{"rendered":"<p>&nbsp;<\/p>\n<p><em>Publicado el 08 de marzo de 2023<\/em><\/p>\n<p>El Centro de Derechos Econ\u00f3micos y Sociales public\u00f3 el informe:\u00a0<a class=\"fancybox-pdf\" href=\"https:\/\/cdes.org.ec\/webantigua\/wp-content\/uploads\/2023\/03\/Resultados-del-endeudamiento-con-el-FMI-sobre-los-cuerpos-de-las-mujeres-en-Ecuador.pdf\" aria-controls=\"fancybox-wrap\" aria-haspopup=\"dialog\">Resultado del\u00a0Endeudamiento\u00a0con el FMI sobre los cuerpos de las Mujeres en Ecuador<\/a>. El informe explora la naturaleza de g\u00e9nero de la austeridad; es decir, pol\u00edticas econ\u00f3micas basadas en la reducci\u00f3n del gasto p\u00fablico y c\u00f3mo las mujeres y ni\u00f1as se ven afectadas de forma negativa por las medidas de consolidaci\u00f3n fiscal.<\/p>\n<p>Andrea Guillem, investigadora en g\u00e9nero y derechos econ\u00f3micos y una de las autoras de la investigaci\u00f3n, nos habla sobre este tema.<\/p>\n<p>***<\/p>\n<p>El ex presidente Len\u00edn Moreno, en marzo de 2019,\u00a0<a href=\"https:\/\/wambra.ec\/el-camino-para-ampliar-la-brecha-lenin-lasso-fmi\/\">pact\u00f3 un pr\u00e9stamo de 4.200 millones de d\u00f3lares<\/a>\u00a0con el Fondo Monetario Internacional. Previo a eso, aprob\u00f3 la Ley de fomento productivo, la cual modific\u00f3 la distribuci\u00f3n de la renta petrolera en perjuicio del Estado, aument\u00f3 las exenciones impositivas y condon\u00f3 el pago de deudas por impuestos, en un monto de alrededor de 4.600 millones de d\u00f3lares. El 78% de esta condonaci\u00f3n de deuda favoreci\u00f3 a 203 grupos econ\u00f3micos.<\/p>\n<p>Tras el acuerdo firmado y las reformas en materia tributaria, laboral y econ\u00f3mica, el 02 de octubre de 2019, inici\u00f3 un estallido social que ped\u00eda la eliminaci\u00f3n del Decreto 883 que permiti\u00f3 la liberaci\u00f3n del precio de los combustibles. Las protestas dejaron como resultado 1.340 heridos, decenas de personas que perdieron sus ojos y once muertos.<\/p>\n<p>Para septiembre de 2020, nuevamente el gobierno del ex presidente Len\u00edn Moreno firm\u00f3 otro acuerdo con el FMI por 6.500 millones de d\u00f3lares que ser\u00edan desembolsados hasta el 2022. El mandato del ex presidente Moreno termin\u00f3 en mayo de 2021 y para septiembre del mismo a\u00f1o, el presidente Guillermo Lasso acord\u00f3 un desembolso de 2.500 millones de d\u00f3lares por parte del Fondo Monetario Internacional, para octubre se desembols\u00f3 802 millones y en marzo de 2022, el FMI examinaba por cuarta vez, la continuidad de su programa crediticio en el pa\u00eds.<\/p>\n<p>Andrea Guillem, investigadora en g\u00e9nero y derechos econ\u00f3micos y una de las autoras del el informe:\u00a0<a class=\"fancybox-pdf\" href=\"https:\/\/cdes.org.ec\/webantigua\/wp-content\/uploads\/2023\/03\/Resultados-del-endeudamiento-con-el-FMI-sobre-los-cuerpos-de-las-mujeres-en-Ecuador.pdf\" aria-controls=\"fancybox-wrap\" aria-haspopup=\"dialog\">Resultado del Endeudamiento con el FMI sobre los cuerpos de las Mujeres en Ecuador<\/a>, menciona que a simple vista pareciera que no hay una relaci\u00f3n directa entre la macroeconom\u00eda, los acuerdos bilaterales que asumen los Estados, con los cuerpos de las mujeres m\u00e1s vulnerables. Pero, para Guillem, s\u00ed existe una relaci\u00f3n que une a los cuerpos de las mujeres con el pago de la deuda externa. El informe elaborado analiza desde diferentes canales lo que sucede en Ecuador y la deuda del FMI, adem\u00e1s del impacto en la vida de las mujeres.<\/p>\n<p>Uno de estos primeros efectos es el aumento en el tiempo de trabajo. Al ver el Estado reducido y el poco acceso a derechos como la educaci\u00f3n y la salud, por la austeridad como consecuencia del endeudamiento del pa\u00eds con el FMI, son mujeres quienes asumen esas tareas, lo que implica triplicar sus jornadas de trabajo y de cuidado, lo cual se vio reflejado durante la pandemia por covid-19 y la etapa post covid.<\/p>\n<p>Por otro lado, las mujeres y las ni\u00f1as se ven privadas al acceso a derechos sexuales y reproductivos pues como principales beneficiarias del sistema p\u00fablico, ven no solo el deterioro de la infraestructura, sino tambi\u00e9n la falta de personal, las condiciones indignas para la atenci\u00f3n, as\u00ed como la precarizaci\u00f3n del personal.<\/p>\n<p>Sumado a que en 2019, 3.680 trabajadores y trabajadoras de la salud p\u00fablica, donde se inclu\u00edan m\u00e9dicos, enfermeras, auxiliares, camilleros y trabajadores sociales fueron despedidos. En 2020, los despidos continuaron, lo cual afect\u00f3 tambi\u00e9n a las mujeres no solo por falta de personal en los centros de salud y hospitales, sino porque el 60% de trabajadoras del sector salud, son mujeres y el 85% ejercen la enfermer\u00eda.<\/p>\n<p>En cuanto al acceso a salud sexual y reproductiva: \u201cSon las mujeres las principales afectadas en mortalidad materna, crecimiento de embarazo infantil y adolescente porque no hay recursos para atenderlas\u201d, agrega Guillem.<\/p>\n<p>Seg\u00fan datos del INEC, recogidos en el informe:\u00a0<a class=\"fancybox-pdf\" href=\"https:\/\/cdes.org.ec\/webantigua\/wp-content\/uploads\/2023\/03\/Resultados-del-endeudamiento-con-el-FMI-sobre-los-cuerpos-de-las-mujeres-en-Ecuador.pdf\" aria-controls=\"fancybox-wrap\" aria-haspopup=\"dialog\">Resultado del Endeudamiento con el FMI sobre los cuerpos de las Mujeres en Ecuador<\/a>, en 2019, se report\u00f3 37 muertes por cada 100.000 mujeres; mientras que, en 2020, el n\u00famero aument\u00f3 a 57.6 muertes. En relaci\u00f3n al embarazo en adolescente y ni\u00f1as, en 2020, se registraron 44891 nacimientos vivos.<\/p>\n<p>Durante la pandemia por la covid-19 en 22 provincias del pa\u00eds, el 38% de adolescentes entre 15 y 17 a\u00f1os, tuvo dificultades para acceder a servicios de salud sexual y reproductiva y el 90% no pudo acceder a m\u00e9todos anticonceptivos, incluyendo la pastilla de emergencia, seg\u00fan un informe levantado por la organizaci\u00f3n feminista\u00a0<a class=\"fancybox-pdf\" href=\"https:\/\/surkuna.org\/wp-content\/uploads\/2021\/03\/Dossier-de-prensa-Resultados-Monitoreo-de-Servicios-de-Salud-Sexual-y-Salud-Reproductiva.pdf\" aria-controls=\"fancybox-wrap\" aria-haspopup=\"dialog\">Surkuna<\/a>.<\/p>\n<p>Para la investigadora Andrea Guillem, son estas mujeres las que est\u00e1n poniendo el cuerpo a la precarizaci\u00f3n, pero tambi\u00e9n quienes est\u00e1n en primera l\u00ednea atendiendo a otras vidas. Por lo tanto, \u201clas mujeres como beneficiarias y trabajadoras del sistema de salud tambi\u00e9n son afectadas por el endeudamiento y la austeridad\u201d.<\/p>\n<p>Otro de los puntos que destaca la investigadora sobre la afectaci\u00f3n que tienen las mujeres y ni\u00f1as por el endeudamiento del Ecuador con el FMI, es el tiempo de trabajo futuro. Las mujeres, no pueden costear la vida que cada d\u00eda se encarece m\u00e1s. Tampoco pueden\u00a0 acceder a derechos porque lo que deben pagar por la educaci\u00f3n de sus hijos e hijas, por la salud, deben contraer deudas y con eso, comprometen su trabajo futuro. \u201cNo solo se precariza el trabajo presente, entran en un circuito de endeudamiento muy extorsivo que pone en peligro sus vidas y las de sus familias\u201d.<\/p>\n<p>Para Guillem, el no pago de los trabajos de cuidado a las mujeres es una deuda que tiene el Estado con ellas, pues en vez de reconocer este trabajo, el Estado guarda reservas de dinero que deber\u00edan ir a la redistribuci\u00f3n social; sin embargo, contrario de eso, esas reservas son enviadas fuera del pa\u00eds, lo que genera grandes brechas de desigualdad y precariza m\u00e1s la vida de las mujeres.<\/p>\n<p>Por ello, una de las recomendaciones que da este informe es que el Ecuador reestructure la deuda externa, a fin de que los recursos financieros p\u00fablicos se dirijan a las necesidades del pueblo ecuatoriano, en lugar de pagar y garantizar la deuda externa. \u201cAlternativas a la austeridad\u00a0 existen, si se ordenan las prioridades nacionales\u201d, asegura Guillem.<\/p>\n<h3><b>Una utilizaci\u00f3n de la lucha feminista<\/b><\/h3>\n<p>El Palacio de Carondelet fue iluminado con luces de color morado el martes en la noche, a prop\u00f3sito del 8 de marzo. En cadena nacional, el presidente Guillermo Lasso se\u00f1al\u00f3 que su gobierno ha realizado algunas acciones para mostrar que legisla en favor de las mujeres; entre esta pol\u00edticas, habl\u00f3 de la creaci\u00f3n del\u00a0 Ministerio de la Mujer<\/p>\n<p>Sin embargo, para Andrea Guillem, el alumbrar el Palacio o cambiar el nombre al ministerio de derechos humanos por el Ministerio de la Mujer, son situaciones que no han sido suficientes porque al par, se dan recortes al gasto p\u00fablico y hay una falta de presupuesto para la prevenci\u00f3n y erradicaci\u00f3n de la violencia.<\/p>\n<p>Para la investigadora, se ha privado a las ni\u00f1as, mujeres y adolescentes del acceso a un aborto libre y seguro, al vetar la ley que garantiza la interrupci\u00f3n del embarazo en casos de violaci\u00f3n, entre otras cuestiones, que las organizaciones de mujeres, feministas y disidencias han reclamado constantemente.<\/p>\n<p>Seg\u00fan Guillem, los gobiernos neoliberales usan las exigencias y las luchas de las mujeres, feministas y disidencias para poder \u201cmaquillar su rostro\u201d y hablar de g\u00e9nero como la hace el FMI, usando esas demandas e historias para institucionalizarse de forma internacional, pero no est\u00e1n dispuestos a debatir o cuestionar las pol\u00edticas de austeridad ni modificar los problemas estructurales que golpean a las mujeres. Algo que no pasa solo por \u201chacer peque\u00f1as reformas, cambios institucionales. Es la estructura econ\u00f3mica, capitalista, colonial y patriarcal lo que se debe debatir\u201d, asegura.<\/p>\n<p>Para la investigadora en g\u00e9nero y derechos econ\u00f3micos, el fortalecimiento de la lucha feminista es importante, a pesar de que los feminismos est\u00e1n muy dispersos porque deben activarse en distintos territorios frente a problemas como en la crisis carcelaria, la criminalizaci\u00f3n a mujeres comerciantes aut\u00f3nomas o haciendo pol\u00edtica p\u00fablica. Es fundamental, dice Guillem, unirse por puntos transversales que atraviesan a todas las mujeres, como es la condici\u00f3n de clase, la racializaci\u00f3n y la vulneraci\u00f3n por la migraci\u00f3n, la discapacidad para ser una sola fuerza movilizadora que ponga en jaque a los gobiernos.<\/p>\n<p>&nbsp;<\/p>\n<pre>Por: Mishell Mantuano\u00a0<a href=\"https:\/\/twitter.com\/MishellMantuan2\">@MishellMantuan2<\/a>\r\n\r\nFuente: Wambra Medio Comunitario<\/pre>\n","protected":false},"excerpt":{"rendered":"<p>&nbsp; Publicado el 08 de marzo de 2023 El Centro [&hellip;]<\/p>\n","protected":false},"author":1,"featured_media":9284,"comment_status":"open","ping_status":"open","sticky":false,"template":"","format":"standard","meta":{"_siteseo_robots_primary_cat":"","_joinchat":[],"footnotes":""},"categories":[46,16],"tags":[],"class_list":["post-9283","post","type-post","status-publish","format-standard","has-post-thumbnail","hentry","category-deuda","category-mujeres-indigenas"],"_links":{"self":[{"href":"https:\/\/cdes.org.ec\/webantigua\/wp-json\/wp\/v2\/posts\/9283","targetHints":{"allow":["GET"]}}],"collection":[{"href":"https:\/\/cdes.org.ec\/webantigua\/wp-json\/wp\/v2\/posts"}],"about":[{"href":"https:\/\/cdes.org.ec\/webantigua\/wp-json\/wp\/v2\/types\/post"}],"author":[{"embeddable":true,"href":"https:\/\/cdes.org.ec\/webantigua\/wp-json\/wp\/v2\/users\/1"}],"replies":[{"embeddable":true,"href":"https:\/\/cdes.org.ec\/webantigua\/wp-json\/wp\/v2\/comments?post=9283"}],"version-history":[{"count":3,"href":"https:\/\/cdes.org.ec\/webantigua\/wp-json\/wp\/v2\/posts\/9283\/revisions"}],"predecessor-version":[{"id":9633,"href":"https:\/\/cdes.org.ec\/webantigua\/wp-json\/wp\/v2\/posts\/9283\/revisions\/9633"}],"wp:featuredmedia":[{"embeddable":true,"href":"https:\/\/cdes.org.ec\/webantigua\/wp-json\/wp\/v2\/media\/9284"}],"wp:attachment":[{"href":"https:\/\/cdes.org.ec\/webantigua\/wp-json\/wp\/v2\/media?parent=9283"}],"wp:term":[{"taxonomy":"category","embeddable":true,"href":"https:\/\/cdes.org.ec\/webantigua\/wp-json\/wp\/v2\/categories?post=9283"},{"taxonomy":"post_tag","embeddable":true,"href":"https:\/\/cdes.org.ec\/webantigua\/wp-json\/wp\/v2\/tags?post=9283"}],"curies":[{"name":"wp","href":"https:\/\/api.w.org\/{rel}","templated":true}]}}